{"id":5440,"date":"2026-01-06T11:31:15","date_gmt":"2026-01-06T08:31:15","guid":{"rendered":"https:\/\/zeleka.com\/?p=5440"},"modified":"2026-01-06T11:31:15","modified_gmt":"2026-01-06T08:31:15","slug":"uzungol-2026-yilinin-ilk-acisini-yasayan-cinari-ile-yasadi-uzungol-muhtarlarindan-ve-uzungolun-tarihi-cinarlarindan-ismail-incidavutoglu-istanbulda-yasa","status":"publish","type":"post","link":"https:\/\/zeleka.com\/?p=5440","title":{"rendered":"<div id=\"detaymetin\">                            <p>Uzung\u00f6l 2026 Y\u0131l\u0131n\u0131n ilk ac\u0131s\u0131n\u0131 Ya\u015fayan \u00c7\u0131nar\u0131 ile ya\u015fad\u0131.<\/p><p>Uzung\u00f6l Muhtarlar\u0131ndan ve Uzung\u00f6l\u2019\u00fcn Tarihi \u00c7\u0131narlar\u0131ndan \u0130smail \u0130NC\u0130(Davuto\u011flu) \u0130stanbul\u2019da ya\u015fama veda etti.<\/p><p>Bir s\u00fcreden bu yana\u00a0"},"content":{"rendered":"<div id=\"detaymetin\">\n<p>Uzung\u00f6l 2026 Y\u0131l\u0131n\u0131n ilk ac\u0131s\u0131n\u0131 Ya\u015fayan \u00c7\u0131nar\u0131 ile ya\u015fad\u0131.<\/p>\n<p>Uzung\u00f6l Muhtarlar\u0131ndan ve Uzung\u00f6l\u2019\u00fcn Tarihi \u00c7\u0131narlar\u0131ndan \u0130smail \u0130NC\u0130(Davuto\u011flu) \u0130stanbul\u2019da ya\u015fama veda etti.<\/p>\n<p>Bir s\u00fcreden bu yana\u00a0\u00e7e\u015fitli rahats\u0131zl\u0131klar\u0131 sebebi ile hastanede ya\u015fam m\u00fccadelesi veren \u0130smail \u0130NC\u0130 tedavi g\u00f6rd\u00fc\u011f\u00fc hastanede ya\u015fam sava\u015f\u0131n\u0131 kaybetti.<\/p>\n<p>Yakla\u015f\u0131k 6 ay \u00f6nce hayat Arkada\u015f\u0131 \u015ei\u015fe \u0130NC\u0130(Pempega)\u2019y\u0131 kaybetmenin ac\u0131s\u0131n\u0131 ya\u015fayan Merhum \u0130smail \u0130nci e\u015finin ac\u0131s\u0131na ancak 6 ay dayanabildi ve e\u015finin arkas\u0131ndan ya\u015fama veda etti.<\/p>\n<p>Sosyal olaylardaki duyarl\u0131l\u0131\u011f\u0131,\u015fakalar\u0131,espirileri ve bulundu\u011fu her ortama katm\u0131\u015f oldu\u011fu pozitif enerjisi ile toplum taraf\u0131ndan \u00e7ok sevilen Merhum \u0130smail \u0130nci\u2019nin ani vefat haberi Uzung\u00f6l\u2019\u00fc g\u00f6z ya\u015flar\u0131na bo\u011fdu.<\/p>\n<p>Merhum Hac\u0131 \u0130smail \u0130nci \u0130zmit\u2019te \u0130kamet Eden Yusuf,Trabzon\u2019da \u00a0\u0130kamet eden Dursun Ali,Yunanistan\u2019da i\u015fkamet eden Recep ve \u0130stanbul\u2019da ikamet eden Davut \u0130nci\u2019nin babalar\u0131yd\u0131.<\/p>\n<p>Merhum Hac\u0131 \u0130smail \u0130nci, 5 Ocak 2026 Pazartesi g\u00fcn\u00fc ( Bug\u00fcn ) \u0130kindi namaz\u0131n\u0131 m\u00fcteakip \u0130zmit T\u00fct\u00fcn\u00e7iftlik G\u00fcney Mahallesi T\u00fcrpa\u015f Camiinde k\u0131l\u0131nacakt\u0131r.<\/p>\n<p>\u00c7aykara G\u00fcndem Gazetesi olarak Merhum Hac\u0131 \u0130smail \u0130nci\u2019ye Allah\u2019tan rahmet,kederli ailesine ba\u015f sa\u011fl\u0131\u011f\u0131 dileklerimizi iletiyoruz.<\/p>\n<p>ED\u0130T\u00d6R\u00dcN NOTU<\/p>\n<p>Seneye 60 ya\u015f\u0131nda olaca\u011f\u0131m.60 Senelik Kocaman \u00f6mr\u00fcmde d\u00fcnyaya ilk g\u00f6zlerimi a\u00e7t\u0131\u011f\u0131m g\u00fcnden itibaren<\/p>\n<p>Hep onlarla birlikte ya\u015fad\u0131m.<\/p>\n<p>Pempega ve \u0130smail Amca<\/p>\n<p>\u0130lk oyunumuzu onlar\u0131n evinin bah\u00e7esinde oynad\u0131k.<\/p>\n<p>\u00c7\u00fcnk\u00fc mahallede ba\u015fka oyun oynayaca\u011f\u0131m\u0131z yer yoktu.<\/p>\n<p>\u0130lk televizyonumuzu onlar\u0131n evindeki siyah beyaz televizyonda izledik.\u00c7\u00fcnk\u00fc Mahallede ba\u015fka televizyon yoktu.<\/p>\n<p>Sevgili Recep ve Dursun Ali ile bir \u00f6m\u00fcr boyu s\u00fcrecek olan kal\u0131c\u0131 birt dostlu\u011fun temellerini hep orada att\u0131k<\/p>\n<p>Yusuf Abim bizden b\u00fcy\u00fckt\u00fc ama o da \u00f6mr\u00fc boyunca beni kendi \u00f6z karde\u015flerinden hi\u00e7 \u00a0Bir zaman ay\u0131rmad\u0131<\/p>\n<p>Pempega Halam\u00a0<\/p>\n<p>\u00c7ocuklu\u011fumuz boyunca hep karn\u0131m\u0131z\u0131 doyurdu.Bizlere kendi \u00f6z \u00e7ocuklar\u0131 gibi davrand\u0131<\/p>\n<p>Sadece evde de\u011fil yaylada da kap\u0131 kom\u015fu olduk<\/p>\n<p>Kom\u015fuluk ve karde\u015flik\u00a0yaylada da aynen devam etti<\/p>\n<p>Merhum \u0130smail Amca ve Pempega<\/p>\n<p>60 Senelik \u00f6mr\u00fcm boyunca<\/p>\n<p>\u00d6m\u00fcrleri boyunca hi\u00e7bir zaman<\/p>\n<p>Ne beni ne etraf\u0131mdakileri\u00a0<\/p>\n<p>Bir kere bile olsa<\/p>\n<p>Asla k\u0131rmad\u0131lar<\/p>\n<p>Asla incitmediler<\/p>\n<p>Kendi \u00e7ocuklar\u0131ndan<\/p>\n<p>Asla ay\u0131rmad\u0131lar<\/p>\n<p>Sonra b\u00fcy\u00fcd\u00fck<\/p>\n<p>Elimize bir mikrofon tutu\u015fturdu Uzung\u00f6l<\/p>\n<p>35 Seneden bu yana<\/p>\n<p>Uzung\u00f6l\u2019\u00fcn her d\u00fc\u011f\u00fcn\u00fcn\u00fc ben sunuyorum<\/p>\n<p>Rahmetli Pempega Halam<\/p>\n<p>Mutlaka her d\u00fc\u011f\u00fcn t\u00f6renine i\u015ftirak etmi\u015f<\/p>\n<p>Ba\u015f k\u00f6\u015feye oturmu\u015f<\/p>\n<p>Ve gururla arkas\u0131na yaslanarak<\/p>\n<p>O g\u00fclen y\u00fcz\u00fc ile<\/p>\n<p>Beni izlemi\u015ftir.<\/p>\n<p>Bu \u00e7ocu\u011fu topluma biz yeti\u015ftirdik duygusunun gururunu ya\u015fam\u0131\u015ft\u0131r<\/p>\n<p>Ve merhum \u0130smail Amcam<\/p>\n<p>Kar\u015f\u0131la\u015ft\u0131\u011f\u0131m\u0131z her ortamda<\/p>\n<p>Beni ve arkada\u015flar\u0131m\u0131 \u00a0sevgi ve \u015fefkatle kucaklam\u0131\u015ft\u0131r.<\/p>\n<p>Bu g\u00fcn<\/p>\n<p>Hem okuldaki yo\u011funlu\u011fum<\/p>\n<p>Hem de cenaze haberini ge\u00e7 alm\u0131\u015f olmam ve yeti\u015femem sebebi ile<\/p>\n<p>Son yolculu\u011funda<\/p>\n<p>Yan\u0131nda olamayaca\u011f\u0131m Sevgili \u0130smail Amca<\/p>\n<p>Rabbim o p\u0131rlanta gibi tertemiz y\u00fcre\u011fini,<\/p>\n<p>Cenneti ile m\u00fckafatland\u0131rs\u0131n in\u015fallah<\/p>\n<p>Bizler kom\u015fular\u0131n ve topluma yeti\u015ftirmi\u015f oldu\u011fun evlatlar\u0131n olarak<\/p>\n<p>Senden binlerce kere raz\u0131y\u0131z<\/p>\n<p>Rabbim de senden Raz\u0131 olsun<\/p>\n<p>Yeni Yolculu\u011funda<\/p>\n<p>RABB\u0130M Yar ve Yard\u0131mc\u0131n olsun in\u015fallah<\/p>\n<p>\u0130LET\u0130\u015e\u0130M<\/p>\n<p>O\u011fullar\u0131 :\u00a0<\/p>\n<p>Yusuf \u0130nci<\/p>\n<p>\u00a005368839165<\/p>\n<p>Dursun Ali\u00a0 \u0130nci<\/p>\n<p>\u00a005340888595<\/p>\n<p>Davut \u0130nci<\/p>\n<p>\u00a005335227164<\/p>\n<p>Recep \u0130nci<\/p>\n<p>\u00a0+306947283979<\/p>\n<p>Damatlar\u0131<\/p>\n<p>Ya\u015far \u0130nci<\/p>\n<p>\u00a005057912401<\/p>\n<p>Recep \u0130nci<\/p>\n<p>\u00a005383136654<\/p>\n<p>\u015eeref Ko\u00e7<\/p>\n<p>\u00a005324014061<\/p>\n<p>          <\/div>\n","protected":false},"excerpt":{"rendered":"<p>Uzung\u00f6l 2026 Y\u0131l\u0131n\u0131n ilk ac\u0131s\u0131n\u0131 Ya\u015fayan \u00c7\u0131nar\u0131 ile ya\u015fad\u0131. Uzung\u00f6l Muhtarlar\u0131ndan ve Uzung\u00f6l\u2019\u00fcn Tarihi \u00c7\u0131narlar\u0131ndan \u0130smail \u0130NC\u0130(Davuto\u011flu) \u0130stanbul\u2019da ya\u015fama veda etti. Bir s\u00fcreden bu yana\u00a0\u00e7e\u015fitli rahats\u0131zl\u0131klar\u0131 sebebi ile hastanede ya\u015fam m\u00fccadelesi veren \u0130smail \u0130NC\u0130 tedavi g\u00f6rd\u00fc\u011f\u00fc hastanede ya\u015fam sava\u015f\u0131n\u0131 kaybetti. Yakla\u015f\u0131k 6 ay \u00f6nce hayat Arkada\u015f\u0131 \u015ei\u015fe \u0130NC\u0130(Pempega)\u2019y\u0131 kaybetmenin ac\u0131s\u0131n\u0131 ya\u015fayan Merhum \u0130smail \u0130nci e\u015finin [&hellip;]<\/p>\n","protected":false},"author":1,"featured_media":5441,"comment_status":"open","ping_status":"open","sticky":false,"template":"","format":"standard","meta":{"tdm_status":"","tdm_grid_status":"","footnotes":""},"categories":[40],"tags":[],"class_list":{"0":"post-5440","1":"post","2":"type-post","3":"status-publish","4":"format-standard","5":"has-post-thumbnail","7":"category-caykara"},"_links":{"self":[{"href":"https:\/\/zeleka.com\/index.php?rest_route=\/wp\/v2\/posts\/5440","targetHints":{"allow":["GET"]}}],"collection":[{"href":"https:\/\/zeleka.com\/index.php?rest_route=\/wp\/v2\/posts"}],"about":[{"href":"https:\/\/zeleka.com\/index.php?rest_route=\/wp\/v2\/types\/post"}],"author":[{"embeddable":true,"href":"https:\/\/zeleka.com\/index.php?rest_route=\/wp\/v2\/users\/1"}],"replies":[{"embeddable":true,"href":"https:\/\/zeleka.com\/index.php?rest_route=%2Fwp%2Fv2%2Fcomments&post=5440"}],"version-history":[{"count":0,"href":"https:\/\/zeleka.com\/index.php?rest_route=\/wp\/v2\/posts\/5440\/revisions"}],"wp:featuredmedia":[{"embeddable":true,"href":"https:\/\/zeleka.com\/index.php?rest_route=\/wp\/v2\/media\/5441"}],"wp:attachment":[{"href":"https:\/\/zeleka.com\/index.php?rest_route=%2Fwp%2Fv2%2Fmedia&parent=5440"}],"wp:term":[{"taxonomy":"category","embeddable":true,"href":"https:\/\/zeleka.com\/index.php?rest_route=%2Fwp%2Fv2%2Fcategories&post=5440"},{"taxonomy":"post_tag","embeddable":true,"href":"https:\/\/zeleka.com\/index.php?rest_route=%2Fwp%2Fv2%2Ftags&post=5440"}],"curies":[{"name":"wp","href":"https:\/\/api.w.org\/{rel}","templated":true}]}}