{"id":5438,"date":"2026-01-04T10:31:11","date_gmt":"2026-01-04T07:31:11","guid":{"rendered":"https:\/\/zeleka.com\/?p=5438"},"modified":"2026-01-04T10:31:11","modified_gmt":"2026-01-04T07:31:11","slug":"caykarali-is-insani-trabzon-ortahisar-anahtar-parti-ilce-baskani-murat-akyuze-hayirli-olsun-ziyaretitrabzon-ortahisar-anahtar-parti-ilce-baskanligi-gorevi","status":"publish","type":"post","link":"https:\/\/zeleka.com\/?p=5438","title":{"rendered":"<div id=\"detaymetin\">                            <p>\u00c7aykara\u2019l\u0131 \u0130\u015f \u0130nsan\u0131 Trabzon Ortahisar Anahtar Parti \u0130l\u00e7e Ba\u015fkan\u0131 Murat Aky\u00fcz\u2019e Hay\u0131rl\u0131 Olsun Ziyareti<br>Trabzon Ortahisar Anahtar Parti \u0130l\u00e7e Ba\u015fkanl\u0131\u011f\u0131 g\u00f6revine atanan i\u015f insan\u0131 Say\u0131n Murat Aky\u00fcz, Mill"},"content":{"rendered":"<div id=\"detaymetin\">\n<p>\u00c7aykara\u2019l\u0131 \u0130\u015f \u0130nsan\u0131 Trabzon Ortahisar Anahtar Parti \u0130l\u00e7e Ba\u015fkan\u0131 Murat Aky\u00fcz\u2019e Hay\u0131rl\u0131 Olsun Ziyareti<br \/>Trabzon Ortahisar Anahtar Parti \u0130l\u00e7e Ba\u015fkanl\u0131\u011f\u0131 g\u00f6revine atanan i\u015f insan\u0131 Say\u0131n Murat Aky\u00fcz, Millet Partisi \u00c7aykara \u0130l\u00e7e Ba\u015fkan\u0131 Say\u0131n Ali R\u0131za Alt\u0131nsoy taraf\u0131ndan 02 Ocak 2026 tarihinde ziyaret edildi.<br \/>Yakla\u015f\u0131k bir hafta \u00f6nce g\u00f6reve ba\u015flayan Murat Aky\u00fcz\u2019e hay\u0131rl\u0131 olsun dileklerini ileten Ali R\u0131za Alt\u0131nsoy, ziyarette yeni d\u00f6neme ili\u015fkin siyasi \u00e7al\u0131\u015fmalar hakk\u0131nda bilgi ald\u0131. Samimi ve s\u0131cak bir ortamda ger\u00e7ekle\u015fen g\u00f6r\u00fc\u015fmede, kar\u015f\u0131l\u0131kl\u0131 fikir al\u0131\u015fveri\u015finde bulunuldu.<br \/>\u0130\u015f d\u00fcnyas\u0131ndaki \u00e7al\u0131\u015fkanl\u0131\u011f\u0131, \u00e7evresinde sevilen ve sayg\u0131 duyulan ki\u015fili\u011fi ile tan\u0131nan Murat Aky\u00fcz\u2019\u00fcn, Anahtar Parti \u0130l\u00e7e Ba\u015fkanl\u0131\u011f\u0131 g\u00f6revinde de ayn\u0131 \u00f6zveriyle \u00e7al\u0131\u015faca\u011f\u0131na olan inan\u00e7 dile getirildi. Ziyaret s\u0131ras\u0131nda Anahtar Parti\u2019ye g\u00f6n\u00fclden hizmet edece\u011fini ifade eden Aky\u00fcz\u2019\u00fcn, il\u00e7e te\u015fkilat\u0131na \u00f6nemli katk\u0131lar sunmas\u0131 bekleniyor.<br \/>Millet Partisi \u00c7aykara \u0130l\u00e7e Ba\u015fkan\u0131 Ali R\u0131za Alt\u0131nsoy, g\u00f6sterdi\u011fi yak\u0131n ilgi ve samimiyetten dolay\u0131 Say\u0131n Murat Aky\u00fcz\u2019e te\u015fekk\u00fcr ederek, yeni g\u00f6revinde ba\u015far\u0131lar diledi.<\/p>\n<p>          <\/div>\n","protected":false},"excerpt":{"rendered":"<p>\u00c7aykara\u2019l\u0131 \u0130\u015f \u0130nsan\u0131 Trabzon Ortahisar Anahtar Parti \u0130l\u00e7e Ba\u015fkan\u0131 Murat Aky\u00fcz\u2019e Hay\u0131rl\u0131 Olsun ZiyaretiTrabzon Ortahisar Anahtar Parti \u0130l\u00e7e Ba\u015fkanl\u0131\u011f\u0131 g\u00f6revine atanan i\u015f insan\u0131 Say\u0131n Murat Aky\u00fcz, Millet Partisi \u00c7aykara \u0130l\u00e7e Ba\u015fkan\u0131 Say\u0131n Ali R\u0131za Alt\u0131nsoy taraf\u0131ndan 02 Ocak 2026 tarihinde ziyaret edildi.Yakla\u015f\u0131k bir hafta \u00f6nce g\u00f6reve ba\u015flayan Murat Aky\u00fcz\u2019e hay\u0131rl\u0131 olsun dileklerini ileten Ali R\u0131za [&hellip;]<\/p>\n","protected":false},"author":1,"featured_media":5439,"comment_status":"open","ping_status":"open","sticky":false,"template":"","format":"standard","meta":{"tdm_status":"","tdm_grid_status":"","footnotes":""},"categories":[40],"tags":[],"class_list":{"0":"post-5438","1":"post","2":"type-post","3":"status-publish","4":"format-standard","5":"has-post-thumbnail","7":"category-caykara"},"_links":{"self":[{"href":"https:\/\/zeleka.com\/index.php?rest_route=\/wp\/v2\/posts\/5438","targetHints":{"allow":["GET"]}}],"collection":[{"href":"https:\/\/zeleka.com\/index.php?rest_route=\/wp\/v2\/posts"}],"about":[{"href":"https:\/\/zeleka.com\/index.php?rest_route=\/wp\/v2\/types\/post"}],"author":[{"embeddable":true,"href":"https:\/\/zeleka.com\/index.php?rest_route=\/wp\/v2\/users\/1"}],"replies":[{"embeddable":true,"href":"https:\/\/zeleka.com\/index.php?rest_route=%2Fwp%2Fv2%2Fcomments&post=5438"}],"version-history":[{"count":0,"href":"https:\/\/zeleka.com\/index.php?rest_route=\/wp\/v2\/posts\/5438\/revisions"}],"wp:featuredmedia":[{"embeddable":true,"href":"https:\/\/zeleka.com\/index.php?rest_route=\/wp\/v2\/media\/5439"}],"wp:attachment":[{"href":"https:\/\/zeleka.com\/index.php?rest_route=%2Fwp%2Fv2%2Fmedia&parent=5438"}],"wp:term":[{"taxonomy":"category","embeddable":true,"href":"https:\/\/zeleka.com\/index.php?rest_route=%2Fwp%2Fv2%2Fcategories&post=5438"},{"taxonomy":"post_tag","embeddable":true,"href":"https:\/\/zeleka.com\/index.php?rest_route=%2Fwp%2Fv2%2Ftags&post=5438"}],"curies":[{"name":"wp","href":"https:\/\/api.w.org\/{rel}","templated":true}]}}