{"id":5436,"date":"2026-01-02T10:29:39","date_gmt":"2026-01-02T07:29:39","guid":{"rendered":"https:\/\/zeleka.com\/?p=5436"},"modified":"2026-01-02T10:29:39","modified_gmt":"2026-01-02T07:29:39","slug":"23-24-25-ocak-2026-tarihlerinde-bu-yil-ilki-duzenlenecek-olan-1-uzungol-kis-festivali-icin-caykara-kaymakamligi-tarafindan-davet-mesaji-yayinlandi-caykara-kaymakami-ali-sap","status":"publish","type":"post","link":"https:\/\/zeleka.com\/?p=5436","title":{"rendered":"<div id=\"detaymetin\">                            <p>23-24-25 Ocak 2026 tarihlerinde bu y\u0131l ilki d\u00fczenlenecek olan 1.Uzung\u00f6l K\u0131\u015f Festivali i\u00e7in \u00c7aykara Kaymakaml\u0131\u011f\u0131 taraf\u0131ndan davet mesaj\u0131 yay\u0131nland\u0131.<\/p><p>\u00c7aykara Kaymakam\u0131 Ali Sapmaz imzas\u0131 ile yay\u0131nlana"},"content":{"rendered":"<div id=\"detaymetin\">\n<p>23-24-25 Ocak 2026 tarihlerinde bu y\u0131l ilki d\u00fczenlenecek olan 1.Uzung\u00f6l K\u0131\u015f Festivali i\u00e7in \u00c7aykara Kaymakaml\u0131\u011f\u0131 taraf\u0131ndan davet mesaj\u0131 yay\u0131nland\u0131.<\/p>\n<p>\u00c7aykara Kaymakam\u0131 Ali Sapmaz imzas\u0131 ile yay\u0131nlanan mesaj \u015fu \u015fekilde:<\/p>\n<p>Uzung\u00f6l\u2019de K\u0131\u015f Ba\u015fka G\u00fczel\u2744\ufe0f<\/p>\n<p>Uzung\u00f6l\u2019\u00fcm\u00fczde, bir\u00e7ok kurumumuzun ve g\u00f6n\u00fcl veren payda\u015flar\u0131m\u0131z\u0131n deste\u011fiyle\u00a0 Uzung\u00f6l K\u0131\u015f Festivali ilk kez yap\u0131lmaktad\u0131r.Bu \u015fenlik; k\u0131\u015f\u0131n bereketini, Uzung\u00f6l\u2019\u00fcn do\u011fal g\u00fczelli\u011fini ve y\u00f6remizin misafirperverli\u011fini hep birlikte ya\u015famak amac\u0131yla d\u00fczenlenmi\u015ftir. Eme\u011fi ge\u00e7en t\u00fcm kurumlara ve katk\u0131 sunan herkese te\u015fekk\u00fcr ediyor, herkesi bu g\u00fczel k\u0131\u015f co\u015fkusuna davet ediyoruz.<\/p>\n<p>23-24-25 Ocak\u2019ta Trabzon Uzung\u00f6l\u2019de beyaz \u00f6rt\u00fcn\u00fcn \u00fczerinde tarihi bir bulu\u015fmaya imza at\u0131yoruz. \u26f0\ufe0f<\/p>\n<p>Hem e\u011flenece\u011fiz, hem rekor k\u0131raca\u011f\u0131z! \ud83d\ude80<\/p>\n<p>Neler mi var?<\/p>\n<p>\ud83e\udd69 \u00dccretsiz Mangal Keyfi<\/p>\n<p>\ud83c\udfc6 Dev Horon Halkas\u0131 Rekor Denemesi<\/p>\n<p>\ud83c\udfad Geleneksel Kalandar \u015eenli\u011fi<\/p>\n<p>\ud83c\udf86 Havai Fi\u015fek ve Me\u015faleli Kortej<\/p>\n<p>\ud83c\udfb6 Y\u00f6resel ve Ulusal Sanat\u00e7\u0131larla Konserler<\/p>\n<p>\ud83c\udfbf Kayak, Yar\u0131\u015fmalar ve S\u00fcrpriz Etkinlikler<\/p>\n<p>\ud83d\udc76 \u00c7ocuklara y\u00f6nelik etkinlikler<\/p>\n<p>\u00c7oluk \u00e7ocuk, gen\u00e7 ya\u015fl\u0131 herkesi bu b\u00fcy\u00fck co\u015fkuya bekliyoruz.<\/p>\n<p>Kaval ve kemen\u00e7e sesleri kar tanelerine kar\u0131\u015f\u0131rken sen de orada ol! \ud83c\udfbb<\/p>\n<p>\ud83d\udcc5 Tarih: 23-24-25 Ocak<\/p>\n<p>\ud83d\udccd Yer: Uzung\u00f6l<\/p>\n<p>          <\/div>\n","protected":false},"excerpt":{"rendered":"<p>23-24-25 Ocak 2026 tarihlerinde bu y\u0131l ilki d\u00fczenlenecek olan 1.Uzung\u00f6l K\u0131\u015f Festivali i\u00e7in \u00c7aykara Kaymakaml\u0131\u011f\u0131 taraf\u0131ndan davet mesaj\u0131 yay\u0131nland\u0131. \u00c7aykara Kaymakam\u0131 Ali Sapmaz imzas\u0131 ile yay\u0131nlanan mesaj \u015fu \u015fekilde: Uzung\u00f6l\u2019de K\u0131\u015f Ba\u015fka G\u00fczel\u2744\ufe0f Uzung\u00f6l\u2019\u00fcm\u00fczde, bir\u00e7ok kurumumuzun ve g\u00f6n\u00fcl veren payda\u015flar\u0131m\u0131z\u0131n deste\u011fiyle\u00a0 Uzung\u00f6l K\u0131\u015f Festivali ilk kez yap\u0131lmaktad\u0131r.Bu \u015fenlik; k\u0131\u015f\u0131n bereketini, Uzung\u00f6l\u2019\u00fcn do\u011fal g\u00fczelli\u011fini ve y\u00f6remizin [&hellip;]<\/p>\n","protected":false},"author":1,"featured_media":5437,"comment_status":"open","ping_status":"open","sticky":false,"template":"","format":"standard","meta":{"tdm_status":"","tdm_grid_status":"","footnotes":""},"categories":[40],"tags":[],"class_list":{"0":"post-5436","1":"post","2":"type-post","3":"status-publish","4":"format-standard","5":"has-post-thumbnail","7":"category-caykara"},"_links":{"self":[{"href":"https:\/\/zeleka.com\/index.php?rest_route=\/wp\/v2\/posts\/5436","targetHints":{"allow":["GET"]}}],"collection":[{"href":"https:\/\/zeleka.com\/index.php?rest_route=\/wp\/v2\/posts"}],"about":[{"href":"https:\/\/zeleka.com\/index.php?rest_route=\/wp\/v2\/types\/post"}],"author":[{"embeddable":true,"href":"https:\/\/zeleka.com\/index.php?rest_route=\/wp\/v2\/users\/1"}],"replies":[{"embeddable":true,"href":"https:\/\/zeleka.com\/index.php?rest_route=%2Fwp%2Fv2%2Fcomments&post=5436"}],"version-history":[{"count":0,"href":"https:\/\/zeleka.com\/index.php?rest_route=\/wp\/v2\/posts\/5436\/revisions"}],"wp:featuredmedia":[{"embeddable":true,"href":"https:\/\/zeleka.com\/index.php?rest_route=\/wp\/v2\/media\/5437"}],"wp:attachment":[{"href":"https:\/\/zeleka.com\/index.php?rest_route=%2Fwp%2Fv2%2Fmedia&parent=5436"}],"wp:term":[{"taxonomy":"category","embeddable":true,"href":"https:\/\/zeleka.com\/index.php?rest_route=%2Fwp%2Fv2%2Fcategories&post=5436"},{"taxonomy":"post_tag","embeddable":true,"href":"https:\/\/zeleka.com\/index.php?rest_route=%2Fwp%2Fv2%2Ftags&post=5436"}],"curies":[{"name":"wp","href":"https:\/\/api.w.org\/{rel}","templated":true}]}}