{"id":5434,"date":"2026-01-02T10:29:40","date_gmt":"2026-01-02T07:29:40","guid":{"rendered":"https:\/\/zeleka.com\/?p=5434"},"modified":"2026-01-02T10:29:40","modified_gmt":"2026-01-02T07:29:40","slug":"ogretmen-hilmi-kanik-tarafindan-kaleme-alinan-2025-ve-uzungol-isimli-yaziyi-sizlerle-paylasiyoruz-artik-geleneksel-bir-hale-gelen-yeni-bir-uzungol-yil-boy","status":"publish","type":"post","link":"https:\/\/zeleka.com\/?p=5434","title":{"rendered":"<div id=\"detaymetin\">                            <p><span><strong>\u00d6\u011fretmen Hilmi Kan\u0131k taraf\u0131ndan kaleme al\u0131nan \u201c2025 ve Uzung\u00f6l\u201d isimli yaz\u0131y\u0131 sizlerle payla\u015f\u0131yoruz.<\/strong><\/span><\/p><p><span>Art\u0131k Geleneksel bir hale gelen yeni bir Uzung\u00f6l Y\u0131l Boyu De"},"content":{"rendered":"<div id=\"detaymetin\">\n<p><span><strong>\u00d6\u011fretmen Hilmi Kan\u0131k taraf\u0131ndan kaleme al\u0131nan \u201c2025 ve Uzung\u00f6l\u201d isimli yaz\u0131y\u0131 sizlerle payla\u015f\u0131yoruz.<\/strong><\/span><\/p>\n<p><span>Art\u0131k Geleneksel bir hale gelen yeni bir Uzung\u00f6l Y\u0131l Boyu De\u011ferlendirme yaz\u0131m\u0131z ile sizlerle birlikte olmaya \u00e7al\u0131\u015f\u0131yoruz.<\/span><\/p>\n<p><span>\u00c7aykara G\u00fcndem fark\u0131 ile 2010 y\u0131l\u0131nda ba\u015flam\u0131\u015f oldu\u011fumuz bu de\u011ferlendirme yaz\u0131lar\u0131m\u0131zda 16. Y\u0131l\u0131m\u0131z\u0131 tamamlam\u0131\u015f olman\u0131n hem mutlulu\u011funu hem de biraz da h\u00fczn\u00fcn\u00fc ya\u015fad\u0131\u011f\u0131m\u0131z\u0131 ifade etmek isterim.\u00c7\u00fcnk\u00fc bu s\u00fcre\u00e7te Uzung\u00f6l olarak bir \u00e7ok ac\u0131 ve \u00fcz\u00fcc\u00fc olay\u0131 da bir arada ya\u015fam\u0131\u015f olduk.<\/span><\/p>\n<p><span>2025 Y\u0131l\u0131na bakt\u0131\u011f\u0131m\u0131z zaman ise T\u00fcm D\u00fcnyada oldu\u011fu gibi \u00dclkemizde de ve Uzung\u00f6l\u2019de de elbette ki hem mutluluk ya\u015fad\u0131\u011f\u0131m\u0131z,hem de \u00fcz\u00fcc\u00fc ve ac\u0131 dolu bir y\u0131l\u0131 geride b\u0131rakm\u0131\u015f olman\u0131n ac\u0131 buruklu\u011fu ile yolcu ettik 2025 y\u0131l\u0131n\u0131.<\/span><\/p>\n<figure><img decoding=\"async\" src=\"https:\/\/caykaragundem.com\/resimler\/2026-1\/1\/9894623066896.webp\"><\/figure>\n<p><span><strong>TAR\u0130H\u0130N EN B\u00dcY\u00dcK BA\u015eARILARINDAN B\u0130R TANES\u0130 HES PROJES\u0130N\u0130N \u0130PTAL ED\u0130LMES\u0130<\/strong><\/span><\/p>\n<p><span>Uzung\u00f6l \u00a0ve Uzung\u00f6l insan\u0131 tarih boyunca \u00e7ok b\u00fcy\u00fck m\u00fccadeleler vermi\u015ftir.Cumhuriyetimizin \u0130lan edilkmesinin \u00f6ncesinden tutun da 1900\u2019l\u00fc y\u0131llar\u0131n ba\u015f\u0131ndan g\u00fcn\u00fcm\u00fcze kadar.<\/span><\/p>\n<p><span>Hem do\u011fa \u015fartlar\u0131 ile m\u00fccadele etmek zorunda kalm\u0131\u015ft\u0131r Uzung\u00f6l insan\u0131 hem de insanlar\u0131n Uzung\u00f6l \u00fczerinde oynamaya \u00e7al\u0131\u015ft\u0131klar\u0131 oyunlar\u0131,kurmaya \u00e7al\u0131\u015ft\u0131klar\u0131 tuzaklar\u0131 ortadan kald\u0131rmaya \u00e7al\u0131\u015fm\u0131\u015ft\u0131r.<\/span><\/p>\n<p><span>Bu \u00e7al\u0131\u015fmalar\u0131nda \u00e7o\u011fu zaman ba\u015far\u0131l\u0131 olmu\u015f kimi zaman da ya b\u00fcrokrasiye ya da ba\u015fka engellere tak\u0131lmak zorunda kalm\u0131\u015ft\u0131r.<\/span><\/p>\n<p><span>2024 Y\u0131l\u0131 bu bak\u0131mdan Uzung\u00f6l i\u00e7in \u00f6rnek bir y\u0131l olmu\u015ftur.<\/span><\/p>\n<p><span>Bordo Mavi Enerji Elektrik \u00dcretim Tic. Ltd. \u015eti taraf\u0131ndan \u2018Uzung\u00f6l Reg\u00fclat\u00f6r\u00fc Hidroelektrik Santral (HES) Projesi\u2019\u00a0<\/span><span>\u00a0Uzung\u00f6l ve Ta\u015fk\u0131ran\u2019da yap\u0131lmak istendi.<\/span><\/p>\n<p><span>\u0130lgili y\u00fcklenici firma t\u00fcm haz\u0131rl\u0131klar\u0131n\u0131 tamamlayarak i\u015fe ba\u015flamak i\u00e7in Ta\u015fk\u0131ran\u2019a geldi.<\/span><\/p>\n<p><span>Ancak Uzung\u00f6l,Ta\u015fk\u0131ran,Demirli,K\u00f6seli ve \u00e7evre halk\u0131 adeta tek y\u00fcrek oldular.<\/span><\/p>\n<p><span>Uzung\u00f6l Muhtar\u0131 Selman Dilek,Ta\u015fk\u0131ran Muhtar\u0131 H\u00fcseyin alamano\u011flu,demirli Muhtar\u0131 Yusuf Sever,K\u00f6seli Muhtar\u0131 Mustafa \u00d6zen ile Uzung\u00f6l ve Ta\u015fk\u0131ran\u2019da bulunan STK Ba\u015fkan ve y\u00f6neticileri tek yumruk halinde HES Projesine kar\u015f\u0131 \u00e7\u0131kt\u0131lar.<\/span><\/p>\n<p><span>Uzung\u00f6l ve b\u00f6lge halk\u0131 so\u011fuk havaya ve k\u0131\u015f mevsimine ra\u011fmen yakla\u015f\u0131k 2 ay boyunca Ta\u015fk\u0131ran Mahallesinde HES n\u00f6beti tuttular.<\/span><\/p>\n<p><span>\u00c7aykara Belediye Ba\u015fkan\u0131 Hanefi Tok,Trabzon B\u00fcy\u00fck\u015fehir Belediye Ba\u015fkan\u0131 Ahmet Metin Gen\u00e7 de Uzung\u00f6l ve Ta\u015fk\u0131ran halk\u0131n\u0131n yan\u0131nda yer ald\u0131.<\/span><\/p>\n<p><span>Uzun s\u00fcren m\u00fccadele sonunda meyvesini verdi ve Yarg\u0131tay 3. Daire Ba\u015fkanl\u0131\u011f\u0131 HES Projesi ile ilgili Y\u00fcr\u00fctmeyi durdurma karar\u0131 verdi.Hemen ard\u0131ndan ise projenin \u0130PTAL edildi\u011fi bilgisi geldi.<\/span><\/p>\n<p><span>Bu \u015fekilde Uzung\u00f6l Halk\u0131 dedelerinden devrald\u0131\u011f\u0131 tertemiz p\u0131r\u0131l p\u0131r\u0131l do\u011fay\u0131 kendilerinden\u00a0<\/span><\/p>\n<p><span>Sonra gelecek olan nesile yine kirletmeden teslim etme imkan\u0131n\u0131 yakalam\u0131\u015f oldu.<\/span><\/p>\n<p><span>Ve 2025 Y\u0131l\u0131nda HES Projesi \u0130PTAL Edildi.Uzung\u00f6l ve SOLAKLI Deresi rahat bir nefes alm\u0131\u015f oldu.<\/span><\/p>\n<p><span>Uzung\u00f6l ve B\u00f6lge insan\u0131 2024 ve 2025 Y\u0131l\u0131nda vermi\u015f olduklar\u0131 b\u00fcy\u00fck emek ve m\u00fccadele ile asl\u0131nda herkese \u015fun u anlatmaya \u00e7al\u0131\u015ft\u0131lar.<\/span><\/p>\n<p><span>Halka ra\u011fmen halk\u0131 vatanda\u015f\u0131 kar\u015f\u0131s\u0131na alarak bir \u015fey yap\u0131lmaz,yap\u0131lamaz.<\/span><\/p>\n<p><span>2025 HES PROTESTOSU-2026 FEST\u0130VAL HEYECANI<\/span><\/p>\n<p><span>Hayat \u00e7ok garip Sevgili Dostlar.Ger\u00e7ekten inan\u0131lmaz garip<\/span><\/p>\n<p><span>Bu hayat\u0131n i\u00e7inde hayal k\u0131r\u0131kl\u0131klar\u0131 da var.Umutlar da var.<\/span><\/p>\n<p><span>2025 Y\u0131l\u0131n\u0131 HES Protestosu g\u00f6lgesinde kar\u015f\u0131lam\u0131\u015ft\u0131k.<\/span><\/p>\n<p><span>Sonras\u0131nda Y\u00f6netici ve vatanda\u015flar\u0131m\u0131z\u0131n kararl\u0131 duru\u015flar\u0131 ile HES \u0130PTAL edilmi\u015fti<\/span><\/p>\n<p><span>\u015eimdi ise Uzung\u00f6l 2026 y\u0131l\u0131na bamba\u015fka umut ve hayaller ile giriyor<\/span><\/p>\n<p><span>Hepimizin en b\u00fcy\u00fck \u00f6zlemi olan en b\u00fcy\u00fck hayali olan Uzung\u00f6l\u2019de K\u0131\u015f Turizmi art\u0131k kap\u0131m\u0131z\u0131n dibinde\u2026..<\/span><\/p>\n<p><span>\u00c7aykara Kaymakam\u0131m\u0131z Say\u0131n Ali Sapmaz<\/span><\/p>\n<p><span>\u00c7aykara Belediye Ba\u015fkan\u0131m\u0131z Say\u0131n Hanefi Tok\u2026<\/span><\/p>\n<p><span>Uzung\u00f6l Muhtar\u0131m\u0131z Say\u0131n Selman Dilek\u2026<\/span><\/p>\n<p><span>Uzung\u00f6l Turizmciler Derne\u011fi Ba\u015fkan\u0131m\u0131z Say\u0131n Mehmet Kele\u015f\u2026<\/span><\/p>\n<p><span>Uzung\u00f6l Birlik A,\u015e. Y\u00f6netim Kurulu Ba\u015fkan\u0131m\u0131z Say\u0131n Mustafa Kemal Zengin<\/span><\/p>\n<p><span>TGA Karadeniz B\u00f6lge Temsilcimiz Say\u0131n Metin \u0130nan<\/span><\/p>\n<p><span>Ve Onlar\u0131n etraf\u0131nda kenetlenen Uzung\u00f6l insan\u0131 ve Uzung\u00f6l sevdal\u0131lar\u0131<\/span><\/p>\n<p><span>Aylard\u0131r b\u00fcy\u00fck bir ko\u015fu\u015fturma i\u00e7inde yo\u011fun bir tempo ile \u00e7al\u0131\u015f\u0131yorlar.<\/span><\/p>\n<p><span>Ve geline noktada<\/span><\/p>\n<p><span>23-24-25 Ocak 2026 tarihlerinde 1.Uzung\u00f6l K\u0131\u015f Festivali ger\u00e7ekle\u015ftirilecek.<\/span><\/p>\n<p><span>Bu Festival kapsam\u0131nda:<\/span><\/p>\n<p><span>\ud83e\udd69 \u00dccretsiz Mangal Keyfi<\/span><\/p>\n<p><span>\ud83c\udfc6 Dev Horon Halkas\u0131 Rekor Denemesi<\/span><\/p>\n<p><span>\ud83c\udfad Geleneksel Kalandar \u015eenli\u011fi<\/span><\/p>\n<p><span>\ud83c\udf86 Havai Fi\u015fek ve Me\u015faleli Kortej<\/span><\/p>\n<p><span>\ud83c\udfb6 Y\u00f6resel ve Ulusal Sanat\u00e7\u0131larla Konserler<\/span><\/p>\n<p><span>\ud83c\udfbf Kayak, Yar\u0131\u015fmalar ve S\u00fcrpriz Etkinlikler<\/span><\/p>\n<p><span>\ud83d\udc76 \u00c7ocuklara y\u00f6nelik etkinlikler<\/span><\/p>\n<p><span>Bu Uzung\u00f6l i\u00e7in bir M\u0130LAT.Uzung\u00f6l K\u0131\u015f Turizmi bu aktivite ile birlikte h\u0131z kazanacak ve bundan sonra her sene artarak devam ederek Uzung\u00f6l\u2019de K\u0131\u015f Turizmi 12 aya yay\u0131lm\u0131\u015f olacak.<\/span><\/p>\n<p><span><strong>UZUNG\u00d6L \u0130NSANININ \u0130MAR PLANI \u0130LE \u0130LG\u0130L\u0130 TALEPLER\u0130<\/strong><\/span><\/p>\n<p><span><strong>2025 Y\u0131l\u0131 i\u00e7inde Uzung\u00f6l \u0130mar Plan\u0131 Naz\u0131m \u0130mar Plan\u0131 y\u00fcr\u00fcrl\u00fckte.Uygulama \u0130mar Plan\u0131na dair s\u00fcre\u00e7 devam etmekte olup 5 etaptan olu\u015fan planb\u0131n 1.Etab\u0131 olan G\u00f6lba\u015f\u0131 Etab\u0131 Ask\u0131 s\u00fcrecindedir.<\/strong><\/span><\/p>\n<p><span>Uzung\u00f6l Halk\u0131n\u0131n \u0130mar Plan\u0131ndan beklentileri \u015fu \u015fekilde;<\/span><\/p>\n<p><span>1-18.madde parselasyon plan\u0131n\u0131n iptal edilmesi ve alternatif \u00e7\u00f6z\u00fcmlerin olu\u015fturulmas\u0131.<\/span><\/p>\n<p><span>2-Sosyal ve k\u00fclt\u00fcrel etkinliklerin yap\u0131labilmesi i\u00e7in spor merkezi ve k\u00fclt\u00fcr merkezi nin plana i\u015fletilmesi\u00a0<\/span><\/p>\n<p><span>3-Kamuya ayr\u0131lan alanlar\u0131n yasal ve makul s\u0131n\u0131rlara \u00e7ekilmesi (park,otopark,e\u011fitim alanlar\u0131,kamu alanlar\u0131)<\/span><\/p>\n<p><span>4-Trafik sorunlar\u0131n\u0131n \u00e7\u00f6z\u00fclmesi trafi\u011fin i\u015flevsel hale getirilmesi ve s\u00fcrd\u00fcr\u00fclebilir bir konuma getirilmesi<\/span><\/p>\n<p><span>5-Mevcut kamu alanlar\u0131n\u0131n yerinde b\u0131rak\u0131lmas\u0131 ve yeni alanlar\u0131n ilave edilmemesi\u00a0<\/span><\/p>\n<p><span>6-Afet alanlar\u0131n\u0131n \u0131slah\u0131 ve plana dahil edilmesi\u00a0<\/span><\/p>\n<p><span>7-Alt yap\u0131 ve \u00fcst yap\u0131n\u0131n sorunlar\u0131n\u0131n \u00e7\u00f6z\u00fclmesi\u00a0<\/span><\/p>\n<p><span>9-Turizm ile herhangi ili\u015fi\u011fi olmayan mahallelerin plan\u0131n d\u0131\u015f\u0131nda b\u0131rak\u0131lmas\u0131<\/span><\/p>\n<p><span>10-Teleferik alan\u0131n\u0131n (\u00f6zellikli sil\u00fceti korunacak alan(\u00d6SKA) d\u0131\u015f\u0131nda planlanmas\u0131 dolay\u0131s\u0131yla hem bu alandaki yap\u0131la\u015fma bask\u0131s\u0131n\u0131n \u00f6n\u00fcne ge\u00e7ilmesi hem de b\u00f6lgenin \u00f6nemi itibariyle mevcut dokunun bozulmas\u0131n\u0131n \u00f6nlenmesi<\/span><\/p>\n<p><span>11-Turizm sezonunun uzat\u0131lmas\u0131 i\u00e7in turizm \u00e7e\u015fitlili\u011finin art\u0131r\u0131lmas\u0131 ve plana alternatif \u00e7\u00f6z\u00fcmler getirilmesi<\/span><\/p>\n<p><span>12-Hali haz\u0131rlar\u0131n i\u015flenmesi ve plan\u0131n buna g\u00f6re de\u011ferlendirilmesi<\/span><\/p>\n<p><span>13-Tescilli yap\u0131lar\u0131n parselleri ile birlikte korunmalar\u0131 ve do\u011fal dokunun korunmas\u0131<\/span><\/p>\n<p><span>14-K\u00fclt\u00fcr koruma s\u0131n\u0131rlar\u0131 i\u00e7inde kalan parsellerde imar uygulamalar\u0131 mevcut kadastral parseller ve mevcut\u00a0 m\u00fclki doku korunarak yap\u0131lmal\u0131d\u0131r.(18.madde uygulamas\u0131 veya arazi toplula\u015ft\u0131rmas\u0131 yap\u0131lamaz.) ve yap\u0131lmamas\u0131<\/span><\/p>\n<p><span>15-Turizm master plan\u0131n\u0131n yap\u0131lmas\u0131 ve plan\u0131n buna g\u00f6re uyumlu hale getirilmesi<\/span><\/p>\n<p><span><strong>2025 YILI UZUNG\u00d6L TUR\u0130ZM SEZONU DE\u011eERLEND\u0130RMES\u0130<\/strong><\/span><\/p>\n<p><span>2025 Y\u0131l\u0131 Uzung\u00f6l Turizm sezonu son derece durgun ge\u00e7ti. Turizm sezonu boyunca otel ve pansiyonlarda doluluk oran\u0131 %1000\u2019e ula\u015f\u0131rken bu yo\u011funluk sonbahar d\u00f6neminde de devam etti ve y\u0131l sonuna kadar Uzung\u00f6l normal \u00a0bir Turizm sezonu ge\u00e7irdi.<\/span><\/p>\n<p><span>2025 Y\u0131l\u0131 Turizm sezonunda Trabzon Valili\u011fi Resmi kay\u0131tlar\u0131na g\u00f6re yakla\u015f\u0131k 9 milyon turist Uzung\u00f6l\u2019\u00fc ziyaret etti.<\/span><\/p>\n<p><span>Uzung\u00f6l\u2019de Turizm sezonunda ve Turizm sezonu d\u0131\u015f\u0131nda fiyatlar son derece makul seviyelerde seyrederken Uzung\u00f6l\u2019\u00fc ziyarete gelen misafirler ise kendi b\u00fct\u00e7elerine uygun bir \u015fekilde tatil yapman\u0131n mutlulu\u011funu ya\u015fam\u0131\u015f oldular.<\/span><\/p>\n<p><span><strong>UZUNG\u00d6L KAN OLDU KIZILAY\u2019A AKTI<\/strong><\/span><\/p>\n<p><span>2025 Y\u0131l\u0131nda daha \u00f6nceki senelerde oldu\u011fu gibi K\u0131z\u0131lay Kan Ba\u011f\u0131\u015f\u0131 arac\u0131 4 defa Uzung\u00f6l\u2019e gelerek Kan Ba\u011f\u0131\u015f\u0131 Organizasyonu ger\u00e7ekle\u015ftirdi.Uzung\u00f6l Halk\u0131 her zaman oldu\u011fu gibi fark\u0131n\u0131 ve duyarl\u0131l\u0131\u011f\u0131n\u0131 bir defa daha ortaya koyarak kan\u00a0 ba\u011f\u0131\u015f\u0131 etkinli\u011fine yo\u011fun\u00a0 bir kat\u0131l\u0131m ile destek verdi.<\/span><\/p>\n<p><span><strong>\u00dcRETEN ELLER UZUNG\u00d6L\u2019\u00dc BESLEMEYE DEVAM ED\u0130YOR<\/strong><\/span><\/p>\n<p><span>Uzung\u00f6l\u2019\u00fcn Altyap\u0131 kayna\u011f\u0131 konumunda olan Elmal\u0131 Mahallesi \u00dcreten Eller At\u00f6lyesi 2025 y\u0131l\u0131nda da yo\u011fun bir tempo ile \u00e7al\u0131\u015fmaya devam etti.<\/span><\/p>\n<p><span>\u00c7aykara Kaymakaml\u0131\u011f\u0131 ve \u00c7aykara Belediyesinin katk\u0131 ve destekleri ile \u00fcretime ba\u015flayan\u00a0\u201c\u00dcreten Eller\u201d\u00a0kursu \u00fcretti\u011fi \u00fcr\u00fcnlere her g\u00fcn bir yenisini ekliyor<\/span><\/p>\n<p><span>Ba\u015flang\u0131\u00e7ta tepsi,\u00e7ay sehpas\u0131 gibi s\u0131n\u0131rl\u0131 \u00fcr\u00fcnler ile \u00fcretime ba\u015flayan \u201c\u00dcreten Eller\u201d\u00a0kursu\u00a0 gelen talepler do\u011frultusunda g\u00fcn\u00fcm\u00fczde onlarca \u00fcr\u00fcn\u00fc yapabilme \u00f6zelli\u011fine sahip<\/span><\/p>\n<p><span>Karadeniz Turizminin en \u00f6nemli Merkezlerinden Uzung\u00f6l\u2019de\u00a0 Hediyelik E\u015fya d\u00fckkanlar\u0131n\u0131n tamam\u0131n\u0131n raflar\u0131n\u0131 \u00dcreten Eller Kursunda \u00fcretilen \u00fcr\u00fcnler s\u00fcsl\u00fcyor.Ayr\u0131ca B\u00f6lgede bulunan di\u011fer Turizm Merkezlerine de g\u00f6nderiliyor \u00fcretilen \u00fcr\u00fcnler.<\/span><\/p>\n<p><span>B\u00f6lge kad\u0131n\u0131na da \u00e7ok \u00f6nemli bir istihdam\u0131 sa\u011flam\u0131\u015f durumda \u00dcreten Eller Kursu.Her sene Elmal\u0131 Mahallesi ve kom\u015fu mahallelerden yakla\u015f\u0131k 50 kad\u0131n bu kurslarda g\u00f6rev alarak hem \u00fcretime katk\u0131 sa\u011fl\u0131yor hem de aile ekonomisine ek destek sa\u011fl\u0131yor.<\/span><\/p>\n<p><span><strong>KARADEN\u0130Z VE T\u00dcRK HALK M\u00dcZ\u0130\u011e\u0130N\u0130N \u00d6NEML\u0130 \u0130S\u0130MLER\u0130 UZUNG\u00d6L\u2019DE<\/strong><\/span><\/p>\n<p><span>Karadeniz ve \u00dclke Turizminin en \u00f6nemli merkezlerinden bir tanesi olan Uzung\u00f6l 2025 y\u0131l\u0131nda T\u00fcrk Halk M\u00fczi\u011fi ve Karadeniz M\u00fczi\u011finin \u00f6nemli isimlerini m\u00fczik hayranlar\u0131 ile bulu\u015fturman\u0131n fark\u0131n\u0131 ya\u015fad\u0131.<\/span><\/p>\n<p><span>Karadeniz M\u00fczi\u011finin g\u00fc\u00e7l\u00fc sesi Seyfettin \u00c7ak\u0131ral yaz boyunca Uzung\u00f6l\u2019de \u00c7ad\u0131r Cafe\u2019de her ak\u015fam m\u00fczik dostlar\u0131 ile bulu\u015ftu.<\/span><\/p>\n<p><span>T\u00fcrk Halk M\u00fczi\u011fi ve Karadeniz M\u00fczi\u011finin g\u00fc\u00e7l\u00fc sesi Nuray Aksoy yaz boyunca Uzung\u00f6l\u2019de m\u00fczi\u011fin yeni adresi \u00c7ad\u0131r Cafe\u2019de hayranlar\u0131 ile bulu\u015ftu.<\/span><\/p>\n<p><span>Ulusal M\u00fczik D\u00fcnyas\u0131nda Karadeniz M\u00fczi\u011fini \u00e7ok b\u00fcy\u00fck bir ba\u015far\u0131 ile temsil eden m\u00fckemmel Sanat\u00e7\u0131 kimli\u011finin yan\u0131 s\u0131ra beyefendili\u011fi ile,e\u011fitimi ile t\u00fcm m\u00fczik severlerin y\u00fcre\u011finde taht kuran Sanat\u00e7\u0131 Onay \u015eahin 2025 y\u0131l\u0131nda yaz boyunca Dursun Ali \u0130nan m\u00fczesinin bah\u00e7esinde hayranlar\u0131 ile bulu\u015farak hasret giderdi.<\/span><\/p>\n<p><span><strong>G\u0130ZL\u0130 KAHRAMANLAR HER ZAMANK\u0130 G\u0130B\u0130 DEVREDE<\/strong><\/span><\/p>\n<p><span>Her sene \u00dcniversitelerde \u00f6\u011frenim g\u00f6ren onlarca \u00dcniversite \u00f6\u011frencisine Burs vererek \u00f6\u011frencilerin okumalar\u0131n\u0131 ve topluma faydal\u0131 bireyler olarak yeti\u015fmelerini hedefleyen Uzung\u00f6l\u2019l\u00fc Hay\u0131rsever \u0130\u015f Adamlar\u0131 2025-2026 \u00a0E\u011fitim \u00d6\u011fretim Y\u0131l\u0131nda da onlarca \u00dcniversite \u00f6\u011frencisine burs deste\u011fi sa\u011flad\u0131.<\/span><\/p>\n<p><span>Uzung\u00f6l\u2019e d\u0131\u015far\u0131dan bakan insanlar\u0131n Uzung\u00f6l\u2019\u00fcn her \u015feyi para diye iftira ettikleri bir ortamda Hay\u0131rsever \u0130\u015f Adamlar\u0131 isimlerinin dahi a\u00e7\u0131klanmas\u0131n\u0131 istemeden gizli bir \u015fekilde \u00dcniversite \u00f6\u011frencilerimizin umudu olmaya devam ediyorlar.<\/span><\/p>\n<p><span>Sadece benim kendi ad\u0131ma haz\u0131rlam\u0131\u015f oldu\u011fumu ve bir \u00e7o\u011fu Van \u0130linde ya\u015fam\u0131n\u0131 s\u00fcrd\u00fcren Uzung\u00f6l\u2019l\u00fc hem\u015ferilerimizin \u00e7ocuklar\u0131ndan olu\u015fan 40 ki\u015filik \u00f6\u011frenci grubu Uzung\u00f6l Esnaf\u0131 taraf\u0131ndan Burs Deste\u011fi g\u00f6r\u00fcyor.<\/span><\/p>\n<p><span>2025-2026 E\u011fitim \u00d6\u011fretim Y\u0131l\u0131nda da ayn\u0131 burs deste\u011fi Hay\u0131rsever \u0130\u015f Adamlar\u0131 taraf\u0131ndan devam ediyor.<\/span><\/p>\n<p><span><strong>HAROS KOMLARI G\u00d6Z KAMA\u015eTIRIYOR<\/strong><\/span><\/p>\n<p><span>Uzung\u00f6l Turizminin en \u00f6nemli Altyap\u0131lar\u0131ndan bir tanesini olu\u015fturan Haros Komlar\u0131 2025 y\u0131l\u0131nda da B\u00f6lge Turizminin ilgi oda\u011f\u0131 olmaya devam etti.Yerli ve yabanc\u0131 milyonlarca turist y\u0131l boyunca Haros Komlar\u0131n\u0131n sessiz,sakin ve do\u011fa ile i\u00e7 i\u00e7e huzur dolu ortam\u0131nda tatil yapman\u0131n keyfini ya\u015fad\u0131lar.<\/span><\/p>\n<p><span><strong>GLAZOMAT UZUNG\u00d6L TUR\u0130ZM\u0130N\u0130N CAN DAMARI<\/strong><\/span><\/p>\n<p><span>Glazomat mevkii daha \u00f6nceki senelerde oldu\u011fu gibi 2025 y\u0131l\u0131nda da Uzung\u00f6l Turizminin cazibe merkezi ve ilgi oda\u011f\u0131 olmaya devam etti.<\/span><\/p>\n<p><span><strong>MEHMET \u0130NAN \u015e\u0130\u0130RLER\u0130 \u0130LE TOPLUMA Y\u00d6N VERMEYE DEVAM ED\u0130YOR<\/strong><\/span><\/p>\n<p><span>Uzung\u00f6l\u2019l\u00fc gen\u00e7 Turizmci,profesyonel foto\u011fraf sanat\u00e7\u0131s\u0131 ve \u00c7aykara \u0130l\u00e7esinin yeti\u015ftirmi\u015f oldu\u011fu \u00f6nemli \u015fairlerden Mehmet \u0130nan,daha \u00f6nceki senelerde oldu\u011fu gibi 2025 y\u0131l\u0131nda da yazm\u0131\u015f oldu\u011fu birbirinden g\u00fczel \u015fiirleri ile insanlar\u0131m\u0131z\u0131n duygular\u0131na terc\u00fcman olmaya devam etti.<\/span><\/p>\n<p><span>GEN\u00c7 RESSAM B\u00dcY\u00dcL\u00dcYOR<\/span><\/p>\n<p><span>Uzung\u00f6l\u2019\u00fcn gen\u00e7 Ressam\u0131 Havva Aky\u00fcz 2025 y\u0131l\u0131nda a\u00e7m\u0131\u015f oldu\u011fu Resim Sergileri ile g\u00f6z kama\u015ft\u0131rd\u0131.<\/span><\/p>\n<p><span>Ayn\u0131 zamanda \u00dcniversiteden Resim B\u00f6l\u00fcm\u00fc mezunu olan Gen\u00e7 Ressam Havva Aky\u00fcz Uzung\u00f6l\u2019\u00fcn tarihi ve k\u00fclt\u00fcrel de\u011ferlerini tuale aktararak farkl\u0131 bir desen veriyor ve Uzung\u00f6lk tarihini g\u00f6zler \u00f6n\u00fcne seriyor.<\/span><\/p>\n<p><span>\u00c7aykara Kaymakam\u0131 Ali Sapmaz ve \u00c7aykara Belediye Ba\u015fkan\u0131 Hanefi Tok her Uzung\u00f6l ziyaretlerinde gen\u00e7 Resim Sanat\u00e7\u0131s\u0131 Havva Aky\u00fcz\u2019\u00fc ziyaret ederek \u00e7al\u0131\u015fmalar\u0131n\u0131 takip ediyor.<\/span><\/p>\n<p><span>Trabzon\u2019da ger\u00e7ekle\u015ftirilen \u00c7aykaraspor Gecesinde Gen\u00e7 Ressam Havva Aky\u00fcz ba\u015far\u0131l\u0131 ve \u00f6rnek \u00e7al\u0131\u015fmalar\u0131ndan dolay\u0131 plaket ile \u00f6d\u00fcllendirildi.<\/span><\/p>\n<p><span><strong>SEVG\u0130 EL\u0130 DERNE\u011e\u0130 G\u00d6N\u00dcLLER\u0130 FETHETMEYE DEVAM ED\u0130YOR<\/strong><\/span><\/p>\n<p><span>Uzung\u00f6l\u2019l\u00fc gen\u00e7 Turizmci Ali Zeyrek\u2019in ba\u015fkanl\u0131\u011f\u0131n\u0131 y\u00fcr\u00fctt\u00fc\u011f\u00fc ve senelerdir Uzung\u00f6l\u2019den ba\u015fta Do\u011fu ve G\u00fcneydo\u011fu Anadolu B\u00f6lgesi olmak \u00fczere,\u00dclkemizin her taraf\u0131ndaki \u00e7ocuklara y\u00f6nelik olarak ger\u00e7ekle\u015ftirmi\u015f oldu\u011fu destek ve yard\u0131mlar\u0131 ile \u00f6\u011frenciler ile Uzung\u00f6l aras\u0131nda sa\u011flam bir g\u00f6n\u00fcl k\u00f6pr\u00fcs\u00fc kurmay\u0131 ba\u015faran Uzung\u00f6l Sevgi Eli Derne\u011fi 2024 y\u0131l\u0131nda da \u00dclkemizin de\u011fi\u015fik b\u00f6lgelerinde bulunan \u00e7ocuklara y\u00f6nelik Sevgi Eli projelerine devam etti.<\/span><\/p>\n<p><span><strong>UZUNG\u00d6L BAYBURT YOLU \u0130Y\u0130LE\u015eT\u0130RME \u00c7ALI\u015eMALARI DEVAM ED\u0130YOR<\/strong><\/span><\/p>\n<p><span>Uzung\u00f6l-Yayla\u00f6n\u00fc Mahallesi,\u015eekersu Mahallesi ve Bayburt Grup yolunda yol geni\u015fletme ve iyile\u015ftirme \u00e7al\u0131\u015fmalar\u0131 2024 y\u0131l\u0131nda da devam etti.Uzung\u00f6l Muhtar\u0131 Selman Dilek,Yayla\u00f6n\u00fc Muhtar\u0131 Mustafa Gen\u00e7 \u00a0ve \u015eekersu Muhtar\u0131 Mehmet Ayg\u00fcn\u00a0 ve \u015eekersu Mahallesi K\u00fclt\u00fcr ve Dayan\u0131\u015fma Derne\u011fi Ba\u015fkan\u0131 Ahmet Hulusi \u0130lhan\u2019\u0131n i\u015fbirli\u011fi i\u00e7erisinde birlikte \u00e7al\u0131\u015fmalar\u0131 neticesinde \u00f6nce bu yolun geni\u015fletme \u00e7al\u0131\u015fmalar\u0131 tamamland\u0131.2023 Y\u0131l\u0131nda ise Yayla\u00f6n\u00fc Muhtar\u0131 Yakup Toprak\u2019\u0131n \u00e7abalar\u0131 ile Uzung\u00f6l-Yayla\u00f6n\u00fc Mahallesi aras\u0131nda bulunan yakla\u015f\u0131k 12 KM\u2019lik yolun geni\u015fletme ve betonlama \u00e7al\u0131\u015fmalar\u0131 tamamland\u0131.Yolun geri kalan k\u0131sm\u0131 i\u00e7in ise \u015eekersu Muhtar\u0131 Mehmet Ayg\u00fcn taraf\u0131ndan Bakanl\u0131ktan gerekli destek s\u00f6z\u00fc al\u0131nd\u0131.2025 Y\u0131l\u0131n\u0131n ilk aylar\u0131nda ba\u015flayacak altyap\u0131 \u00e7al\u0131\u015fmalar\u0131 ile 2025 y\u0131l\u0131 i\u00e7inde Uzung\u00f6l-Yayla\u00f6n\u00fc Mahallesi-\u015eekersu Mahallesi-Bayburt grup yolunun tamam\u0131n\u0131n betonlama ve asfaltlama \u00e7al\u0131\u015fmas\u0131 tamamlanarak ula\u015f\u0131ma a\u00e7\u0131lm\u0131\u015f oldu.\u00a0<\/span><\/p>\n<p><span><strong>UZUNG\u00d6L\u2019E DO\u011eALGAZ MI GEL\u0130YOR<\/strong><\/span><\/p>\n<p><span>Karadeniz ve \u00dclke Turizminin en \u00f6nemli Merkezlerinden bir tanesi olan Uzung\u00f6l\u2019\u00fcn en \u00f6nemli sorunlar\u0131ndan bir tanesi ku\u015fkusuz do\u011falgaz talebi.Uzung\u00f6l Muhtar\u0131 Selman Dilek,taraf\u0131ndan yakla\u015f\u0131k 3 senedir bu konuda gerek Bakanl\u0131k d\u00fczeyinde gerekse Yerel Y\u00f6netimler ve Trabzon d\u00fczeyinde \u00e7e\u015fitli \u00e7al\u0131\u015fmalar\u0131 oldu.<\/span><\/p>\n<p><span>2025 y\u0131l\u0131n\u0131n son g\u00fcnlerinde ise Uzung\u00f6l\u2019e Do\u011falgaz konusunda \u00e7ok \u00f6nemli bir geli\u015fme ya\u015fand\u0131.\u00c7aykara Muhtarlar Derne\u011fi Y\u00f6netim Kurulu Aral\u0131k ay\u0131nda Ankara\u2019ya bir ziyaret ger\u00e7ekle\u015ftirildi.<\/span><\/p>\n<p><span>Bu ziyarette Enerji ve Tabii Kaynaklar Bakan\u0131 Fatih D\u00f6nmez ile de bir g\u00f6r\u00fc\u015fme ger\u00e7ekle\u015ftirildi.Bu g\u00f6r\u00fc\u015fmede Muhtar Selman Dilek taraf\u0131ndan Uzung\u00f6l\u2019e Do\u011falgaz talebi dile getirildi.Bu talep \u00c7aykara Muhtarlar Derne\u011fi taraf\u0131ndan desteklendi.<\/span><\/p>\n<p><span>Bu talep \u00fczerine Enerji ve Tabii Kaynaklar Bakan\u0131 Dr. Alparslan Bayraktar , \u00c7aykara ve Uzung\u00f6l\u2019e Do\u011falgaz s\u00f6z\u00fcn\u00fc verdi.\u015eimdi bizler 2026 yolunda heyecanla bu konuda at\u0131lacak ad\u0131mlar\u0131 bekleyecek ve takip edece\u011fiz.<\/span><\/p>\n<p><span><strong>UZUNG\u00d6L B\u00dcY\u00dcK\u015eEH\u0130R OTOB\u00dcS\u00dc HAFTANIN YED\u0130 G\u00dcN\u00dc H\u0130ZMET VER\u0130YOR<\/strong><\/span><\/p>\n<p><span>Uzung\u00f6l 2022 Y\u0131l\u0131 i\u00e7inde en b\u00fcy\u00fck \u00f6zlemlerinden bir tanesi olan Trabzon B\u00fcy\u00fck\u015fehir Belediye Otob\u00fcs\u00fcne kavu\u015ftu.Uzung\u00f6l Muhtar\u0131 Selman Dilek ve B\u00f6lge Muhtarlar\u0131n\u0131n yo\u011fun \u00e7al\u0131\u015fmalar\u0131 sonucunda 2022 Y\u0131l\u0131 May\u0131s ay\u0131ndan itibaren Trabzon B\u00fcy\u00fck\u015fehir Belediyesi Otob\u00fcs\u00fc Uzung\u00f6l Trabzon aras\u0131ndaki servislerine ba\u015flad\u0131.<\/span><\/p>\n<p><span>Trabzon Uzung\u00f6l aras\u0131nda vatanda\u015flara hizmet veren Trabzon B\u00fcy\u00fck\u015fehir otob\u00fcs\u00fc 2025 Y\u0131l\u0131 boyunca haftan\u0131n yedi g\u00fcn\u00fc Trabzon Uzung\u00f6l hatt\u0131nda b\u00f6lge vatanda\u015f\u0131m\u0131za hizmet verdi.<\/span><\/p>\n<p><span><strong>UZUNG\u00d6L\u2019\u00dcN ALTYAPISI YEN\u0130LEND\u0130<\/strong><\/span><\/p>\n<p><span>Trabzon B\u00fcy\u00fck\u015fehir Belediyesi, \u015fehirde ilk kez uygulanan CIPP sistemi ile Uzung\u00f6l\u2019\u00fcn 1500 metrelik kanalizasyon hatt\u0131n\u0131 rehabilite etti.<\/span><\/p>\n<p><span>Trabzon B\u00fcy\u00fck\u015fehir Belediyesi, \u015fehirde ilk kez uygulanan CIPP sistemi ile Uzung\u00f6l\u2019\u00fcn 1500 metrelik kanalizasyon hatt\u0131n\u0131 rehabilite etti. Menfezlerin g\u00f6lle bulu\u015ftu\u011fu noktalara file yerle\u015ftirilerek g\u00f6l y\u00fczeyinde r\u00fcsubat olu\u015fumunun \u00f6n\u00fcne ge\u00e7ildi.<\/span><\/p>\n<p><span>Baz\u0131 noktalarda s\u0131z\u0131nt\u0131 ve yeralt\u0131 sular\u0131n\u0131n kanalizasyon hatt\u0131na kar\u0131\u015ft\u0131\u011f\u0131n\u0131n tespit edilmesinin ard\u0131ndan harekete ge\u00e7en T\u0130SK\u0130 Genel M\u00fcd\u00fcrl\u00fc\u011f\u00fc, g\u00f6l\u00fcn daha sa\u011fl\u0131kl\u0131 hale gelmesi ad\u0131na Trabzon\u2019da ilk kez uygulanan CIPP sistemini hayata ge\u00e7irdi.<\/span><\/p>\n<p><span><strong>KAZI YAPILMADAN KAPLANDI<\/strong><\/span><\/p>\n<p><span>T\u0130SK\u0130 Genel M\u00fcd\u00fcrl\u00fc\u011f\u00fc, Uzung\u00f6l\u2019de a\u015f\u0131r\u0131 deforme olmu\u015f, s\u0131zd\u0131rmazl\u0131\u011f\u0131n\u0131 kaybetmi\u015f boru hatlar\u0131n\u0131 kaz\u0131 yap\u0131lmadan ana borunun i\u00e7inde tek par\u00e7a boru olu\u015fturma tekni\u011fi olan CIPP sistemini 1500 metrelik hatta uygulayarak g\u00f6le s\u0131zan kat\u0131 at\u0131klar\u0131 engelledi. Bunun yan\u0131 s\u0131ra b\u00f6lgedeki derelerden Uzung\u00f6l\u2019e \u00e7ok fazla evsel at\u0131k ve r\u00fcsubat kar\u0131\u015ft\u0131\u011f\u0131n\u0131 tespit eden ekipler, menfezlerin g\u00f6lle bulu\u015ftu\u011fu noktalara \u00f6zel fileler yerle\u015ftirerek bu at\u0131klar\u0131n g\u00f6le kar\u0131\u015fmas\u0131n\u0131 engelledi.<\/span><\/p>\n<p><span><strong>\u00a0ALTYAPI KOMPLE YEN\u0130LEND\u0130<\/strong><\/span><\/p>\n<p><span>\u015eehrin ve \u00fclkenin en \u00f6nemli turizm destinasyonlar\u0131ndan biri olan Uzung\u00f6l\u2019\u00fcn altyap\u0131s\u0131n\u0131 yenilediklerini belirten Trabzon B\u00fcy\u00fck\u015fehir Belediye Ba\u015fkan\u0131 Ahmet Metin Gen\u00e7 , \u201cKanalizasyon hatt\u0131na d\u0131\u015far\u0131dan girecek olan yer alt\u0131 kaynak sular\u0131 veya i\u00e7eriden d\u0131\u015far\u0131ya s\u0131zan kanalizasyon sular\u0131n\u0131 CIPP ad\u0131 verilen sistem sayesinde kesmi\u015f olduk. \u00d6te yandan menfez a\u011f\u0131zlar\u0131na yerle\u015ftirdi\u011fimiz \u00f6zel filelerle g\u00f6lde r\u00fcsubat olu\u015fumun da \u00f6n\u00fcne ge\u00e7tik. Uzung\u00f6l\u2019\u00fcm\u00fcz\u00fc eskisinden daha sa\u011fl\u0131kl\u0131 bir altyap\u0131yla bulu\u015fturduk\u201d dedi.<\/span><\/p>\n<p><span><strong>UZUNG\u00d6L\u2019DE BARAJLAR VE G\u00d6L\u00dcN DOLMA SORUNU \u00c7\u00d6Z\u00dcLD\u00dc<\/strong><\/span><\/p>\n<p><span>2023 Y\u0131l\u0131 Sonbahar Mevsiminde Uzung\u00f6lJ\u2019\u00fcn en \u00f6nemli sorunlar\u0131ndan bir tanesi olan Barajlar\u0131n temizlenmesi \u00e7al\u0131\u015fmas\u0131 ger\u00e7ekle\u015ftirildi.<\/span><\/p>\n<p><span>DS\u0130 taraf\u0131ndan yap\u0131lan ve g\u00f6l\u00fcn dolmas\u0131n\u0131 \u00f6nleme amac\u0131 ile in\u015fa edilen Barajlar 2025 Y\u0131l\u0131 Sonbahar mevsiminde DS\u0130 ekipleri taraf\u0131ndan aylarca s\u00fcren yo\u011fun bir \u00e7al\u0131\u015fma ile temizlendi<\/span><\/p>\n<p><span><strong>UZUNG\u00d6L\u2019DE GO\u015eON DERES\u0130 \u00c7\u00d6Z\u00dcM BEKL\u0130YOR<\/strong><\/span><\/p>\n<p><span>Karadeniz ve \u00dclke Turizminin en \u00f6nemli Merkezlerinden Uzung\u00f6l\u2019de vatanda\u015flar ve Sivil Toplum Kurulu\u015fu Temsilcileri Go\u015fon Deresinin Islah edilmesi konusunda yetkililerden \u00e7\u00f6z\u00fcm bekliyor.<\/span><\/p>\n<p><span>Ya\u011fan her \u015fiddetli ya\u011fmur sonras\u0131 Karester Yaylas\u0131n\u0131n \u00fcst\u00fcnden akmaya ba\u015flayan ya\u011fmur sular\u0131 beraberinde s\u00fcr\u00fckledi\u011fi ta\u015f ve toprak par\u00e7alar\u0131 ile birlikte Go\u015fon Deresini takip ederek\u00a0 Solakl\u0131 Deresine kar\u0131\u015f\u0131yor.Ancak \u015fiddetli ya\u011f\u0131\u015f durumunda ya\u011fmur sular\u0131 dere yataklar\u0131ndan d\u0131\u015far\u0131 \u00e7\u0131karak yerle\u015fim alanlar\u0131n\u0131 tehdit ediyor.Uzung\u00f6l\u2019\u00fcn B\u00fcy\u00fckk\u00f6y Mahallesi ve \u0130nceli ile Meryemli Mahallesi ba\u015fta olmak \u00fczere Merkez Hocal\u0131 Mahallesi,Kaplanoz Mahallesi,Filak Mahallesi,\u00c7aml\u0131k ve Al\u00e7akk\u00f6pr\u00fc Mahallesi\u2026Yani k\u0131saca t\u00fcm Uzung\u00f6l\u2019\u00fc tehdit ediyor Go\u015fon Deresi.<\/span><\/p>\n<p><span><strong>YAZIN SEL KI\u015eIN \u00c7I\u011e TEHL\u0130KES\u0130<\/strong><\/span><\/p>\n<p><span>Go\u015fon Deresi yaz mevsiminde sel ve ta\u015fk\u0131n tehlikesi bak\u0131m\u0131ndan Uzung\u00f6l i\u00e7in \u00e7ok b\u00fcy\u00fck bir risk olu\u015fturuyor.K\u0131\u015f mevsiminde ise Go\u015fon Deresi \u00a0ise bu defa \u00e7\u0131\u011f tehlikesi \u00a0ile Uzung\u00f6l\u2019\u00fc tehdit ediyor.<\/span><\/p>\n<p><span>Yani Go\u015fon Deresi i\u00e7in bir Islah Projesinin haz\u0131rlanmas\u0131 ve bu projenin hayata ge\u00e7irilmesi Uzung\u00f6l Turizmi i\u00e7in can al\u0131c\u0131 ve hayati bir \u00f6nem arz ediyor.<\/span><\/p>\n<p><span><strong>GARESTER VE \u015eEKERSU\u2019DA KAR MOTORU HEYECANI<\/strong><\/span><\/p>\n<p><span>Garester ve\u00a0\u015eekersu yaylas\u0131nda ger\u00e7ekle\u015ftirilen Kar Motoru etkinli\u011finde Muhte\u015fem do\u011fa g\u00f6r\u00fcnt\u00fcs\u00fc g\u00f6z kama\u015ft\u0131rd\u0131.<\/span><\/p>\n<p><span>Karadeniz ve \u00fclke turizminin en \u00f6nemli Merkezlerinden Uzung\u00f6l\u00b4\u00fcn \u015eekersu Yaylas\u0131nda Uzung\u00f6l\u00b4l\u00fc Gen\u00e7ler taraf\u0131ndan ger\u00e7ekle\u015ftirilen Kar Motoru etkinli\u011fi hem muhte\u015fem do\u011fa g\u00f6r\u00fcnt\u00fcs\u00fc hem de zengin etkinlik kaynaklar\u0131 ile tabiri caiz ise adeta g\u00f6z kama\u015ft\u0131rd\u0131.<\/span><\/p>\n<p><span>Yaz Mevsiminde muhte\u015fem do\u011fal g\u00fczelli\u011fi ile insanlar\u0131 b\u00fcy\u00fcleyen ve de sezon boyunca on binlerce turistin ziyaret etti\u011fi Uzung\u00f6l\u00b4\u00fcn \u015eekersu Yaylas\u0131 k\u0131\u015f mevsiminde de Muhte\u015fem kar manzaras\u0131 ve kayak parkuru ile g\u00f6renleri kendisine hayran b\u0131rakmaya devam ediyor.Uzung\u00f6l\u00b4l\u00fc Gen\u00e7ler \u015eekersu Mahallesi muhtar\u0131 Mehmet Ayg\u00fcn, \u015eekersu K\u00fclt\u00fcr ve Dayan\u0131\u015fma Derne\u011fi Ba\u015fkan\u0131 Ahmet Hulusi \u0130lhan,G\u00fcrkan Ayg\u00fcn, Orhan \u0130nce, Vokan Alibeyo\u011flu, Zeki Ayg\u00fcn ,Mustafa Kul,Salih Kul ve Y\u0131lmaz H\u00fcseyinpa\u015fao\u011flu k\u0131\u015f mevsimi boyunca her f\u0131rsat bulduklar\u0131nda \u015eekersu Yaylas\u0131na \u00e7\u0131karak hem Kar Motoru keyfi ya\u015f\u0131yor hem de b\u00f6lgede sakl\u0131 olan turizm potansiyelini t\u00fcm d\u00fcnyaya tan\u0131tmaya \u00e7al\u0131\u015f\u0131yorlar.<\/span><\/p>\n<p><span><strong>UZUNG\u00d6L EM\u0130TT T\u00dcRK\u0130YE FUARINDA<\/strong><\/span><\/p>\n<p><span>Karadeniz ve \u00dclke Turizminin en \u00f6nemli Merkezlerden Uzung\u00f6l Ulusal Turizm Fuarlar\u0131nda boy g\u00f6stermeye 2025 y\u0131l\u0131nda da devam etti.Son olarak \u0130stanbul\u2019da a\u00e7\u0131lan 25. Do\u011fu Akdeniz Uluslar Aras\u0131 Turizm ve Seyahat Fuar\u0131 EM\u0130TT\u2019e kat\u0131lan Uzung\u00f6l\u2019l\u00fc Turizmciler Turizmde bir D\u00fcnya Markas\u0131 haline gelen Uzung\u00f6l\u2019\u00fc bir kere daha d\u00fcnya genelinde temsil etmenin hakl\u0131 onurunu ya\u015fad\u0131lar.<\/span><\/p>\n<p><span>25. Do\u011fu Akdeniz Uluslar aras\u0131 Turizm ve Seyahat Fuar\u0131 EMITT 9-12 \u015eubat tarihinde \u0130stanbul T\u00dcYAP Fuar ve Kongre Merkezinde d\u00fczenlendi. Etkinlik her y\u0131l 45.000\u2019e yak\u0131n sekt\u00f6r profesyonelini ve d\u00fcnyan\u0131n d\u00f6rt bir yan\u0131ndaki tatil yerlerinin ve seyahat \u015firketlerinin sundu\u011fu yeni ve heyecan verici seyahat f\u0131rsatlar\u0131ndan faydalanmak isteyen binlerce turisti a\u011f\u0131rlad\u0131.<\/span><\/p>\n<p><span><strong>UZUNG\u00d6L GEN\u00c7LER\u0130NDEN \u015eEKERSU YAYLALARINDA KAR MOTORU HEYECANI<\/strong><\/span><\/p>\n<p><span>Uzung\u00f6l Gen\u00e7leri taraf\u0131ndan \u015eekersu Mahallesi ve yaylalar\u0131nda Kar Motoru etkinli\u011fi ger\u00e7ekle\u015ftirildi.<\/span><\/p>\n<p><span>Uzung\u00f6l Gen\u00e7leri taraf\u0131ndan b\u00f6lgemizdeki k\u0131\u015f turizmi a\u00e7\u0131s\u0131ndan fark\u0131ndal\u0131k yaratmak amac\u0131 ile 2025 y\u0131l\u0131n\u0131n de\u011fi\u015fik tarihlerinde \u015eekersu yaylalar\u0131nda\u00a0 ger\u00e7ekle\u015ftirilen Kar Motoru etkinli\u011finde Muhte\u015fem do\u011fa g\u00f6r\u00fcnt\u00fcs\u00fc g\u00f6z kama\u015ft\u0131rd\u0131.<\/span><\/p>\n<p><span>Karadeniz ve \u00fclke turizminin en \u00f6nemli Merkezlerinden Uzung\u00f6l\u00b4\u00fcn \u015eekersu Mahallesi,Yaylalar\u0131 ve Karester Yaylas\u0131nda Uzung\u00f6l\u00b4l\u00fc Gen\u00e7ler taraf\u0131ndan ger\u00e7ekle\u015ftirilen Kar Motoru etkinli\u011fi hem muhte\u015fem do\u011fa g\u00f6r\u00fcnt\u00fcs\u00fc hem de zengin etkinlik kaynaklar\u0131 ile tabiri caiz ise adeta g\u00f6z kama\u015ft\u0131rmaya devam etti.<\/span><\/p>\n<p><span>Yaz Mevsiminde muhte\u015fem do\u011fal g\u00fczelli\u011fi ile insanlar\u0131 b\u00fcy\u00fcleyen ve de sezon boyunca on binlerce turistin ziyaret etti\u011fi Uzung\u00f6l\u00b4\u00fcn \u015eekersu Yaylas\u0131 k\u0131\u015f mevsiminde de Muhte\u015fem kar manzaras\u0131 ve kayak parkuru ile g\u00f6renleri kendisine hayran b\u0131rakmaya devam etti.<\/span><\/p>\n<p><span><strong>GURBETTE 4. TEKNO HOB\u0130 SALEGAN SERG\u0130S\u0130 A\u00c7ILDI<\/strong><\/span><\/p>\n<p><span>Uzung\u00f6l\u2019\u00fcn Gen\u00e7 Turizmcilerinden Abdullah Genel,Van\u2019da Kendi at\u00f6lyesinde \u00fcretmi\u015f oldu\u011fu \u00fcr\u00fcnler i\u00e7in 4.Tekno Hobi Salegan Sergisini a\u00e7t\u0131.<\/span><\/p>\n<p><span>\u0130lk Sergisini 2021 Y\u0131l\u0131nda a\u00e7an Abdullah Genel,2022 Y\u0131l\u0131nda da kendi \u00fcretmi\u015f oldu\u011fu hediyelik e\u015fyalar\u0131 Van insan\u0131n\u0131n be\u011fenisine sundu.<\/span><\/p>\n<p><span>Van \u0130l Merkezinde bulunan evinin alt kat\u0131nda bulunan at\u00f6lyede imalat yapan ve zaman\u0131n tamam\u0131n\u0131 at\u00f6lyesinde ge\u00e7iren Abdullah Genel\u2019in kendi \u00f6t\u00f6lyesinde a\u00e7t\u0131\u011f\u0131 4.Tekno Hobi Salegan Sergisi y\u0131l\u0131n her d\u00f6neminde ziyaret edilebiliyor.<\/span><\/p>\n<p><span>At\u00f6lyesinde kendi el eme\u011fi ile ve hi\u00e7bir teknolojik ara\u00e7 kullanmadan tamamen Karadeniz insan\u0131n\u0131n ya\u015fam\u0131n\u0131 ve Karadeniz K\u00fclt\u00fcr\u00fcn\u00fc temsil eden \u00fcr\u00fcnler \u00fcreten Turizmci Abdullah Genel,Turizm sezonunda ise be \u00fcr\u00fcnleri Karadeniz ve \u00dclke Turizminin en \u00f6nemli merkezi olan Uzung\u00f6l\u2019de Turizm dostlar\u0131 ile bulu\u015fturuyor.<\/span><\/p>\n<p><span><strong>UZUNG\u00d6L\u2019DE ALTYAPI \u00c7ALI\u015eMALARI<\/strong><\/span><\/p>\n<p><span>2025 Y\u0131l\u0131nda Uzung\u00f6l\u2019de ger\u00e7ekle\u015ftirilen Altyap\u0131 \u00c7al\u0131\u015fmalar\u0131 \u015fu \u015fekilde:<\/span><\/p>\n<p><span>\u00c7evre ve \u015eehircilik Bakanl\u0131\u011f\u0131 taraf\u0131ndan y\u00fcr\u00fct\u00fclen Toki b\u00fcnyesindeki yol ve peyzaj yenileme \u00e7al\u0131\u015fmalar\u0131 kapsam\u0131nda, asfaltlama, betonlama, ayd\u0131nlatma, kald\u0131r\u0131m yap\u0131m\u0131; yeni ve b\u00fcy\u00fck trafolarla G\u00f6lba\u015f\u0131\u2019da, B\u00fcy\u00fckk\u00f6yde, Merkezde elektirik a\u011f\u0131n\u0131n kesintilere kar\u015f\u0131 g\u00fc\u00e7lendirilmeleri;\u00a0<\/span><\/p>\n<p><span>Ko\u015fon deresi menfezlerinin DS\u0130 taraf\u0131ndan tamamlanmas\u0131;\u00a0<\/span><\/p>\n<p><span>Malbet ve Filak k\u00f6y evlerinin mahalleliler taraf\u0131ndan tamamlanma a\u015famalar\u0131na getirilmeleri,\u00a0<\/span><\/p>\n<p><span>K\u00f6seli-Elmal\u0131 yolunun asfaltlanmas\u0131,\u00a0<\/span><\/p>\n<p><span>\u00dcst Elmal\u0131\u2019da asfaltlaman\u0131n tamamen bitirilmesi,\u00a0<\/span><\/p>\n<p><span>Elmal\u0131\u2019da trafonun yenilenmesi,\u00a0<\/span><\/p>\n<p><span>Turizmciler derne\u011fi taraf\u0131ndan yeni i\u015f yerlerinin iyile\u015ftirmelerinin sa\u011flanmas\u0131,\u00a0<\/span><\/p>\n<p><span>G\u00f6l etraf\u0131 ve Alabal\u0131k meydan\u0131nda B\u00fcy\u00fck\u015fehir taraf\u0131ndan temizlenmesi,\u00a0<\/span><\/p>\n<p><span>\u015eeritlemelerin yap\u0131lmas\u0131,\u00a0<\/span><\/p>\n<p><span>Monoir mezarl\u0131klar\u0131n alt ve \u00fcst duvarlar\u0131n\u0131n tamamlanmas\u0131, temizlenmesi;\u00a0<\/span><\/p>\n<p><span>G\u00f6lba\u015f\u0131\u2019daki derece\u011fin temizlenmesi, \u0130nceli\u2019de iki yolun asfaltlanmas\u0131,<\/span><\/p>\n<p><span>\u00a0Hes\u2019in iptal edilmesi<\/span><\/p>\n<p><span><strong>UZUNG\u00d6L TUR\u0130ZMC\u0130LER DERNE\u011e\u0130 DOKKAF\u2019TA<\/strong><\/span><\/p>\n<p><span>Karadeniz ve \u00dclke Turizminin en \u00f6nemli Merkezlerinden olan Uzung\u00f6l\u2019\u00fcn \u00f6nemli STK Kurulu\u015flar\u0131ndan bir tanesi olan Uzung\u00f6l Turizmciler Derne\u011fi DOKKAF Fuar\u0131ndaki yerini alarak Stant\u0131n\u0131 olu\u015fturdu ve gelen misafirlere hizmet verdi.<\/span><\/p>\n<p><span>Dernek Ba\u015fkan\u0131 Mehmet Kele\u015f ve Y\u00f6netim Kurulu \u00fcyeleri ile g\u00f6revli personel Uzung\u00f6l Stant\u0131n\u0131 ziyarete gelen \u00f6\u011frenci ve misafirler ile yak\u0131ndan ilgilenerek misafirlere Uzung\u00f6l ile ilgili olarak bilgilendirdi.<\/span><\/p>\n<p><span><strong>2025\u2019\u0130N \u0130LK ACISI TERZ\u0130<\/strong><\/span><\/p>\n<p><span><strong>Uzung\u00f6l&#8217;\u00fcn SEvilen Terzisi Hac\u0131 Mehmet Ayg\u00fcn,Bursa&#8217;da Vefat Etti.<\/strong><\/span><\/p>\n<p><span>Bursa&#8217;da\u00a0 \u0130kamet eden Uzung\u00f6l&#8217;l\u00fc\u00a0 hem\u015fehrimiz,\u00a0 H.Mehmet Ayg\u00fcn ikamet etti\u011fi Bursa\u2019da vefat etti.<\/span><\/p>\n<p><span>Bir s\u00fcreden bu yana \u00e7e\u015fitli rahats\u0131zl\u0131klar\u0131 bulunan Hac\u0131 Mehmet Terzi Bursa\u2019da hayat\u0131n\u0131 kaybederek Uzung\u00f6l\u2019\u00fc g\u00f6z ya\u015flar\u0131na bo\u011fdu.<\/span><\/p>\n<p><span>\u00c7ok uzun s\u00fcre Uzung\u00f6l\u2019de ikamet eden ve terzi d\u00fckkan\u0131 ile Uzung\u00f6l ve B\u00f6lge insan\u0131na hizmet sunan Hac\u0131 Mehmet Terzi Uzung\u00f6l\u2019\u00fcn bir \u00a0\u00e7ok d\u00f6nemine damgas\u0131n\u0131 vurmu\u015f bir insan olarak tan\u0131n\u0131yor.<\/span><\/p>\n<p><span>Sosyal ve toplumsal olaylardaki duyarl\u0131l\u0131\u011f\u0131 ve \u00f6rnek toplum insan\u0131 vasf\u0131 ile tan\u0131nan Hac\u0131 Mehmet Ayg\u00fcn insanlar ile kurmu\u015f oldu\u011fu m\u00fckemmel ileti\u015fimi ile her kesim taraf\u0131ndan \u00e7ok sevilen ve de sayg\u0131 duyulan bir insan olarak tan\u0131n\u0131yordu.<\/span><\/p>\n<p><span>Hac\u0131 Mehmet Ayg\u00fcn\u2019\u00fcn vefat\u0131 Uzung\u00f6l ve Bursa\u2019y\u0131 g\u00f6z ya\u015flar\u0131na bo\u011fdu.<\/span><\/p>\n<p><span>\u00d6rnek Toplum insan\u0131 Hac\u0131 Mehmet Ayg\u00fcn,Gen\u00e7 ya\u015fta aram\u0131zdan ayr\u0131lan merhum \u0130smail Ayg\u00fcn\u2019\u00fcn babas\u0131,\u00d6rnek Toplum \u0130nsan\u0131 Turgut \u015eahin,Hayrettin Kahveci,Ya\u015far Kayao\u011flu\u2019nun kay\u0131npederleri,Mustafa Ayfg\u00fcn,Mehmet Erkam Ayg\u00fcn,\u00d6zg\u00fcr \u015eahin, ve Talha Kahveci\u2019nin ise dedeleriydi.<\/span><\/p>\n<p><span>Merhum Mehmet Ayg\u00fcn \u00a004 Ocak 2025\u00a0Cumartesi G\u00fcn\u00fc \u00a0 \u00d6\u011fle\u00a0 namaz\u0131n\u0131 m\u00fcteakip , Bursa\u00a0 Mihrapl\u0131 Camiinde k\u0131l\u0131nacak\u00a0 cenaze namaz\u0131n\u0131n ard\u0131ndan, ayn\u0131 yerde bulunan Aile mezarl\u0131\u011f\u0131na\u00a0 defnedildi.<\/span><\/p>\n<p><span>SANAT\u00c7I AHMET KARACA \u0130K\u0130NC\u0130 KL\u0130B\u0130 \u0130LE SANATSEVERLER \u0130LE BULU\u015eTU<\/span><\/p>\n<p><span><strong>2017 Y\u0131l\u0131nda \u00e7\u0131kard\u0131\u011f\u0131 ilk Alb\u00fcm\u00fc ile \u00e7ok be\u011fenilen Karadeniz M\u00fczi\u011fi Sanat\u00e7\u0131lar\u0131ndan Ahmet Karaca Yeni Alb\u00fcm\u00fc \u201cCan\u0131n Sa\u011f Olsun\u201d t\u00fcrk\u00fcs\u00fc ile m\u00fczik severler ile bulu\u015ftu.<\/strong><\/span><\/p>\n<p><span>2017 Y\u0131l\u0131nda \u00e7\u0131kard\u0131\u011f\u0131 ilk Alb\u00fcm\u00fc ile \u00e7ok be\u011fenilen Karadeniz M\u00fczi\u011fi Sanat\u00e7\u0131lar\u0131ndan Ahmet Karaca Yeni Alb\u00fcm\u00fc \u201cCan\u0131n Sa\u011f Olsun\u201d t\u00fcrk\u00fcs\u00fc ile m\u00fczik severler ile bulu\u015ftu.<\/span><\/p>\n<p><span><strong>UZUNG\u00d6L GEN\u00c7L\u0130\u011e\u0130 GALANDAR GECES\u0130N\u0130 HAYATA GE\u00c7\u0130RD\u0130<\/strong><\/span><\/p>\n<p><span>Uzung\u00f6l Gen\u00e7li\u011fi taraf\u0131ndan 14 \u015eubat 2025 Pazar ak\u015fam\u0131 ise Uzung\u00f6l Sezgin Otel Resraurant\u2019ta Kalandar Gecesi etkinli\u011fi ger\u00e7ekle\u015ftirildi.<\/span><\/p>\n<p><span>G\u00fcnlerce bu etkinlik i\u00e7in \u00e7al\u0131\u015fan Uzung\u00f6l Gen\u00e7li\u011fi haz\u0131rlam\u0131\u015f oldu\u011fu K\u00fclt\u00fcrel etkinlik program\u0131n\u0131 muhte\u015fem bir \u015fekilde sahneye koydu<\/span><\/p>\n<p><span>Kalandar gecesi etkinli\u011fine \u00c7aykara Muhtarlar Derne\u011fi Ba\u015fkan\u0131 Mehmet \u00d6zt\u00fcrk,Uzung\u00f6l Turizmciler Derne\u011fi Ba\u015fkan\u0131 Mehmet Kele\u015f,Uzung\u00f6l B\u0130RL\u0130K A\u015e. Y\u00f6netim Kurulu Ba\u015fkan\u0131 \u0130dris Aky\u00fcz,Rize Trafik B\u00f6lge M\u00fcd\u00fcr\u00fc Zeki \u00d6zkan ile \u00e7ok kalabal\u0131k bir vatanda\u015f toplulu\u011fu kat\u0131ld\u0131.<\/span><\/p>\n<p><span>B\u00f6lge K\u00fclt\u00fcr\u00fcn\u00fcn en \u00f6nemli de\u011ferlerinden olan De\u011firmen Ta\u015f\u0131n\u0131n Uzung\u00f6l Gen\u00e7leri taraf\u0131ndan Bayburt\u2019tan Uzung\u00f6l\u2019e omuzlarda s\u0131rtlanarak getirilmesi Uzung\u00f6l Gen\u00e7li\u011fi taraf\u0131ndan temsili olarak sahneye konuldu.Bu b\u00f6l\u00fcmde Uzung\u00f6l gen\u00e7li\u011fi temsili olarak de\u011firmen ta\u015f\u0131n\u0131 omuzlar\u0131na al\u0131rken Kaval \u00dcstad\u0131 Nurettin Kahveci ile Karadeniz m\u00fczi\u011finin g\u00fc\u00e7l\u00fc sesi E\u00c7\u0130NOS da de\u011firmen ta\u015f\u0131n\u0131n \u00fczerinde oturtuldu Kahveci kaval \u00e7alarken E\u00c7\u0130NOS\u2019un s\u00f6yledi\u011fi t\u00fcrk\u00fcler dep\u011firmen ta\u015f\u0131n\u0131 ta\u015f\u0131yan gen\u00e7ler taraf\u0131ndan tekrar edildi.<\/span><\/p>\n<p><span>Kalandar Gecesi ile ilgili \u015fiirlerin,konu\u015fmalar\u0131n,ske\u00e7lerin,parodilerin sahneye konuldu\u011fu gecede ayn\u0131 zamanda Y\u00f6resel dilde Miroloyema olarak bilinen A\u011f\u0131tlar da seslendirildi<\/span><\/p>\n<p><span><strong>HAD\u0130 SA\u011eLAM UZUNG\u00d6L\u2019\u00dc A\u011eLATTI<\/strong><\/span><\/p>\n<p><span>Uzung\u00f6l Al\u00e7akk\u00f6pr\u00fc Mahalle&#8217;sinden Merhum Recep Sa\u011flam&#8217;\u0131n e\u015fi \u00a0Hadi Sa\u011flam vefat etti.<\/span><\/p>\n<p><span>Merhume Hadi Sa\u011flam,Yakup ve Yusuf Sa\u011flam\u2019\u0131n anneleri,Zekeriya Sa\u011flam,Mustafa Kur\u015fun,Orhan \u00d6zen,Sinan \u00d6zen ve Murat \u00d6zen\u2019in kay\u0131nvalideleriydi.<\/span><\/p>\n<p><span>Merhume Hadi Sa\u011flam 14 \u00a0\u015eubat 2025 \u00a0Cuma G\u00fcn\u00fc Cuma \u00a0namaz\u0131n\u0131 m\u00fcteakip , Al\u00e7akk\u00f6pr\u00fc \u00a0Camiinde k\u0131l\u0131nacak \u00a0cenaze namaz\u0131n\u0131n ard\u0131ndan ayn\u0131 yerde bulunan , Aile mezarl\u0131\u011f\u0131na \u00a0defnedil<\/span><\/p>\n<p><span><strong>UZUNG\u00d6L PEND\u0130K DERNE\u011e\u0130NDEN KAYNA\u015eMA ETK\u0130NL\u0130\u011e\u0130<\/strong><\/span><\/p>\n<p><span><strong>Uzung\u00f6l Derne\u011fi Pendik Kaynarca \u015eubesinden Karadeniz K\u00fclt\u00fcr\u00fcn\u00fc Ya\u015fatma Etkinli\u011fi<\/strong><\/span><\/p>\n<p><span>Uzung\u00f6l K\u00fclt\u00fcr ve Dayan\u0131\u015fma Derne\u011fi \u0130stanbul Pendik Kaynarca \u015eubesi taraf\u0131ndan Y\u00f6resel yemeklerin tan\u0131t\u0131m\u0131n\u0131n ger\u00e7ekle\u015ftirildi\u011fi Kayna\u015fma ve Dayan\u0131\u015fma etkinli\u011fi ger\u00e7ekle\u015ftirildi.<\/span><\/p>\n<p><span>18 \u015eubat 2025 Sal\u0131 g\u00fcn\u00fc Pendik \u0130l\u00e7esinde bulunan Dernek binas\u0131nda ger\u00e7ekle\u015ftirilen etkinlik yo\u011fun bir kat\u0131l\u0131m ile ger\u00e7ekle\u015ftirildi.<\/span><\/p>\n<p><span>Karadeniz K\u00fclt\u00fcr\u00fcn\u00fc ve unutulmaya y\u00fcz tutmu\u015f olan Y\u00f6resel Karadeniz yemeklerini Marmara B\u00f6lgesinde ya\u015fatmak,gen\u00e7 nesile Karadeniz K\u00fclt\u00fcr\u00fc a\u015f\u0131lamak ve MNarmara B\u00f6lgesinde bulunan Uzung\u00f6l ve Karadenizli hem\u015ferilerimizin hasret gidermelerini sa\u011flamak amac\u0131 ile ger\u00e7ekle\u015ftirilen etkinli\u011fe \u0130stanbul,\u0130zmit,Sakaruya ve Bursa\u2019dan bir \u00e7ok kat\u0131l\u0131mc\u0131 kat\u0131l\u0131m sa\u011flayarak etkinli\u011fe destek verdi.<\/span><\/p>\n<p><span>Dernek Ba\u015fkan\u0131 Emekli \u0130mam Hatip Cevdet \u015eahin\u2019in organizasyonu ile ger\u00e7ekle\u015ftirilen organizasyon haz\u0131rlan\u0131\u015f\u0131 ve etkinlikleri ile kat\u0131l\u0131mc\u0131lardan tam not almay\u0131 ba\u015fard\u0131.<\/span><\/p>\n<p><span>Ger\u00e7ekle\u015ftirilen Organizasyona \u00a0Pendik kaymakam\u0131 Mehmet Y\u0131ld\u0131z,Pendik Belediye Ba\u015fkan\u0131 Ahmet \u00c7in, Pendik belediye ba\u015fkan yard\u0131mc\u0131s\u0131 Hayrettin Ye\u015filyurt, Ak parti \u0130stanbul B\u00fcy\u00fc\u015fehir Belediye Meclis \u00fcyesi Adem Y\u0131ld\u0131z, Pendik Trabzonlular Dernek Ba\u015fkan\u0131 \u00a0Kemal Ayg\u00fcn,Ahisiad i\u015f adamlar\u0131 derne\u011fi ba\u015fkan\u0131 \u0130brahim \u00c7am,Milliyet\u00e7i Hareket Partisi Pendik il\u00e7e ba\u015fkan\u0131 Kerim Kaya,Saadet Partisi Pendik il\u00e7e ba\u015fkan\u0131 Yasin Kad\u0131o\u011flu,Akparti Pendik il\u00e7e ba\u015fkan\u0131 yard\u0131mc\u0131s\u0131 Ali Gen\u00e7,MHP \u0130l\u00e7e Sekteri\u00a0 Musa Tepeci,MHP\u00a0 Milletvekili aday\u0131 ve Trabzon dernekleri dinamosu Fatih Kaya,MHP \u0130l\u00e7e Ba\u015fkan\u00a0yard\u0131mc\u0131s\u0131 \u00a0Dr.Y\u00fcksel Yaz\u0131c\u0131,Kartal \u00c7aykara \u00a0ve Trabzon dernek ba\u015fkan\u0131 \u00a0Ahmet Ayd\u0131n,Pendik D\u00fczk\u00f6yl\u00fcler Dernek Ba\u015fkan\u0131 Y\u00fccel Akta\u015f,Pendik belediyesi koordinat\u00f6r\u00fc \u00a0Abd\u00fcrrehim\u00a0Bayram, Y\u00f6remizin m\u00fcmtaz i\u015f insan\u0131 \u00f6zge kap\u0131 y\u00f6netim kurulu ba\u015fkan\u0131 \u00a0Sebahattin \u0130nan,Pendik Uzung\u00f6l Derne\u011fi Onursal Ba\u015fkan\u0131 Muzaffer Karatay,Pendik Belediyesi imar m\u00fcd\u00fcr\u00fc yard\u0131mc\u0131s\u0131 \u0130sa\u00a0 Toprak,Pendik duyuru gazetesi imtiyaz sahibi \u00a0\u00dcmit Kahyao\u011flu,Pendik Yerel Hayat gazetesi imtiyaz sahibi Kubilay \u00d6zt\u00fcrk, ve \u00e7ok say\u0131da misafir kat\u0131l\u0131m sa\u011flad\u0131.<\/span><\/p>\n<p><span>Ger\u00e7ekle\u015ftirilen Organizasyon kapsam\u0131nda misafirlere Uzung\u00f6l kad\u0131nlar\u0131n\u0131n b\u00fcy\u00fck bir emek ve \u00f6zveri ile haz\u0131rlam\u0131\u015f olduklar\u0131 Uzung\u00f6l Geleneksel yemekleri ikram edilirken misafirlerin memnuniyetleri g\u00f6zlerden ka\u00e7mad\u0131.<\/span><\/p>\n<p><span><strong>FATMA SA\u011eLAM A\u011eLATTI<\/strong><\/span><\/p>\n<p><span>Uzung\u00f6l Al\u00e7akk\u00f6pr\u00fc Mahallesi&#8217;nden Merhum S\u00fcleyman Sa\u011flam (\u011fala\u015f) Han\u0131m\u0131 Fatma Sa\u011flam vefat etti.<\/span><\/p>\n<p><span>\u00c7e\u015fitli rahats\u0131zl\u0131klar\u0131 bulunan Merhume Fatma Sa\u011flam yakla\u015f\u0131k 3 seneden bu yana yatalak hastayd\u0131.Bir ka\u00e7 g\u00fcn \u00f6nce rahats\u0131zlanarak hastane yo\u011fun bak\u0131m servisine kald\u0131r\u0131lan Fatma Sa\u011flam,tedavi g\u00f6rd\u00fc\u011f\u00fc hastanede kurtar\u0131lamayarak hayat\u0131n\u0131 kaybetti.<\/span><\/p>\n<p><span>Merhume Fatma Sa\u011flam,Uzung\u00f6l Merkez K\u0131raathanesi sahibi ve Uzung\u00f6l\u2019\u00fcn sevilen isimlerinden Ismail Sa\u011flam\u00a0\u00a0,Mustafa Sa\u011flam ve Yunus Sa\u011flam\u2019in anneleriydi.<\/span><\/p>\n<p><span>Merhume Fatma Sa\u011flam\u00a0 24.02.2025 Pazartesi g\u00fcn\u00fc \u00f6\u011fle namaz\u0131na m\u00fcteakip Al\u00e7akk\u00f6pr\u00fc Camiinde k\u0131l\u0131nacak cenaze namaz\u0131n\u0131n ard\u0131ndan ayn\u0131 yerde bulunan aile kabristanl\u0131\u011f\u0131nda son yolculu\u011funa u\u011furland\u0131<\/span><\/p>\n<p><span><strong>EM\u0130NE BEKTA\u015e SAKARYA\u2019DA VEFAT ETT\u0130<\/strong><\/span><\/p>\n<p><span>Kastel Mevkiinden Emi ne Bekta\u015f yakaland\u0131\u011f\u0131 amans\u0131z hastal\u0131\u011fa yenik d\u00fc\u015ferek vefat etti.<\/span><\/p>\n<p><span>Sakarya\u2019da bulunan o\u011flunun yan\u0131nda ikamet eden Emine Bekta\u015f bir s\u00fcre \u00f6nce rahats\u0131zlanarak hastaneye kald\u0131r\u0131lm\u0131\u015ft\u0131.Merhume Emine Bekta\u015f tedavi g\u00f6rd\u00fc\u011f\u00fc hastanede hayat\u0131n\u0131 kaybetti.<\/span><\/p>\n<p><span>Merhume Emine Bekta\u015f,\u0130smail Bekta\u015f\u2019\u0131n e\u015fi,Mustafa Keskin,Nuri Keskin,Zekai Keskin\u2019in anneleri,Aziz K\u0131z\u0131ltay,Kerim Sa\u011flam ve Cemalettin Bekta\u015f\u2019\u0131n kay\u0131nvalideleri,\u00c7aykara Tur\u2019da \u015eof\u00f6r olarak \u00e7al\u0131\u015fan Uzung\u00f6l\u2019\u00fcn sevilen ismi Salih Karatay\u2019\u0131n ablas\u0131,Nuri Say\u0131n\u2019\u0131n teyzesiydi.<\/span><\/p>\n<p><span>Merhume Emine Bekta\u015f\u2019\u0131n cenazesi Sakarya\u2019dan Trabzon\u2019a getiriliyor.<\/span><\/p>\n<p><span>28 \u015eubat 2024 Cuma G\u00fcn\u00fc \u00f6\u011fle namaz\u0131na m\u00fcteakip Uzung\u00f6l Al\u00e7akk\u00f6pr\u00fc Camiinde k\u0131l\u0131nacak olan cenaze namaz\u0131n\u0131n ard\u0131ndan Al\u00e7akk\u00f6pr\u00fc Mahallesinde bulunan aile kabristanl\u0131\u011f\u0131nda son yolculu\u011funa u\u011furland\u0131<\/span><\/p>\n<p><span><strong>AHMET M\u0130NAZ A\u011eLATTI<\/strong><\/span><\/p>\n<p><span><strong>Uzung\u00f6l mahallesinden Ahmet Minaz\u2019on ani \u00f6l\u00fcm\u00fc Uzung\u00f6l\u2019\u00fc g\u00f6z ya\u015flar\u0131na bo\u011fdu.<\/strong><\/span><\/p>\n<p><span>Uzung\u00f6l mahallesinden \u00a0Hem\u015fehrimiz \u00a0Ahmet Minaz vefat etti.<\/span><\/p>\n<p><span>Ya\u015fl\u0131l\u0131\u011fa ba\u011fl\u0131 \u00e7e\u015fitli rahats\u0131zl\u0131klar\u0131 bulunan Ahmet Minaz ge\u00e7irmi\u015f oldu\u011fu ani bir rahats\u0131zl\u0131k sonucu vefat etti.<\/span><\/p>\n<figure><img decoding=\"async\" src=\"https:\/\/caykaragundem.com\/resimler\/2026-1\/1\/6144509797980.webp\"><\/figure>\n<p><span>Merhum Ahmet Minaz,Mustafa Minaz\u2019\u0131n babas\u0131,Ahmet \u00d6zt\u00fcrk ve Hasbi Ayd\u0131n ve Ya\u015far Kutbay\u2019\u0131n \u00a0kay\u0131npederleriydi.<\/span><\/p>\n<p><span>Merhum Ahmet Minaz 02 Mart 2025 \u00a0Pazar g\u00fcn\u00fc (Yar\u0131n) \u00a0\u00d6\u011fle namaz\u0131n\u0131 m\u00fcteakip Uzung\u00f6l merkez camii&#8217;nde \u00a0k\u0131l\u0131nan cenaze namaz\u0131n\u0131n ard\u0131ndan Monoyir Asri \u00a0mezarl\u0131\u011f\u0131na defnedildi.<\/span><\/p>\n<p><span><strong>ALMANYA\u2019DAK\u0130 ACI UZUNG\u00d6L\u2019\u00dc G\u00d6Z YA\u015eLARINA BO\u011eDU<\/strong><\/span><\/p>\n<p><span><strong>Almanya&#8217;daki Ac\u0131 Uzung\u00f6l&#8217;\u00fc G\u00f6z Ya\u015flar\u0131na Bo\u011fdu<\/strong><\/span><\/p>\n<p><span>Almanya Berlin\u2019de \u0130kamet eden Uzung\u00f6l&#8217;l\u00fc\u00a0 hem\u015fehrimiz,\u00a0Hasan Genel \u00a0 Almanya\u2019da vefat etti.<\/span><\/p>\n<p><span>Bir s\u00fcreden bu yana amans\u0131z hastal\u0131k ile m\u00fccadele eden Hasan Genel yakaland\u0131\u011f\u0131 amans\u0131z hastal\u0131ktan kurtulamayarak hayat\u0131n\u0131 kaybetti.<\/span><\/p>\n<p><span>Merhum Hasan Genel Uzung\u00f6l \u0130nceli Mahallesinden \u0130smet Genel\u2019in o\u011flu,Mustafa Genel\u2019in karde\u015fi,Uzung\u00f6l\u2019l\u00fc Turizmci Hilmi \u0130nan\u2019\u0131n day\u0131s\u0131n\u0131n o\u011fluydu.<\/span><\/p>\n<p><span>Merhum Hasan Genel\u2019in cenazesi Almanya\u2019dan Uzung\u00f6l\u2019e getiriliyor.<\/span><\/p>\n<p><span>8 Mart 2025 \u00a0 Cumartesi G\u00fcn\u00fc \u00a0\u00f6\u011fle namaz\u0131na m\u00fcteakip , Uzung\u00f6l Merkez Camiinde k\u0131l\u0131nan\u00a0 cenaze namaz\u0131n\u0131n ard\u0131ndan, \u0130nceli Mahalle&#8217;si Aile Mezarl\u0131\u011f\u0131na defnedildi<\/span><\/p>\n<p><span><strong>TUR\u0130ZM MERKEZ\u0130 UZUNG\u00d6L\u2019DE KIZ VE ERKEK \u00c7OCUKLARI \u0130\u00c7\u0130N Y\u00dcZME KURSU<\/strong><\/span><\/p>\n<p><span>Karadeniz ve \u00dclke Turizminin en \u00f6nemli Merkezlerinden Uzung\u00f6l\u2019de K\u0131z ve Erkek \u00e7ocuklar\u0131na y\u00f6nelik y\u00fczme kurslar\u0131 ger\u00e7ekle\u015ftiriliyor.<\/span><\/p>\n<p><span>Uzung\u00f6l Muhtarl\u0131\u011f\u0131 taraf\u0131ndan organize edilen y\u00fczme kurslar\u0131 Uzung\u00f6l ROYAL OTEL\u2019in y\u00fczme havuzunda ger\u00e7ekle\u015ftiriliyor.<\/span><\/p>\n<p><span>K\u0131z ve erkek \u00e7ocuklar i\u00e7in ayr\u0131 ayr\u0131 ger\u00e7ekle\u015ftirilen y\u00fczme kurslar\u0131nda erkek \u00f6\u011frencilerin y\u00fczme kurslar\u0131 mart ay\u0131n\u0131n ba\u015f\u0131nda ba\u015flarken ,k\u0131z \u00f6\u011frencilerin kurslar\u0131 ise 23 mart 2025 Pazar g\u00fcn\u00fc ba\u015flad\u0131.<\/span><\/p>\n<p><span>Haftada 1 g\u00fcn olarak ger\u00e7ekle\u015ftirilen y\u00fczme kurslar\u0131nda profesyonel y\u00fczme hocalar\u0131 taraf\u0131ndan \u00f6\u011frencilere y\u00fczme kurslar\u0131 \u00f6\u011fretiliyor ve uygulamal\u0131 olarak y\u00fczme e\u011fitimi veriliyor.<\/span><\/p>\n<p><span>Kurslar kapsam\u0131nda erkek ve k\u0131z \u00e7ocuk kategorilerinde toplamda 40 \u00e7ocuk y\u00fczme kurslar\u0131na devam ediyor.<\/span><\/p>\n<p><span>Ger\u00e7ekle\u015ftirilen \u00f6rnek \u00e7al\u0131\u015fma ile ilgili bilgi veren Uzung\u00f6l Muhtar\u0131 Selman Dilek,Uzung\u00f6l Muhtarl\u0131\u011f\u0131 olarak \u00a0\u0130\u015f Adam\u0131 Arif Kocaman ve Uzung\u00f6l Royal Otel Y\u00f6neticisi Erol \u00c7elik ile birlikte ger\u00e7ekle\u015ftirmi\u015f olduklar\u0131 organizasyon ile k\u0131z ve erkek \u00e7ocuk kategorilerinde 40 \u00f6\u011frenciyi y\u00fczme havuzu ile bulu\u015fturarak \u00f6\u011frencilere hem y\u00fczme e\u011fitimi hem de uygulamal\u0131 olarak y\u00fczme kursu ger\u00e7ekle\u015ftirdiklerini,emek ve katk\u0131lar\u0131ndan dolay\u0131 Arif Kocaman ve Erol \u00c7elik\u2019e Uzung\u00f6l Halk\u0131 ve \u00e7ocuklar ad\u0131na te\u015fekk\u00fcr ettiklerini ifade etti.<\/span><\/p>\n<p><span>\u00d6\u011frencilere y\u00f6nelik sosyal aktivitelerinin devam edece\u011fini ifade eden Uzung\u00f6l Muhtar\u0131 Selman Dilek,\u00e7ocuklar ve \u00f6\u011frencilere y\u00f6nelik \u00f6n\u00fcm\u00fczdeki d\u00f6nemlerde ger\u00e7ekle\u015ftirecekleri \u00e7al\u0131\u015fmalar\u0131n\u0131n planlamalar\u0131n\u0131n devam etti\u011fini s\u00f6zlerine ekledi.<\/span><\/p>\n<p><span><strong>BURSA UZUNG\u00d6L DERNE\u011e\u0130NDE O\u011eUZHAN SEZG\u0130N D\u00d6NEM\u0130<\/strong><\/span><\/p>\n<p><span><strong>Bursa Uzung\u00f6l Derne\u011finde O\u011fuzhan Sezgin D\u00f6nemi<\/strong><\/span><\/p>\n<p><span>Bursa Uzung\u00f6l ve \u00c7evre K\u00f6yleri K\u00fclt\u00fcr ve Dayan\u0131\u015fma Derne\u011fi 5. Ola\u011fan Genel Kurulu 3 Nisan 2025 tarihinde ger\u00e7ekle\u015fti<\/span><\/p>\n<p><span>Marmara B\u00f6lgesinde Karadeniz K\u00fclt\u00fcr\u00fcn\u00fc ya\u015famak ve ya\u015fatmak amac\u0131 ile \u00e7ok yo\u011fun bir \u015fekilde \u00e7al\u0131\u015fmalar ger\u00e7ekle\u015ftiren ve ger\u00e7ekle\u015ftirmi\u015f oldu\u011fu etkinlik ve organizasyonlar ile Marmara B\u00f6lgesinde Karadeniz K\u00fclt\u00fcr\u00fcn\u00fcn ya\u015fat\u0131lmas\u0131nda \u00e7ok b\u00fcy\u00fck pay sahibi olan Bursa Uzung\u00f6l ve \u00a0\u00c7evre K\u00f6yleri K\u00fclt\u00fcr ve Dayan\u0131\u015fma Derne\u011fi Bursa \u0130linde ve Marmara B\u00f6lgesinde \u00f6rnek bir Dernek olarak g\u00f6steriliyor.<\/span><\/p>\n<figure><img decoding=\"async\" src=\"https:\/\/caykaragundem.com\/resimler\/2026-1\/1\/70933251873360.webp\"><\/figure>\n<p><span>Ge\u00e7ti\u011fimiz d\u00f6nemin Y\u00f6netim Kurulu Ba\u015fkan\u0131 ve Onursal Ba\u015fkanl\u0131k g\u00f6revine se\u00e7ilen Emekli M\u00fcft\u00fc Hikmet Yaz\u0131c\u0131 Hocan\u0131n y\u00f6netiminde kenetlenen Bursa Uzung\u00f6l Derne\u011fi 2016-2024 Y\u0131llar\u0131 aras\u0131nda 8 y\u0131l i\u00e7erisinde \u00e7ok \u00f6nemli \u00e7al\u0131\u015fmalar\u0131n alt\u0131na imza atmay\u0131 ba\u015fard\u0131.<\/span><\/p>\n<p><span>Karadeniz K\u00fclt\u00fcr\u00fcn\u00fcn gen\u00e7 nesile aktar\u0131lmas\u0131 yolunda a\u00e7\u0131lan kurs ve ger\u00e7ekle\u015ftirilen etkinliklerin yan\u0131 s\u0131ra Seyir Gecesi gibi,y\u00f6resel yemeklerimizin gen\u00e7ler ile bulu\u015fturulmas\u0131 ve bu gelene\u011fin ya\u015fat\u0131lmas\u0131n\u0131n sa\u011flanmas\u0131 gibi,insanlar\u0131 bir araya getiren ve \u00f6zlem gidermelerini sa\u011flayan \u015fenlik ve program organizasyonlar\u0131 gibi,Halkoyunlar\u0131 ve folklor kurslar\u0131 gibi,gen\u00e7lerin birbirleri ile kayna\u015fmas\u0131n\u0131 sa\u011flayan spor organizasuyonlar\u0131 gibi \u00e7ok say\u0131da etkinlik ve organizasyon ile Karadeniz k\u00fclt\u00fcr\u00fcn\u00fcn b\u00f6lgede ya\u015fat\u0131lmas\u0131n\u0131 sa\u011flamaya \u00e7al\u0131\u015f\u0131yor.<\/span><\/p>\n<p><span>Bursa ve Marmara B\u00f6lgesinde bulunan Trabzon ve Karadeniz STK ve Dernekleri ile de \u00e7ok yak\u0131n temaslar kuran ve birlikte etkinlik ve organizasyon ger\u00e7ekle\u015ftiren Bursa Uzung\u00f6l K\u00fclt\u00fcr ve Dayan\u0131\u015fma Derne\u011fi \u00fcyeleri bunun yan\u0131 s\u0131ra Trabzon ve Karadeniz Derneklerinin Y\u00f6netim Kurullar\u0131nda aktif olarak g\u00f6rev alarak Karadeniz K\u00fclt\u00fcr\u00fcn\u00fcn ya\u015fat\u0131lmas\u0131n\u0131 sa\u011fl\u0131yor.<\/span><\/p>\n<p><span>Bursa Uzung\u00f6l ve \u00c7evre K\u00f6yleri K\u00fclt\u00fcr ve Dayan\u0131\u015fma Derne\u011fi olarak, 3 Nisan 2025 tarihinde 5. Ola\u011fan Genel Kurulunu ger\u00e7ekle\u015ftirdi.<\/span><\/p>\n<p><span>Ger\u00e7ekle\u015ftirilen genel kurulda derne\u011fin yeni y\u00f6netimi belirlenmi\u015f olup, Y\u00f6netim Kurulu Ba\u015fkanl\u0131\u011f\u0131 g\u00f6revine Derne\u011fe uzun seneler Ba\u015fkan Yard\u0131mc\u0131s\u0131 olarak g\u00f6rev yapan ve Ba\u015fkan Hikmet Yaz\u0131c\u0131 ile \u00e7ok b\u00fcy\u00fck bir uyum i\u00e7erisinde hizmet veren \u00a0O\u011fuzhan Sezgin se\u00e7ildi<\/span><\/p>\n<p><span>Bu vesileyle, bug\u00fcne kadar derne\u011fimize emek ve katk\u0131 sunan \u00f6nceki ba\u015fkan\u0131m\u0131z Say\u0131n Hikmet Yaz\u0131c\u0131 ve y\u00f6netim kurulu \u00fcyelerine g\u00f6n\u00fclden te\u015fekk\u00fcr ederiz. Say\u0131n Hikmet Yaz\u0131c\u0131, genel kurul karar\u0131yla derne\u011fimizin Onursal Ba\u015fkan\u0131 ilan edilmi\u015ftir.<\/span><\/p>\n<p><span>Yeni Y\u00f6netim Kurulu \u015eu \u015eekilde Olu\u015ftu.<\/span><\/p>\n<p><span>Ba\u015fkan: O\u011fuzhan Sezgin<\/span><\/p>\n<p><span>Ba\u015fkan Yard\u0131mc\u0131s\u0131: Mustafa \u00c7elik<\/span><\/p>\n<p><span>Y\u00f6netim Kurulu \u00dcyeleri:<\/span><\/p>\n<p><span>Hakan Sezgin<\/span><\/p>\n<p><span>Ahmet Kurt<\/span><\/p>\n<p><span>Ya\u015far Karaca<\/span><\/p>\n<p><span>Yusuf Onat<\/span><\/p>\n<p><span>Ahmet Aky\u00fcz<\/span><\/p>\n<p><span>\u0130rfan U\u00e7an<\/span><\/p>\n<p><span>\u0130smail Kaya<\/span><\/p>\n<p><span>Fatih Ayg\u00fcn<\/span><\/p>\n<p><span>A\u015f\u0131k Mehmet Kan\u0131k<\/span><\/p>\n<p><span>Talha Kahveci<\/span><\/p>\n<p><span>Abdullah \u00d6zen<\/span><\/p>\n<p><span>Sinan Altunta\u015f<\/span><\/p>\n<p><span>Y\u00f6netim Kurulu Ba\u015fkanl\u0131\u011f\u0131 g\u00f6revine se\u00e7ilen O\u011fuzhan Sezgin Genel Kurulun ard\u0131ndan bir te\u015fekk\u00fcr konu\u015fmas\u0131 ger\u00e7ekle\u015ftirdi<\/span><\/p>\n<p><span><strong>BURSA\u2019DA FATMA GENEL YA\u015eAMA TUTUNAMADI<\/strong><\/span><\/p>\n<p><span>Bursa\u2019da ya\u015fayan Uzung\u00f6l\u2019l\u00fc hem\u015ferilerimizden Fatma Genel hayata tutunamad\u0131.<\/span><\/p>\n<p><span>Ya\u015fl\u0131l\u0131\u011fa ba\u011fl\u0131 \u00e7e\u015fitli rahats\u0131zl\u0131klar\u0131 bulunan merhume Fatma Genel tedavi g\u00f6rd\u00fc\u011f\u00fc hastanede ya\u015fam m\u00fccadelesini kaybetti.<\/span><\/p>\n<p><span>Merhuma Fatma Genel,Rahmetli Ahmet Genel&#8217;in e\u015fi, Mustafa Genel&#8217;in anneleri, Uzung\u00f6l ve \u00c7evre K\u00f6yleri K\u00fclt\u00fcr ve Dayan\u0131\u015fma Derne\u011fi Bursa Derne\u011fi Y\u00f6netim Kurulu Ba\u015fkan\u0131 O\u011fuzhan Sezgin&#8217;in anneanneleri,Hayrullah Sezgin,Mustafa \u00c7i\u00e7ek,Muhittin Engin,Zeki \u00c7i\u00e7ek ve Ahmet \u015eakar\u2019\u0131n kay\u0131nvalideleriydi.<\/span><\/p>\n<p><span>1965 y\u0131l\u0131nda Turizm merkezi Uzung\u00f6l\u2019den Van \u00d6zalp,D\u00f6nerdere k\u00f6y\u00fcne iskan olarak giden Merhum \u00d6rnek toplum insan\u0131 Ahmet Genel ya da nam\u0131 de\u011fer Ahmet\u00e7avu\u015f Genel\u2019in e\u015fi olan Merhume Fatma Genel,kom\u015fular\u0131 taraf\u0131ndan \u00e7ok sevilen \u00f6rnek bir toplum insan\u0131 olarak tan\u0131n\u0131yordu.<\/span><\/p>\n<p><span>D\u00f6nerdere\u2019den yeni bir g\u00f6\u00e7 ile Bursa\u2019ya g\u00f6\u00e7en merhume Fatma Genel,gurbet ile ge\u00e7en koca bir \u00f6mr\u00fc Bursa\u2019da noktalayarak ruhunu mevlaya teslim etti.<\/span><\/p>\n<p><span>Merhume Fatma \u00c7i\u00e7ek,, 22 Nisan 2025 Sal\u0131 g\u00fcn\u00fc (bug\u00fcn) ikindi namaz\u0131na m\u00fcteakip \u0130stanbullu Hasan Mezarl\u0131\u011f\u0131 Erenler Camiinde k\u0131l\u0131nacak ve ayn\u0131 yerde bulunan aile kabristanl\u0131\u011f\u0131nda son yolculu\u011funa u\u011furlan<\/span><\/p>\n<p><span><strong>UZUNG\u00d6L\u2019DE VATANDA\u015eLARDAN HES TEPK\u0130S\u0130<\/strong><\/span><\/p>\n<p><span>Uzung\u00f6l ve Ta\u015fk\u0131ran B\u00f6lgesinde yap\u0131lmas\u0131 planlanan Uzung\u00f6l HES Toplant\u0131s\u0131 \u00c7ED Raporu vatanda\u015f bilgilendirme toplant\u0131s\u0131 \u00c7aykara Halk\u0131n\u0131n toplant\u0131da HES Projesini istemiyoruz tepkileri ile vatanda\u015flar\u0131n tepki toplant\u0131s\u0131na d\u00f6n\u00fc\u015ft\u00fc.<\/span><\/p>\n<p><span>Trabzonspor Elektrik \u00dcretim Ticaret A.\u015e. taraf\u0131ndan\u00a0 ger\u00e7ekle\u015ftirilmek istenen Uzung\u00f6l Reg\u00fclat\u00f6r\u00fc ve HES Projesi Halk\u0131n Bilgilendirilmesi ve S\u00fcrece kat\u0131l\u0131m toplant\u0131s\u0131 vatanda\u015flar taraf\u0131ndan g\u00f6sterilen tepkiler sebebi ile ger\u00e7ekle\u015ftirilemeden sona erdi.<\/span><\/p>\n<p><span>2024 Y\u0131l\u0131nda yap\u0131lmas\u0131 planlanan ancak Uzung\u00f6l,Ta\u015fk\u0131ran ve B\u00f6lge Halk\u0131n\u0131n \u00e7ok yo\u011fun tepkileri sebebi ile yap\u0131m\u0131ndan vaz ge\u00e7ildi\u011fi a\u00e7\u0131klanan Uzung\u00f6l HES Projesi i\u00e7in firma taraf\u0131ndan yeniden ihale s\u00fcreci a\u00e7\u0131larak \u00c7ED Raporu kapsam\u0131nda bilgilendirme toplant\u0131s\u0131 ger\u00e7ekle\u015ftirildi.<\/span><\/p>\n<p><span>24 Nisan 2025 Per\u015fembe G\u00fcn\u00fc \u00c7aykara Halk E\u011fitim Merkezi toplant\u0131 Salonunda ger\u00e7ekle\u015ftirilen Bilgilendirme toplant\u0131s\u0131 vatanda\u015flar\u0131n projeye g\u00f6stermi\u015f olduklar\u0131 tepkiler sebebi ile tepki toplant\u0131s\u0131na d\u00f6n\u00fc\u015ft\u00fc.<\/span><\/p>\n<p><span>Ger\u00e7ekle\u015ftirilen Bilgilendirme toplant\u0131s\u0131 \u00f6ncesinde vatanda\u015flar Toplant\u0131n\u0131n ger\u00e7ekle\u015ftirilece\u011fi \u00a0\u00c7aykara Halk E\u011fitim Merkezi \u00f6n\u00fcnde toplanarak ve \u201cUzung\u00f6l\u2019e HES,Vallahi Pes\u201d,\u201dDo\u011fas\u0131 ile Karadenize de\u011fer katan Uzung\u00f6l\u2019\u00fc HES\u2019ler ile yok etmeyelim\u201d pankartlar\u0131 ta\u015f\u0131yarak ger\u00e7ekle\u015ftirilmek istenen HES Projesine y\u00f6nelik tepkilerini dile getirdiler.<\/span><\/p>\n<p><span>Ger\u00e7ekle\u015ftirilen toplant\u0131ya CHP \u00c7aykara \u0130l\u00e7e Ba\u015fkan\u0131 Naim \u00c7imen,Saadet Partisi \u00c7aykara \u0130l\u00e7e Ba\u015fkan\u0131 Mehmet Nuri Kad\u0131o\u011flu,Yeniden Refah Partisi \u00c7aykara \u0130l\u00e7e Ba\u015fkan\u0131 \u0130dris Aky\u00fcz,Uzung\u00f6l Muhtar\u0131Selman Dilek,Ta\u015fk\u0131ran Muhtar\u0131 H\u00fcseyin Alamano\u011flu,K\u00f6seli Mahallesi Muhtar\u0131 Mustafa \u00d6zen,Demirli Mahallesi Muhtar\u0131 Yusuf Sever,Uzung\u00f6l Turizmciler Derne\u011fi Ba\u015fkan\u0131 ve \u00c7aykara belediyesi meclis \u00dcyesi Mehmet Kele\u015f,Uzung\u00f6l \u00c7evre Koruma K\u00fclt\u00fcr ve Turizm Derne\u011fi Ba\u015fkan\u0131 Abdullah \u00d6zen kat\u0131l\u0131m sa\u011flad\u0131.<\/span><\/p>\n<p><span>Solakl\u0131 Deresinin \u00fcst mahalleleri olan Demirkap\u0131 Mahallesi,Yayla\u00f6n\u00fc Mahallesi,Uzung\u00f6l,Demirli Mahallesi,K\u00f6seli Mahallesi,Ta\u015fk\u0131ran Mahallesinin yan\u0131 s\u0131ra Kara\u00e7am,K\u00f6knar Mahalleleri ve \u00c7aykara \u0130l\u00e7e Merkezinden y\u00fczlerce vatanda\u015f toplant\u0131ya kat\u0131l\u0131m sa\u011flayarak projeye tepkilerini dile getirdiler.<\/span><\/p>\n<p><span>HES Projesi \u00c7ED Bilgilendirme toplant\u0131s\u0131 \u00f6ncesinde Y\u00fcklenici Firma ekibi proje sunum tan\u0131t\u0131m\u0131na haz\u0131rlan\u0131rken toplant\u0131ya kat\u0131l\u0131m sa\u011flayan vatanda\u015flar proje sunumunu dinlemeyeceklerini,proje sunumunun ba\u015flamas\u0131 durumunda salonu terk edeceklerini bu sebeple kendilerine s\u00f6z hakk\u0131 verilmesi gerekti\u011fini dile getirdiler.<\/span><\/p>\n<p><span>Bu geli\u015fme \u00fczerine Y\u00fcklenici Firma Yetkilileri vatanda\u015flara s\u00f6z verme karar\u0131 ald\u0131.<\/span><\/p>\n<p><span>Bu b\u00f6l\u00fcmde s\u00f6z alan Uzung\u00f6l ve Ta\u015fk\u0131ran Yerel Y\u00f6neticileri,STK Temsilcileri ve vatanda\u015flar projenin b\u00f6lgeye verece\u011fi zarar\u0131,\u00c7aykara \u0130l\u00e7esinin do\u011fal g\u00fczellikleri ile \u00dclkemizin ve D\u00fcnyan\u0131n en \u00f6nemli Turizm destinasyonlar\u0131ndan bir tanesi oldu\u011funu,D\u00fcnyan\u0131n en \u00f6nemli Turizm Merkezlerinden bir tanesi olan Uzung\u00f6l\u2019de HES Projesini ger\u00e7ekle\u015ftirmeye \u00e7al\u0131\u015fman\u0131n hi\u00e7bir mant\u0131kl\u0131 izah\u0131n\u0131n bulunmad\u0131\u011f\u0131n\u0131 ifade ederek projenin geri \u00e7ekilmesi gerekti\u011fini ifade ettiler.<\/span><\/p>\n<p><span>Toplant\u0131ya kat\u0131l\u0131m sa\u011flayan vatanda\u015flar HES Projesi ile ilgili tepkilerini dile getirdikten sonra HES Projesi Bilgilendirme Toplant\u0131s\u0131n\u0131 dinlemeden Salonu terk ettiler.<\/span><\/p>\n<p><span>Toplant\u0131 kay\u0131tlar\u0131 Rap\u00f6rt\u00f6rler taraf\u0131ndan tutana\u011fa ge\u00e7irilirken tepki sonras\u0131nda t\u00fcm vatanda\u015flar\u0131n salonu terk etmesi durumu da tutana\u011fa eklendi ve Proje \u00c7ED Raporu sunum toplant\u0131s\u0131 ger\u00e7ekle\u015ftirilmeden toplant\u0131 sona erdi.<\/span><\/p>\n<p><span>HES Projesi tepkisi ile ilgili olarak g\u00f6r\u00fc\u015flerini dile getiren Turizm Merkezi Uzung\u00f6l Muhtar\u0131 Selman Dilek a\u00e7\u0131klamas\u0131nda \u015fu ifadelere yer verdi.<\/span><\/p>\n<p><span>\u00c7aykara \u0130l\u00e7esi ve Solakl\u0131 Deresi Muhtarlar\u0131 olarak aylard\u0131r g\u00fcndemimizde hep ayn\u0131 konu var.Do\u011fal g\u00fczelli\u011fi ile d\u00fcnyaya mal olmu\u015f \u00dclkemizin en g\u00fczel yerle\u015fim yerlerinden olan Uzung\u00f6l ve Solakl\u0131 Deresi ger\u00e7ekle\u015ftirilmek istenen HES Projesi ile yok edilmeye \u00e7al\u0131\u015f\u0131l\u0131yor.<\/span><\/p>\n<p><span>B\u00f6lge Muhtarl\u0131klar\u0131,Uzung\u00f6l ve B\u00f6lgemizde yer alan STK Temsilcileri ve vatanda\u015flar\u0131m\u0131z ile birlikte hem yetkili firma sahiplerine hem de yetkili makamlara \u015funu anlatmaya \u00e7al\u0131\u015ft\u0131k.<\/span><\/p>\n<p><span>Uzung\u00f6l Turizmde bir D\u00fcnya Markas\u0131d\u0131r.Bu Markay\u0131 do\u011fal g\u00fczelli\u011fi sayesinde kazanm\u0131\u015ft\u0131r.Bizler atalar\u0131m\u0131zdan devrald\u0131\u011f\u0131m\u0131z tertemiz do\u011fay\u0131 tertemiz suyunuzu bizden sonra gelecek olan nesillere miras olarak b\u0131rakmak istiyoruz.Bu konuda her t\u00fcrl\u00fc m\u00fccadeleyi vermeye haz\u0131r\u0131z.<\/span><\/p>\n<p><span>\u00c7aykara ve Solakl\u0131 Deresi olarak bu projenin iptal edilmesi i\u00e7in aylarca m\u00fccadele yapt\u0131k.Projenin yap\u0131lmas\u0131n\u0131n planland\u0131\u011f\u0131 Ta\u015fk\u0131ran Mahallemizde kurmu\u015f oldu\u011fu HES Kar\u015f\u0131t\u0131 Toplanma Merkezimizde k\u0131\u015f mevsiminin o b\u00fcy\u00fck so\u011fu\u011funda 24 saat kesintisiz n\u00f6bet tutarak tepkimizi dile getirdik.<\/span><\/p>\n<p><span>Bunun yan\u0131 s\u0131ra Resmi Makamlara gerekli ba\u015fvurular\u0131m\u0131z\u0131 yaparak tepkilerimizi dile getirdik.<\/span><\/p>\n<p><span>Solakl\u0131 Deresi olarak ger\u00e7ekle\u015ftirmi\u015f oldu\u011fumuz tepki bir s\u00fcre sonra toplumumuzda kar\u015f\u0131l\u0131\u011f\u0131n\u0131 da buldu.,<\/span><\/p>\n<p><span>Ba\u015fta Sanat,spor ve siyaset d\u00fcnyas\u0131 olmak \u00fczere toplumun her kesiminden bizlere \u00e7ok b\u00fcy\u00fck destek geldi.<\/span><\/p>\n<p><span>\u00c7aykara Belediye Ba\u015fkan\u0131m\u0131z Say\u0131n Hanefi Tok ve Trabzon B\u00fcy\u00fck\u015fehir Belediye Ba\u015fkan\u0131m\u0131z Say\u0131n Ahmet Metin Gen\u00e7 yapm\u0131\u015f olduklar\u0131 a\u00e7\u0131klamalar ile HES Projesine kar\u015f\u0131 olduklar\u0131n\u0131 defalarca ifade ettiler.<\/span><\/p>\n<p><span>Son olarak \u00c7aykara \u0130l\u00e7esi Muhtarlar\u0131 olarak yapm\u0131\u015f oldu\u011fumuz Ankara ziyaretlerimiz kapsam\u0131nda Enerji ve Tabii Kaynaklar Bakan\u0131m\u0131z Say\u0131n Alparslan Albayrak\u2019a da bu konudaki hassasiyetimizi ve kararl\u0131l\u0131\u011f\u0131m\u0131z\u0131 ifade ettik.<\/span><\/p>\n<p><span>Say\u0131n Bakan\u0131m\u0131z bizlere yapm\u0131\u015f olduklar\u0131 a\u00e7\u0131klamalarda bu projeye kar\u015f\u0131 olduklar\u0131n\u0131,Uzung\u00f6l\u2019\u00fcn do\u011fal g\u00fczelli\u011finin korunmas\u0131 gerekti\u011fini bu konuda rahat olmam\u0131z gerekti\u011fini ifade ettiler.<\/span><\/p>\n<p><span>\u015eimdi ise geline noktada yeni bir \u00c7ED Raporu Halk\u0131 Bilgilendirme toplant\u0131s\u0131 ile kar\u015f\u0131 kar\u015f\u0131ya b\u0131rak\u0131ld\u0131k.<\/span><\/p>\n<p><span>Bu g\u00fcn t\u00fcm \u00c7aykara kararl\u0131 duru\u015funu ortaya koydu.<\/span><\/p>\n<p><span>Daha \u00f6nce defalarca ifade etti\u011fimiz gibi.Solakl\u0131 Deresi olarak Bu cennet do\u011fay\u0131 sermayenin esiri yapmayaca\u011f\u0131z.Muhte\u015fem do\u011fam\u0131z e\u015fsiz do\u011fal g\u00fczelli\u011fi ile D\u00fcnya Turizmi,ne hizmet yapmaya devam edecek.<\/span><\/p>\n<p><span>3200 Metre y\u00fckseklikteki K\u0131rklar Da\u011f\u0131n\u0131n eteklerinden koptuktan sonra yakla\u015f\u0131k 50 KM\u2019lik yolculu\u011funun ard\u0131ndan Of \u0130l\u00e7emizden Karadeniz ile birle\u015fen Solakl\u0131 Deremiz \u00f6zg\u00fcr sular\u0131 \u00f6zg\u00fcr olarak akmaya devam edecek.<\/span><\/p>\n<p><span>B\u00f6lgemizin ve insanlar\u0131m\u0131z\u0131n bu duyarl\u0131l\u0131\u011f\u0131n\u0131n art\u0131k yetkililer taraf\u0131ndan dikkate al\u0131nmas\u0131 ve bu projenin \u0130PTAL edilmesini talep ediyoruz.<\/span><\/p>\n<p><span>D\u00fc\u015f\u00fcnmek bile istemiyoruz ama aksi bir durumda b\u00f6lge halk\u0131 olarak her t\u00fcrl\u00fc tepki ve eylemlerimizi ortaya koymaya devam edece\u011fiz.<\/span><\/p>\n<p><span><strong>TUR\u0130ZM MERKEZ\u0130 UZUNG\u00d6L\u2019DE T\u00dcB\u0130TAK CO\u015eKUSU<\/strong><\/span><\/p>\n<p><span>Karadeniz ve \u00dclke Turizminin en \u00f6nemli Merkezlerinden Uzung\u00f6l\u2019de T\u00dcB\u0130TAK 4006 Bilim Fuar\u0131\u00a0heyecan\u0131 ya\u015fand\u0131.<\/span><\/p>\n<p><span>\u015eehit Mehmet Ayg\u00fcn \u0130mam Hatip Ortaokulu M\u00fcd\u00fcr\u00fc Ali Malko\u00e7 y\u00f6netiminde ve \u0130ngilizce \u00d6\u011fretmeni \u015e\u00fckran Kaplan\u2019\u0131n organizasyonunda haz\u0131rlanan ve T\u00dcB\u0130TAK taraf\u0131ndan kabul edilen 15 Proje sunumu ve T\u00dcB\u0130TAK 4006 Bilim Fuar\u0131 12 May\u0131s 2025 Pazartesi g\u00fcn\u00fc Uzung\u00f6l\u2019de bulunan okulda ger\u00e7ekle\u015ftirildi.<\/span><\/p>\n<p><span>A\u00e7\u0131l\u0131\u015f T\u00f6renine \u00c7aykara \u0130l\u00e7e Milli E\u011fitim M\u00fcd\u00fcr\u00fc Ahmet \u00c7amurali,\u0130l\u00e7e Milli E\u011fitim \u015eube M\u00fcd\u00fcr\u00fc Numan Tuncer,\u00c7aykara Gen\u00e7lik ve Spor \u0130l\u00e7e M\u00fcd\u00fcr\u00fc Yusuf Kurt,\u00c7aykara \u0130l\u00e7e Tar\u0131m M\u00fcd\u00fcr\u00fc Ersin Yavuz Birkan,\u00c7aykara M.\u0130lhan Durgun Devlet Hastanesi Ba\u015fhekimi Dr.Ahmet Peker,Ta\u015fk\u0131ran E\u011fitim Kurumlar\u0131 M\u00fcd\u00fcr\u00fc \u0130dris Hac\u0131mahmuto\u011flu,\u015eehit Mehmet Ayg\u00fcn E\u011fitim Kurumlar\u0131 M\u00fcd\u00fcr\u00fc Ali Malko\u00e7 ile \u00f6\u011fretmen ve \u00f6\u011frenciler ile veliler kat\u0131l\u0131m sa\u011flad\u0131.<\/span><\/p>\n<p><span>T\u00dcB\u0130TAK 4006 Bilim Fuar\u0131 \u00e7er\u00e7evesinde,T\u00fcrk\u00e7e,matematik,sosyal bilgiler,fen bilimleri,\u0130ngilizce ve din k\u00fclt\u00fcr\u00fc alanlar\u0131nda \u00f6\u011frenciler taraf\u0131ndan rehber \u00f6\u011fretmen g\u00f6zetiminde haz\u0131rlanan 15 proje sergilendi.<\/span><\/p>\n<p><span>Fen ve Teknoloji alan\u0131nda ak\u0131ll\u0131 \u0131\u015f\u0131k,yedi\u011fim yemekler asit mi baz m\u0131?,do\u011fadan gelen mucizeler,a\u011f\u0131rl\u0131k bir kuvvettir,Geri D\u00f6n\u00fc\u015f\u00fcm\u00fcn \u00fclke ekonomisine katk\u0131s\u0131,De\u011ferler E\u011fitimi alan\u0131nda De\u011ferlerimiz ile oyun,Geziyorum e\u011fleniyorum,matematik alan\u0131nda bir say\u0131 se\u00e7,\u00e7\u00f6z\u00fcyorum \u00f6\u011freniyorum,sosyal bilgiler alan\u0131nda Uzung\u00f6l\u2019\u00fcn de\u011fi\u015fen y\u00fcz\u00fc\u011f turizm do\u011fa ili\u015fkisi,\u0130ngilizce alan\u0131nda The Tower of the Days(G\u00fcnler Kulesi),The Calender Expres(Takvim Treni,T\u00fcrk\u00e7e alan\u0131nda T\u00fcrk\u00e7e s\u00f6yle yabanc\u0131 kalma projeleri g\u00f6r\u00fcc\u00fcye \u00e7\u0131kt\u0131.<\/span><\/p>\n<p><span>Okul M\u00fcd\u00fcr\u00fc Ali Malko\u00e7\u2019un Proje Tan\u0131t\u0131m sunumu ile ba\u015flayan fuar a\u00e7\u0131l\u0131\u015f\u0131nda daha sonra protokol \u00fcyeleri taraf\u0131ndan Bilim Fuar\u0131n\u0131n a\u00e7\u0131l\u0131\u015f kurdelesi kesildi.<\/span><\/p>\n<p><span>Protokol \u00fcyeleri 15 projeyi ayr\u0131 ayr\u0131 incelerken g\u00f6revli \u00f6\u011frenciler taraf\u0131ndan haz\u0131rlanan proje ile ilgili teknik detaylar\u0131n a\u00e7\u0131klanmas\u0131n\u0131n yan\u0131 s\u0131ra haz\u0131rlanan projelerin uygulamal\u0131 olarak sahada aktif olarak uygulanmas\u0131 ve hayat\u0131m\u0131zdaki yeri ve \u00f6nemi anlat\u0131ld\u0131 ve sorular cevapland\u0131.<\/span><\/p>\n<p><span><strong>GURBETTE SAADETT\u0130N \u00d6ZT\u00dcRK VEFAT ETT\u0130<\/strong><\/span><\/p>\n<p><span>Van \u00d6zalp D\u00f6nerdere k\u00f6y\u00fcnde \u0130kamet eden hem\u015fehrimiz, *YA\u015eAR \u00a0(SADETT\u0130N) \u00d6ZT\u00dcRK ( Gande ) vefat etmi\u015ftir.<\/span><\/p>\n<p><span>Merhum Saadettin \u00d6zt\u00fcrk \u015eaban \u00d6zt\u00fcrk\u2019\u00fcn abisi,Ya\u015far Ero\u011flu\u2019nun damad\u0131,Mustafa \u00d6zt\u00fcrk\u2019\u00fcn amcas\u0131n\u0131n o\u011flu,\u0130\u015f Adam\u0131 Mehmet \u00c7akmak ile \u00d6\u011fretmen Hilmi Kan\u0131k\u2019\u0131n e\u015flerinin abisiydi.<\/span><\/p>\n<p><span>\u00d6rnek toplum insan\u0131 okulu s\u0131cak ve temiz y\u00fcre\u011fi ile herkesin y\u00fcre\u011finde taht kuran Ya\u015far \u00d6zt\u00fcrk\u2019\u00fcn gen\u00e7 ya\u015fta hayat\u0131n\u0131 kaybetmesi D\u00d6NERDERE ve Uzung\u00f6l\u2019\u00fc g\u00f6z ya\u015flar\u0131na bo\u011fdu.<\/span><\/p>\n<figure><img decoding=\"async\" src=\"https:\/\/caykaragundem.com\/resimler\/2026-1\/1\/661381415230337.webp\"><\/figure>\n<p><span>\u00a0Merhum Ya\u015far(Saadettin) \u00d6zt\u00fcrk 26 MAYIS 2025 \u00a0Pazartesi G\u00fcn\u00fc \u00d6\u011fle namaz\u0131n\u0131 m\u00fcteakip , D\u00f6nerdere K\u00f6y\u00fc Camiinde k\u0131l\u0131nan \u00a0cenaze namaz\u0131n\u0131n ard\u0131ndan, D\u00f6nerdere k\u00f6y\u00fc Kabtistanl\u0131\u011f\u0131na* defnedildi.<\/span><\/p>\n<p><span><strong>UZUNG\u00d6L\u2019L\u00dc AZ\u0130ZE \u00d6ZBEK GURBETTE A\u011eLATTI<\/strong><\/span><\/p>\n<p><span>Van \u00d6zalp D\u00f6nerdere k\u00f6y\u00fcnde ikamet eden de\u011ferli hem\u015ferimiz Azize \u00d6zbek yakalanm\u0131\u015f oldu\u011fu amans\u0131z hastal\u0131ktan kurtulamayarak vefat etti.<\/span><\/p>\n<p><span>Merhume Azize \u00d6zbek, Alay \u00d6zbek\u2019in e\u015fi Van 100. Y\u0131l Dursun Odaba\u015f T\u0131p Merkezi Y\u00f6neticilerinden\u00a0\u0130smail \u00d6zbek ve Kaymakam\u00a0 Abdullah \u00d6zbek\u2019in anneleriydi,<\/span><\/p>\n<p><span>\u00c7e\u015fitli rahats\u0131zl\u0131klar\u0131 bulunan Merhume Azize \u00d6zbek,yakalanm\u0131\u015f oldu\u011fu amans\u0131z hastal\u0131ktan kurtulmayarak hayat\u0131n\u0131 kaybetti.<\/span><\/p>\n<p><span>Merhume Azize \u00d6zbek,02 HAZ\u0130RAN 2025 Pazartesi G\u00fcn\u00fc (Bug\u00fcn) \u0130kindi namaz\u0131n\u0131 m\u00fcteakip , D\u00f6nerdere K\u00f6y\u00fc Camiinde k\u0131l\u0131nacak\u00a0 cenaze namaz\u0131n\u0131n ard\u0131ndan, D\u00f6nerdere K\u00f6y\u00fc Mezarl\u0131\u011f\u0131na defnedil<\/span><\/p>\n<p><span><strong>TUR\u0130ZM MERKEZ\u0130 UZUNG\u00d6L\u2019DE GELENEKSEL ALABALIK AVLAMA YARI\u015eMASI<\/strong><\/span><\/p>\n<p><span>Turizm Merkezi Uzung\u00f6l&#8217;de 8.Geleneksel Alabal\u0131k Avlama Yar\u0131\u015fmas\u0131 Ger\u00e7ekle\u015ftirildi.<\/span><\/p>\n<p><span>Trabzon Av Market taraf\u0131ndan organize edilen Geleneksel Uzung\u00f6l 8.Alabal\u0131k Avlama Yar\u0131\u015fmas\u0131 15 Haziran 2024 Pazar G\u00fcn\u00fc ger\u00e7ekle\u015ftirildi.<\/span><\/p>\n<p><span>Tar\u0131m ve Orman Bakanl\u0131\u011f\u0131 Do\u011fa Koruma ve Milli Parklar Genel M\u00fcd\u00fcrl\u00fc\u011f\u00fc 12.B\u00f6lge M\u00fcd\u00fcrl\u00fc\u011f\u00fc Trabzon \u015eube M\u00fcd\u00fcrl\u00fc\u011f\u00fc Tabiat Turizm Etkinlikleri kapsam\u0131nda Trabzon Av Market taraf\u0131ndan organizasyonu ger\u00e7ekle\u015ftirilen Geleneksel Uzung\u00f6l 8. Alabal\u0131k Avlama Yar\u0131\u015fmas\u0131 14 Temmuz 2024\u00a0 \u00a0Pazar G\u00fcn\u00fc Karadeniz ve \u00dclke Turizminin en \u00f6nemli Merkezlerinden Uzung\u00f6l\u2019de ger\u00e7ekle\u015ftirildi.<\/span><\/p>\n<figure><img decoding=\"async\" src=\"https:\/\/caykaragundem.com\/resimler\/2026-1\/1\/86574998932221.webp\"><\/figure>\n<p><span>Organizasyonu\u00a0 Fatih Saran\u2019\u0131n da ortak oldu\u011fu Trabzon Av Market taraf\u0131ndan ger\u00e7ekle\u015ftirilen Geleneksel Alabal\u0131k Avlama Yar\u0131\u015fmas\u0131 Trabzon Milli Parklar \u0130l M\u00fcd\u00fcrl\u00fc\u011f\u00fcn\u00fcn de kat\u0131l\u0131m\u0131 ile ger\u00e7ekle\u015ftirildi ve yar\u0131\u015fman\u0131n hakemleri Trabzon Milli Parklar \u0130l M\u00fcd\u00fcrl\u00fc\u011f\u00fc taraf\u0131ndan sa\u011fland\u0131.\u00a0<\/span><\/p>\n<p><span>Organizasyona Do\u011fa Koruma ve milli parklar 12. B\u00f6lge \u015eube M\u00fcd\u00fcr\u00fc P\u0131nar Akg\u00fcn, Tar\u0131m Orman Bal\u0131k\u00e7\u0131l\u0131k Su \u00dcr\u00fcnleri M\u00fcd\u00fcr\u00fc Bayram Sancar, Milli Parklar Erzurum B\u00f6lge\u00a0 M\u00fcd\u00fcr\u00fc Akif \u00dcm\u00fczer,Uzung\u00f6l Turizmciler Derne\u011fi Ba\u015fkan\u0131 \u00a0ve \u00c7aykara Belediyesi Meclis \u00dcyesi Mehmet Kele\u015f ve sporcular kat\u0131l\u0131m sa\u011flad\u0131.\u00a0<\/span><\/p>\n<p><span><strong>UZUNG\u00d6L B\u0130RL\u0130K A.\u015e\u2019DE MUSTAFA KEMAL ZENG\u0130N D\u00d6NEM\u0130<\/strong><\/span><\/p>\n<p><span>Uzung\u00f6l Birlik A.\u015e.Ola\u011fan Genel Kurulunda Mustafa Kemal Zengin y\u00f6netimindeki y\u00f6netim kurulu se\u00e7ilerek g\u00f6reve ba\u015flad\u0131.<\/span><\/p>\n<p><span>Uzung\u00f6l Birlik A.\u015e. Ola\u011fan Genel Kurulu 15 Haziran 2025 Pazar G\u00fcn\u00fc Uzung\u00f6l\u2019de bir vtesiste ger\u00e7ekle\u015ftirildi.<\/span><\/p>\n<p><span>Ge\u00e7ti\u011fimiz D\u00f6nem Ba\u015fkan olan \u0130dris Aky\u00fcz\u2019\u00fcn aday olmad\u0131\u011f\u0131 Ola\u011fan Genel Kurulda se\u00e7ime tek liste ile gidildi ve Mustafa Kemal Zengin Ba\u015fkanl\u0131\u011f\u0131ndaki yeni y\u00f6netim kurulu se\u00e7ildi.<\/span><\/p>\n<p><span>Sayg\u0131 Duru\u015fu ve \u0130stiklal Mar\u015f\u0131n\u0131n okunmas\u0131 ile ba\u015flayan Ola\u011fan Genel Kurulda mevcut Ba\u015fkan \u0130dris Aky\u00fcz taraf\u0131ndan bir selamlama konu\u015fmas\u0131 ger\u00e7ekle\u015ftirildi.<\/span><\/p>\n<p><span>Y\u00f6netim ve Denetleme Kurulunun okunmas\u0131 ve onaylanmas\u0131n\u0131n ard\u0131ndan protokol konu\u015fmalar\u0131 ger\u00e7ekle\u015ftirildi.<\/span><\/p>\n<p><span>Genel Kurulun son b\u00f6l\u00fcm\u00fcnde se\u00e7ime gidildi ve tek liste halinde se\u00e7ime kat\u0131lan Mustafa Kemal Zengin ve Y\u00f6netim Kurulu yeni Y\u00f6netim Kurulu olarak se\u00e7ildi.<\/span><\/p>\n<p><span>Genel Kurulun son b\u00f6l\u00fcm\u00fcnde bir te\u015fekk\u00fcr konu\u015fmas\u0131 yapan Mustafa Kemal Zengin,ge\u00e7ti\u011fimiz d\u00f6nemde \u015firkette g\u00f6rev alan t\u00fcm Ba\u015fkan ve Y\u00f6netim Kurulklar\u0131n\u0131n \u00e7ok g\u00fczel ve faydal\u0131 hizmetler verdiklerini hepsine te\u015fekk\u00fcr bor\u00e7lu olduklar\u0131n\u0131 ifade etti.<\/span><\/p>\n<p><span>Konu\u015fmas\u0131nda g\u00f6revi devrald\u0131\u011f\u0131 \u0130dris Aky\u00fcz ve Y\u00f6netim Kuruluna ayr\u0131ca te\u015fekk\u00fcr eden Mustafa Kemal Zengin,\u0130dris Aky\u00fcz ve ekibinin sadece \u015firketi ekonomik anlamda \u00e7ok iyi y\u00f6netmekle kalmad\u0131klar\u0131n\u0131 ayn\u0131 zamanda sosyal ve toplumsal alanlardaki \u00f6rnek ve faydal\u0131 \u00e7al\u0131\u015fmalar\u0131 ile \u00f6rnek bir \u015firket olduklar\u0131n\u0131 ifade etti.<\/span><\/p>\n<p><span>Ba\u015fkan Mustafa Kemal Zengin yeni se\u00e7ilen y\u00f6netim kurulu olarak g\u00f6rev s\u00fcreleri i\u00e7erisinde ger\u00e7ekle\u015ftirecekleri \u00e7al\u0131\u015fmalar ve haz\u0131rlayacaklar\u0131 \u00f6rnek projeleri ile \u015firketi \u00e7ok daha iyi yerlere ta\u015f\u0131may\u0131 hedeflediklerini ifade eden Mustafa Kemal Zengin hedeflerinin hem ekonomik anlamda g\u00fc\u00e7l\u00fc bir \u015firket hem de sosyal ve toplumsal alanlarda aktif olarak hizmet veren \u00f6rnek bir \u015firket olmay\u0131 hedeflediklerini s\u00f6zlerine ekledi.<\/span><\/p>\n<p><span>Yeni se\u00e7ilen Y\u00f6netim Kurulu \u015fu isimlerden olu\u015ftu.<\/span><\/p>\n<p><span>Mustafa Kemal Zengin-Y\u00f6netim Kurulu Ba\u015fkan\u0131<\/span><\/p>\n<p><span>Y\u00f6netim\u00a0 Kurulu<\/span><\/p>\n<p><span>Recep Kocaman\u00a0<\/span><\/p>\n<p><span>\u00d6mer K\u0131r<\/span><\/p>\n<p><span>Lokman Ayg\u00fcn\u00a0<\/span><\/p>\n<p><span>Ahmet Oktay \u00d6zen\u00a0<\/span><\/p>\n<p><span>S\u00fcleyman Sezgin<\/span><\/p>\n<p><span>\u00d6zg\u00fcr G\u00fcrsel Karag\u00f6z<\/span><\/p>\n<p><span>Mustafa Kele\u015f<\/span><\/p>\n<p><span><strong>\u015e\u00dcKR\u0130YE ZEREN A\u011eLATTI<\/strong><\/span><\/p>\n<p><span>Turizm Merkezi Uzung\u00f6l\u2019de 1984-1989 D\u00f6nemi Uzung\u00f6l Belediye Ba\u015fkan\u0131 Mehmet Zeren\u2019in e\u015fi \u015e\u00fckriye ZEREN vefat etti.<\/span><\/p>\n<p><span>\u00c7e\u015fitlimrahats\u0131zl\u0131klar\u0131 bulunan merhume \u015e\u00fckriye ZEREN Uzung\u00f6l\u2019deki evinde vefat etti.<\/span><\/p>\n<p><span>Merhume \u015e\u00fckriye ZerenUzung\u00f6l\u2019\u00fcn sevilen isimlerinden emekli \u00f6\u011fretmen ve CHP \u0130l\u00e7e Ba\u015fkanlar\u0131ndan Mustafa ZEREN ile \u015eeref Zeren\u2019in anneleri,Uzung\u00f6l\u2019\u00fcn gen\u00e7 turizmcilerindennMehmet Zeren\u2019in babaannesiydi.<\/span><\/p>\n<p><span>Merhume \u015e\u00fckriye ZEREN,*19 \u00a0Haziran \u00a02025 \u00a0Per\u015fembe g\u00fcn\u00fc (Yar\u0131n) \u00a0\u00d6\u011fle* Namaz\u0131n\u0131 m\u00fcteakip \u00a0*Uzung\u00f6l merkez camii&#8217;nde* \u00a0k\u0131l\u0131nan cenaze namaz\u0131n\u0131n ard\u0131ndan Monoyir Asri \u00a0mezarl\u0131\u011f\u0131na defnedildi<\/span><\/p>\n<p><span>UZUNG\u00d6L\u2019\u00dcN YA\u015eAYAN \u00c7INARI GURBETTE A\u011eLATTI<\/span><\/p>\n<p><span>Van \u00d6zalp D\u00f6nerdere Mahallesinde ya\u015fayan\u00a0 Hem\u015fehrimiz\u00a0Alay \u00d6zbek\u00a0 Vefat etti.<\/span><\/p>\n<p><span>\u00c7e\u015fitli rahats\u0131zl\u0131klar\u0131 bulunan ve hastanede tedavi g\u00f6ren Alay \u00d6zbek,tedavi g\u00f6rd\u00fc\u011f\u00fc hastanede hayat\u0131n\u0131 kaybetti.<\/span><\/p>\n<p><span>Merhum Alay \u00d6zbek Van 100. Y\u0131l Dursun Odaba\u015f T\u0131p Merkezi Y\u00f6neticilerinden\u00a0\u0130smail \u00d6zbek ve Kaymakam\u00a0 Abdullah \u00d6zbek\u2019in babalar\u0131,D\u00f6nerdere Kalk\u0131nma Kooperatifi Ba\u015fkan\u0131 Turgay \u00d6zbek ile D\u00f6nerdere Mahallesinin sosyal ve k\u00fclt\u00fcrel anlamdaki t\u00fcm etkinlik ve organizasyonlar\u0131n mimar\u0131 Ayhan \u00d6zbek\u2019in amcalar\u0131yd\u0131.<\/span><\/p>\n<p><span>D\u00f6nerdere Kalk\u0131nma Kooperatifi Ba\u015fkan\u0131 ba\u015far\u0131l\u0131 ve \u00f6rnek \u00e7al\u0131\u015fmalar\u0131 ile takdir toplayan Turgay \u00d6zbek ile D\u00f6nerdere Mahallesinin sosyal ve k\u00fclt\u00fcrel t\u00fcm etkinliklerinde g\u00f6rev alan Ayhan \u00d6zbek\u2019in\u00a0amcalar\u0131 olan merhum Alaybey \u00d6zbek,\u00f6rnek toplum insan\u0131 vasf\u0131 ile herkes taraf\u0131ndan \u00e7ok sevilen bir insan olarak tan\u0131n\u0131yordu.<\/span><\/p>\n<p><span>1965 Y\u0131l\u0131nda Uzung\u00f6l\u2019den Van \u00d6zalp D\u00f6nerdere mahallesine \u0130skan olarak giden hem\u015ferilerimizden biri olan Merhum Alay \u00d6zbek,toplum i\u00e7erisinde insanlar ile kurmu\u015f oldu\u011fu m\u00fckemmel ileti\u015fim ve \u00f6rnek toplum insan\u0131 olma vasf\u0131 ile toplum taraf\u0131ndan \u00e7ok sevilen ve de sayg\u0131 duyulan bir insand\u0131.<\/span><\/p>\n<p><span>Merhum Alay \u00d6zbek,04 TEMMUZ \u00a02025 \u00a0Cuma g\u00fcn\u00fc \u00a0Cuma \u00a0namaz\u0131n\u0131 m\u00fcteakip , D\u00f6nerdere K\u00f6y\u00fc Camiinde k\u0131l\u0131nan \u00a0cenaze namaz\u0131n\u0131n ard\u0131ndan, D\u00f6nerdere K\u00f6y\u00fc Mezarl\u0131\u011f\u0131na defnedildi<\/span><\/p>\n<p><span><strong>UZUNG\u00d6L G\u00dcLEN Y\u00dcZ\u00dcN\u00dc KAYBETT\u0130<\/strong><\/span><\/p>\n<p><span>Uzung\u00f6l Merkez Hocal\u0131 Mahallesinden Merhum \u015eaban Ayg\u00fcn\u2019\u00fcn han\u0131m\u0131 Nuriye Ayg\u00fcn vefat etti.<\/span><\/p>\n<p><span>\u00c7e\u015fitli rahats\u0131zl\u0131klar\u0131 bulunan ve yakla\u015f\u0131k bir seneden bu yana hastanede ve evde tedavi g\u00f6ren Nuriye Ayg\u00fcn yakaland\u0131\u011f\u0131 amans\u0131z hastal\u0131ktan kurtulamayarak hayat\u0131n\u0131 kaybetti.<\/span><\/p>\n<p><span>Merhume Nuriye Ayg\u00fcn Mustafa ve S\u00fcleyman Dan\u0131\u015f\u2019\u0131n ablalar\u0131,Mustafa ve Almanya\u2019da ikamet eden Ahmet Ayg\u00fcn\u2019\u00fcn a\u011fabeylerinin \u00a0e\u015fi,Almanya\u2019da ikamet eden Ya\u015far Ayg\u00fcn ile \u015eekersu Muhtar\u0131 Mehmet Ayg\u00fcn ve \u00c7aykara Belediyesi personeli G\u00fcrkan Ayg\u00fcn\u2019\u00fcn anneleri,Demirli Muhtarlar\u0131ndan Mustafa Ayaz\u2019\u0131n bald\u0131z\u0131yd\u0131.<\/span><\/p>\n<p><span>Sosyal ve toplumsal y\u00f6n\u00fc \u00e7ok iyi Okan ve \u00f6rnek bir toplum insan\u0131 olarak tan\u0131nan Nuriye Ayg\u00fcn\u2019\u00fcn ani vefat\u0131 Uzung\u00f6l\u2019\u00fc g\u00f6z ya\u015flar\u0131na bo\u011fdu.<\/span><\/p>\n<p><span>Merhume Nuriye Ayg\u00fcn,12 Temmuz 2025 Cumartesi g\u00fcn\u00fc \u00f6\u011fle namaz\u0131na m\u00fcteakip Uzung\u00f6l Merkez Camiinde k\u0131l\u0131nan cenaze namaz\u0131n\u0131n ard\u0131ndan Monoyir asri mezarl\u0131\u011f\u0131nda son yolculu\u011funa u\u011furland\u0131<\/span><\/p>\n<p><span><strong>GURBETTE EFSANE \u0130S\u0130M EMEKL\u0130YE AYRILDI<\/strong><\/span><\/p>\n<p><span>Van \u00d6zalp D\u00f6nerdere Mahallesinde \u0130mam Hatip olarak g\u00f6rev yapan \u00c7aykara\u2019l\u0131 hem\u015ferimiz Ya\u015far Genel,65 ya\u015f s\u0131n\u0131r\u0131n\u0131 doldurmas\u0131 sebebi ile zorunlu olarak emekliye ayr\u0131ld\u0131.<\/span><\/p>\n<p><span>Mahallede \u00e7ok sevilen,\u00e7al\u0131\u015fkanl\u0131\u011f\u0131n\u0131n yan\u0131 s\u0131ra sosyal ve toplumsal alanlardaki \u00f6rnek ve ba\u015far\u0131l\u0131 \u00e7al\u0131\u015fmalar\u0131 ile tan\u0131nan Ya\u015far Genel\u2019in emekliye ayr\u0131lmas\u0131 gurbette ya\u015fayan hem\u015ferilerimiz taraf\u0131ndan \u00e7ok b\u00fcy\u00fck bir \u00fcz\u00fcnt\u00fc ile kar\u015f\u0131land\u0131.<\/span><\/p>\n<p><span>1960 Do\u011fumlu olan Ya\u015far Genel,hen\u00fcz 5 ya\u015f\u0131nda iken ailesi ile birlikte \u00a0Uzung\u00f6l\u2019den Van \u00d6zalp D\u00f6nerdere Mahallesine iskan olarak gitti.<\/span><\/p>\n<p><span>Ancak Uzung\u00f6l ile ba\u011f\u0131n\u0131 koparmayan Ya\u015far Genel,\u0130lkokul E\u011fitimini D\u00f6nerdere Mahallesinde tamamlad\u0131ktan sonra yeniden Uzung\u00f6l\u2019e d\u00f6nd\u00fc ve B\u00fcy\u00fckk\u00f6y\u2019de bulunan Uzung\u00f6l Kur\u2019an Kursunda Haf\u0131zl\u0131k ve Arap\u00e7a e\u011fitimini tamamlad\u0131.<\/span><\/p>\n<p><span>Daha sonra yeniden D\u00f6nerdere Mahallesine geri d\u00f6nen Ya\u015far Genel,\u00e7e\u015fitli i\u015flerde \u00e7al\u0131\u015f\u0131rken bir yandan da e\u011fitimini tamamlad\u0131.Ortaokul ve Liseyi A\u00e7\u0131k\u00f6\u011fretim yolu ile bitiren Ya\u015far Genel azmi ve cesareti sayesinde \u0130lahiyat Fak\u00fcltesini de tamamlayarak akademik e\u011fitimini de tamamlam\u0131\u015f oldu.<\/span><\/p>\n<p><span>Gen\u00e7lik y\u0131llar\u0131nda \u00c7ok uzun seneler D\u00f6nerdere Kalk\u0131nma Kooperatifinde Ka\u015far ve Beyaz Peynir Ustas\u0131 olarak hizmet veren Ya\u015far Genel Hocam\u0131z uzun seneler tabiri caiz ise evinin yolunu unutmu\u015f sabah 06.00\u2019da ba\u015flayan \u00e7al\u0131\u015fma mesaisi \u00e7o\u011fu zaman ertesi sabah 01-02\u2019lere kadar s\u00fcrm\u00fc\u015f hatta evine dahi gidemedi\u011fi zamanlarda sandalyelerin \u00fczerinde iki saatlik uyku ile D\u00f6nerdere Mahallesine hizmet vermi\u015ftir.<\/span><\/p>\n<p><span>D\u00f6nerdere Kalk\u0131nma Kooperatifinin T\u00fcrkiye Genelinde \u00f6rnek Kooperatif se\u00e7ilmesinde hizmetleri,emekleri ve \u00e7al\u0131\u015fmalar\u0131 ile \u00e7ok b\u00fcy\u00fck katk\u0131lar sunan Ya\u015far Genel Hocam\u0131z\u0131n Kooperatifte usta olarak g\u00f6rev yapt\u0131\u011f\u0131 y\u0131llar i\u00e7erisinde \u00fcretilen kaliteli s\u00fct \u00fcr\u00fcnleri ile T\u00fcrkiye genelinde marka bir kooperatif olmas\u0131nda \u00e7ok b\u00fcy\u00fck emek ve katk\u0131lar sunmu\u015ftur.<\/span><\/p>\n<p><span>D\u00f6nerdere Mahallesine \u0130mam olarak atamas\u0131 ger\u00e7ekle\u015ftirilen Ya\u015far Genel,Camiyi kendi evi gibi g\u00f6rerek yakla\u015f\u0131k 30 sene boyunca caminin t\u00fcm ihtiya\u00e7lar\u0131n\u0131 ya kendi el eme\u011fi ile ya da yak\u0131n \u00e7evresinden sa\u011flam\u0131\u015f oldu\u011fu destek ile kar\u015f\u0131lad\u0131.<\/span><\/p>\n<figure><img decoding=\"async\" src=\"https:\/\/caykaragundem.com\/resimler\/2026-1\/1\/61152992918929.webp\"><\/figure>\n<p><span>\u0130slamiyeti ya\u015fam\u0131na uygulamaya \u00e7al\u0131\u015farak hayat\u0131n\u0131 s\u00fcrd\u00fcren Ya\u015far Genel,al\u00e7akg\u00f6n\u00fcll\u00fcl\u00fc\u011f\u00fc,\u00f6rnek ahlak\u0131,m\u00fctevazi ve iyi kalpli ki\u015fili\u011fi ile toplumun her kesiminin \u00e7ok sevdi\u011fi ve sayg\u0131 duydu\u011fu bir insan olarak ya\u015fam\u0131n\u0131 s\u00fcrd\u00fcrd\u00fc.<\/span><\/p>\n<p><span>Becerisi sayesinde elinden her i\u015f gelen Ya\u015far Genel bu yetene\u011fini t\u00fcm mahalle halk\u0131n\u0131n faydas\u0131na kullanarak D\u00f6nerdere Mahallesinde ya\u015fayan t\u00fcm hem\u015ferilerimize faydal\u0131 olabilmek i\u00e7in \u00f6mr\u00fc boyunca ko\u015fu\u015fturdu.<\/span><\/p>\n<p><span>1996 Y\u0131l\u0131nda Fahri \u0130mam Hatip olarak D\u00f6nerdere Merkez Camiinde insanlar\u0131m\u0131za hizmet vermeye ba\u015flayan Ya\u015far Genel,09.01.1997 tarihi itibar\u0131 ile Resmi Kadrolu \u0130mam Hatip olarak ayn\u0131 camide g\u00f6rev yapmaya ba\u015flad\u0131 ve bu g\u00f6revini yakla\u015f\u0131k 28 y\u0131l boyunca devam ettirdi.<\/span><\/p>\n<p><span>Yakla\u015f\u0131k 30 y\u0131ldan bu yana D\u00f6nerdere Mahallesinde bulunan t\u00fcm \u00e7ocuklara Kur\u2019an E\u011fitimi veren \u0130mam Ya\u015far Genel,yumu\u015fak ve sevecen ahlak yap\u0131s\u0131 ile \u00e7ocuklar\u0131n severek ve isteyerek Kur\u2019an E\u011fitimi almalar\u0131na imkan tan\u0131d\u0131.<\/span><\/p>\n<p><span>D\u00f6nerdere Mahallesinin ve D\u00f6nerdere Merkez Camiinin \u00c7evre D\u00fczenlemesi kapsam\u0131nda a\u011fa\u00e7land\u0131r\u0131lmas\u0131 \u00e7al\u0131\u015fmalar\u0131na 30 seneden bu yana aral\u0131ks\u0131z devam eden Ya\u015far Genel Hocam\u0131z,kurak bir Do\u011fu Anadolu co\u011frafyas\u0131nda yemye\u015fil bir karadeniz k\u00f6y\u00fcn\u00fcn ortaya \u00e7\u0131kmas\u0131nda \u00e7ok b\u00fcy\u00fck emekler verdi.<\/span><\/p>\n<p><span>D\u00f6nerdere Merkez Camiinde olu\u015fturmu\u015f oldu\u011fu oturma odas\u0131 ile insanlar\u0131 camiye ba\u011flamay\u0131 ba\u015faran \u0130mam Hatip Ya\u015far Genel hem insanlara dini konularda ger\u00e7ekle\u015ftirmi\u015f oldu\u011fu sohbetleri ile insanlar\u0131n ufkunu a\u00e7arken hem de s\u0131cak sohbet ortam\u0131nda memleket ve g\u00fcncel konular\u0131n konu\u015fulmas\u0131n\u0131 sa\u011flayarak insanlar\u0131n bir aile gibi birbirlerine s\u0131ms\u0131k\u0131 sar\u0131lmalar\u0131na ortam haz\u0131rlad\u0131.<\/span><\/p>\n<p><span>Ya\u015far Genel Hocam\u0131z\u0131n D\u00f6nerdere Mahallesine vermi\u015f oldu\u011fu en b\u00fcy\u00fck hizmetlerden bir tanesi elbette ki D\u00f6nerdere Kur\u2019an Kursu Hizmet Binas\u0131n\u0131n yap\u0131lmas\u0131 ve e\u011fitime kazand\u0131r\u0131lmas\u0131.<\/span><\/p>\n<p><span>Bu konuda \u00e7ok \u00f6zel gayretler ile \u00e7al\u0131\u015fan Ya\u015far Genel Hocam\u0131z ba\u015fta Hay\u0131rsever \u0130\u015f insan\u0131 ve g\u00f6n\u00fcl adam\u0131 Ali Hikmet Alibeyo\u011flu ve Bayram Genel Hocam\u0131z olmak \u00fczere yak\u0131n \u00e7evresindeki arkada\u015flar\u0131 ile kurmu\u015f oldu\u011fu m\u00fckemmel ileti\u015fimi ile D\u00f6nerdere Kur\u2019an Kursu in\u015faat binas\u0131n\u0131n yap\u0131m\u0131n\u0131 tamamlamay\u0131 ba\u015fard\u0131.<\/span><\/p>\n<p><span>Kendisi de profesyonel in\u015faat ustas\u0131 olan Ya\u015far Genel Hocam\u0131z hem Kur&#8217;an Kursu in\u015faat\u0131nda hem caminin tadilat i\u015flerinde hem de Mahallede vatanda\u015flar\u0131n her t\u00fcrl\u00fc in\u015faat i\u015fljerinde aktif o\u0131larak g\u00f6rev alarak insanlar\u0131m\u0131za hizmet vermi\u015ftir.<\/span><\/p>\n<p><span>Ayn\u0131 zamanda profesyonel Kasap olan Ya\u015far Genel Hocam\u0131z k\u00f6ydeki her t\u00fcrl\u00fc hayvan kesimi i\u015filerinde hem\u015ferilerimizin yard\u0131m\u0131na ko\u015fmu\u015ftur.<\/span><\/p>\n<p><span>Yat\u0131l\u0131 Kur\u2019an Kursu Binas\u0131n\u0131n tamamlanmas\u0131n\u0131n ard\u0131ndan ise \u00f6nce kendi k\u00f6y\u00fcnden sonra da yak\u0131n k\u00f6ylerden haf\u0131z aday\u0131 \u00f6\u011frencilerin Kur\u2019an Kursunda \u00f6\u011frenim g\u00f6rmelerini sa\u011flayan Ya\u015far Genel Hocam\u0131z Kur\u2019an Kursundan y\u00fczlerce Haf\u0131z \u00f6\u011frencinin yeti\u015ftirilmesini sa\u011flam\u0131\u015f oldu.<\/span><\/p>\n<p><span>Sadece bu kadar de\u011fil tabi ki.Kur\u2019an Kursu\u2019nun yat\u0131l\u0131 olmas\u0131 sebebi ile kursta \u00f6\u011frenim g\u00f6ren \u00f6\u011frencilerin g\u0131da,\u0131s\u0131nma,elektrik ve su ihtiya\u00e7lar\u0131n\u0131 da yak\u0131n \u00e7evresinden ve dostlar\u0131ndan temin eden Ya\u015far Genel Hocam\u0131z bu konuda her y\u0131l Turizm Merkezi Uzung\u00f6l\u2019den de destek alarak bu hizmetlerin ba\u015far\u0131l\u0131 bir \u015fekilde y\u00fcr\u00fct\u00fclmesine katk\u0131 sa\u011flad\u0131.<\/span><\/p>\n<p><span>D\u00f6nerdere Mahallesi asri mezarl\u0131\u011f\u0131n\u0131n \u00e7evre d\u00fczenlemesi ve d\u00fczenli hale getirilmesinde \u00e7ok b\u00fcy\u00fck nemek ve gayretleri olan Ya\u015far Genel Hocam\u0131z ayn\u0131 zamanda D\u00f6nerdere Mahallemize kazand\u0131rm\u0131\u015f oldu\u011fu morg yeri ile cenazelerin buraya konulmas\u0131nda \u00e7ok b\u00fcy\u00fck emek vermi\u015ftir.<\/span><\/p>\n<p><span>E\u011fitimcili\u011fi,yumu\u015fak ahlak yap\u0131s\u0131,g\u00f6revini severek isteyerek ve g\u00f6n\u00fclden yapmas\u0131,el becerisinin geli\u015fmi\u015f olmas\u0131 gibi \u00e7ok y\u00f6nl\u00fc \u00f6zellikleri ile toplumda farkl\u0131 ve \u00f6zel bir rol \u00fcstlenen Ya\u015far Genel Hocam\u0131z ayn\u0131 zamanda kimseye k\u0131zmayan,kimseye k\u00fcsmeyen t\u00fcm insanlar\u0131 kucaklayan sevecen insan yap\u0131s\u0131 ile de topluma \u00f6rnek olmay\u0131 ba\u015farm\u0131\u015ft\u0131r.<\/span><\/p>\n<p><span>Ya\u015far Genel Hocam\u0131z ile ilgili m\u00fcjdeli ve g\u00fczel bir haberi payla\u015farak bitirelim yaz\u0131m\u0131z\u0131<\/span><\/p>\n<p><span>Hocam\u0131z diyor ki:<\/span><\/p>\n<p><span>Ben D\u00f6nerdere Mahallesinde \u0130maml\u0131k g\u00f6revime zaten fahri olarak hi\u00e7bir \u00fccret talep etmeden ba\u015flam\u0131\u015ft\u0131m.Sonmras\u0131nda Allah nasip etti.\u0130maml\u0131k g\u00f6revime ba\u015flad\u0131m.\u015eimdi ise zorunlu olarak emekliye ayr\u0131l\u0131yorum.Ancak \u00f6mr\u00fcm\u00fc verdi\u011fim D\u00f6nerdere Merkez Camiinden ayr\u0131lm\u0131yorum.Camimize Resmi bir \u0130mam Hatip atamas\u0131 yap\u0131lana kadar ben Fahri olarak hi\u00e7bir \u00fccret talep etmeden k\u00f6y\u00fcme ve insanlar\u0131ma imam olarak hizmet vermeye devam edece\u011fim.<\/span><\/p>\n<p><span>\u00c7aykara G\u00fcndem Gazetesi olarak \u00f6mr\u00fcn\u00fc D\u00f6nerdere Mahallesi Halk\u0131na adayan ve insanlar\u0131m\u0131za hizmet verebilmek i\u00e7in \u00f6mr\u00fc boyunca ko\u015fu\u015fturan Sevgili Ya\u015far Genel Hocam\u0131za te\u015fekk\u00fcr ve minnet duygular\u0131m\u0131z\u0131 iletiyor,emekli olduktan sonra da onun engin bilgi ve tecr\u00fcbelerine ihtiyac\u0131m\u0131z\u0131n oldu\u011funu ifade ediyor ve k\u0131ymetli hocam\u0131za sa\u011fl\u0131kl\u0131 uzun bir \u00f6m\u00fcr diliyoruz.<\/span><\/p>\n<p><span><strong>ELMAS MANAVO\u011eLU HAYATA TUTUNAMADI<\/strong><\/span><\/p>\n<p><span>Uzung\u00f6l\u00a0 \u0130nceli Mahalle&#8217;sinden \u00a0Hayri Manavo\u011flu&#8217;nun E\u015fi\u00a0 Elmas Manavo\u011flu vefat etti.<\/span><\/p>\n<p><span>\u00c7e\u015fitli rahats\u0131zl\u0131klar\u0131 bulunan Merhume Elmas Manavo\u011flu,tedavi g\u00f6rd\u00fc\u011f\u00fc hastanede hayat\u0131n\u0131 kaybetti.<\/span><\/p>\n<p><span>Merhume Elmas Manavo\u011flu,Uzung\u00f6l&#8217;\u00fcn sevilen esnaflar\u0131ndan ve Turizm \u0130\u015fletmecilerinden Hayri Manavo\u011flu\u2019nun e\u015fi,Mustafa Manavo\u011flu\u2019nun annesi,Uzung\u00f6l\u2019\u00fcn sevilen esnaflar\u0131ndan ve turizmcilerinden Zeki Manap\u2019\u0131n karde\u015fiydi.<\/span><\/p>\n<p><span>Merhume Elmas Manavo\u011flu\u00a029 Temmuz 2025\u00a0 Sal\u0131 g\u00fcn\u00fc (Yar\u0131n)\u00a0 \u00d6\u011fle namaz\u0131n\u0131 m\u00fcteakip Uzung\u00f6l Merkez Camii&#8217;inde\u00a0 k\u0131l\u0131nan cenaze namaz\u0131n\u0131n ard\u0131ndan \u0130nceli\u00a0Mahalle&#8217;sine\u00a0 defnedildi.<\/span><\/p>\n<p><span>\u015e\u00dcKR\u00dc \u0130LHAN \u0130STANBUL\u2019DA VEFAT ETT\u0130<\/span><\/p>\n<p><span>\u0130stanbul&#8217;da ikamet eden Uzung\u00f6ll\u00fc hem\u015fehrimiz \u015e\u00fckr\u00fc \u0130lhan vefat etti.<\/span><\/p>\n<p><span>\u00c7e\u015fitli hastal\u0131klar\u0131 bulunan \u015e\u00fckr\u00fc \u0130lhan tedavi g\u00f6rd\u00fc\u011f\u00fc hastanede ya\u015fam sava\u015f\u0131n\u0131 kaybetti.<\/span><\/p>\n<p><span>Merhum \u015e\u00fckr\u00fc \u0130lhan Mehmet Hanefi \u0130lhan ile Katip \u0130lhan\u2019\u0131n babalar\u0131,Uzung\u00f6l\u2019\u00fcn sevilen Turizmcilerinden Mehmet \u0130lhan\u2019\u0131n kay\u0131npederi,Salih ve Fatih \u0130lhan\u2019\u0131n dedeleri,\u015eekersu Mahallesi K\u00fclt\u00fcr ve Dayan\u0131\u015fma Derne\u011fi Ba\u015fkan\u0131 Ahmet Hulusi \u0130lhan\u2019\u0131n amcas\u0131yd\u0131.<\/span><\/p>\n<p><span>Merhum \u015e\u00fckr\u00fc \u0130lhan,03 A\u011fustos 2025 Pazar g\u00fcn\u00fc (Yar\u0131n) \u00d6\u011fle Namaz\u0131n\u0131 M\u00fcteakip Uzung\u00f6l Merkez Camiinde k\u0131l\u0131nan cenaze namaz\u0131n\u0131n ard\u0131ndan Kablanoz Mevkiindeki aile mezarl\u0131\u011f\u0131na defnedildi<\/span><\/p>\n<p><span>KAYMAKAMIK KUPASI AL\u0130 KELE\u015e FUTBOL TURNUVASINDA \u015eAMP\u0130YON UZUNG\u00d6LSPOR<\/span><\/p>\n<p><span>\u00c7aykara Kaymakaml\u0131\u011f\u0131 Ali Kele\u015f Futbol Turnuvas\u0131n\u0131n Final M\u00fcsabakas\u0131nda Antikorspor\u2019u 4-1 yenmeyi ba\u015fara Uzung\u00f6lspor Turnuvada \u015eampiyonlu\u011fa ula\u015ft\u0131.<\/span><\/p>\n<p><span>\u00c7aykara Kaymakaml\u0131\u011f\u0131n\u0131n himayelerinde Trabzon B\u00fcy\u00fck\u015fehir Belediyesi ve \u00c7aykara Belediyesinin katk\u0131lar\u0131 ile haz\u0131rlanan ve 13 tak\u0131m\u0131n kat\u0131l\u0131m\u0131 ile ger\u00e7ekle\u015ftirilen 2024 Y\u0131l\u0131 Ali Kele\u015f Futbol Turnuvas\u0131 yakla\u015f\u0131k bir ay s\u00fcrd\u00fc.<\/span><\/p>\n<p><span><strong>\u00c7aykara Kaymakam\u0131 Ali Sapmaz,\u00c7aykara Belediye Ba\u015fkan\u0131 Hanefi Tok,\u00c7aykara \u0130l\u00e7e Jandarma Komutan\u0131 \u00dcste\u011fmen Emre Can Narin,\u00c7aykara \u0130l\u00e7e Emniyet Amiri Komiser Alparslan Albayrak,AK Parti \u00c7aykara \u0130l\u00e7e Ba\u015fkan\u0131 Muhammet Sel\u00e7uk ,\u00c7aykara Gen\u00e7lik ve Spor \u0130l\u00e7e M\u00fcd\u00fcr\u00fc Yusuf Kurt,\u00c7aykara \u0130l\u00e7e Tar\u0131m M\u00fcd\u00fcr\u00fc Ersin Yavuz Birkan,turnuva boyunca oynanan t\u00fcm m\u00fcsabakalara kat\u0131l\u0131m sa\u011flayarak tak\u0131mlar\u0131n heyecanlar\u0131n\u0131 payla\u015ft\u0131lar.<\/strong><\/span><\/p>\n<p><span>Turnuva Organizasyon Komitesi taraf\u0131ndan Final M\u00fcsabakas\u0131 dolay\u0131s\u0131 ile Organizasyon Komitesi taraf\u0131ndan \u00e7e\u015fitli etkinlik ve organizasyonlar ger\u00e7ekle\u015ftirildi.<\/span><\/p>\n<p><span>Karadeniz M\u00fczi\u011finin g\u00fc\u00e7l\u00fc sesleri Sinan Sami ve Onay \u015eahin \u0130l\u00e7e Stadyumunda ger\u00e7ekle\u015ftirilen konser ile hayranlar\u0131 ilke bulu\u015ftu.<\/span><\/p>\n<p><span>Yakla\u015f\u0131k 4000 ki\u015finin kat\u0131l\u0131m sa\u011flad\u0131\u011f\u0131 \u00fccretsiz halk konserinde tabiri caiz ise insan seli ya\u015fand\u0131.<\/span><\/p>\n<figure><img decoding=\"async\" src=\"https:\/\/caykaragundem.com\/resimler\/2026-1\/1\/785601712366272.webp\"><\/figure>\n<p><span><strong>Uzung\u00f6lspor ile Antikorspor aras\u0131nda oynanan Final M\u00fcsabakas\u0131 Uzung\u00f6lspor tak\u0131m\u0131n\u0131n 4-1\u2019lik \u00fcst\u00fcnl\u00fc\u011f\u00fc ile sona erdi ve bu sonu\u00e7la Uzung\u00f6lspor Turnuvay\u0131 \u015eampiyon olarak tamamlamay\u0131 ba\u015fard\u0131.<\/strong><\/span><\/p>\n<p><span>Turnuvan\u0131n gol kral\u0131 ise Antikorspor tak\u0131m\u0131ndan Semih Akg\u00fcl oldu.<\/span><\/p>\n<p><span>Kar\u015f\u0131la\u015fma sonunda Kupa t\u00f6reni ger\u00e7ekle\u015ftirildi.<\/span><\/p>\n<p><span>Kupa T\u00f6reninde Trabzon Gen\u00e7lik ve Spor \u0130l M\u00fcd\u00fcr\u00fc Lokman Ar\u0131c\u0131o\u011flu,\u00c7aykara Belediye Ba\u015fkan\u0131 Hanefi Tok ve \u00c7aykara Kaymakam\u0131 Ali Sapmaz taraf\u0131ndan birer selamlama konu\u015fmas\u0131 ger\u00e7ekle\u015ftirildi.<\/span><\/p>\n<p><span>Ge\u00e7irmi\u015f oldu\u011fu ani bir trafik kazas\u0131 sonunda gen\u00e7 ya\u015fta hayat\u0131n\u0131 kaybeden ve turnuvaya ismi verilen Ali Kele\u015f\u2019e Kaymakam Sapmaz,Ba\u015fkan Tok ve M\u00fcd\u00fcr Ar\u0131c\u0131o\u011flu taraf\u0131ndan plaket takdimi ger\u00e7ekle\u015ftirildi.<\/span><\/p>\n<p><span>Turnuva boyunca sporcular\u0131n sa\u011fl\u0131\u011f\u0131 i\u00e7in her ma\u00e7ta g\u00f6n\u00fcll\u00fc olarak stadyumdaki yerini alan Doktor \u00c7ilem Ok\u2019a Plaket Takdimi ger\u00e7ekle\u015ftirildi.<\/span><\/p>\n<p><span>Organizasyondaki emek ve katk\u0131lar\u0131ndan dolay\u0131 \u00c7aykara Gen\u00e7lik ve Spor \u0130l\u00e7e M\u00fcd\u00fcr\u00fc Yusuf Kurt\u2019a ba\u015far\u0131 belgesi ve plaketi \u00c7aykara Kaymakam\u0131 Ali Sapmaz taraf\u0131ndan takdim edildi.<\/span><\/p>\n<p><span>Konser ve Final Organizasyonunun t\u00fcm foto\u011fraf ve video \u00e7ekimleri drone \u00e7ekimleri ile birlikte Co\u015fkun Dilma\u00e7 taraf\u0131ndan ger\u00e7ekle\u015ftirildi.<\/span><\/p>\n<p><span>Kar\u015f\u0131la\u015fman\u0131n Hakemlerine Plaket takdimi ger\u00e7ekle\u015ftirildi.<\/span><\/p>\n<p><span>Turnuva \u0130kincisi Antikorspor ve Turnuva \u015eampiyonu Uzung\u00f6lspor\u2019a Kupa ve Madalyalar\u0131 Kaymakam Ali Sapmaz,Belediye Ba\u015fkan\u0131 Hanefi Tok,\u0130L M\u00fcd\u00fcr\u00fc Lokman Ar\u0131c\u0131o\u011flu ve Protokol \u00dcyeleri taraf\u0131ndan verildi.<\/span><\/p>\n<p><span>Kasr\u015f\u0131la\u015fma sonunda \u015eampiyon Uzung\u00f6lspor Kupa sevincini sahada taraftar\u0131 ile ya\u015farken kupa ile birlikte uzun ara\u00e7 konvoyu ile Uzung\u00f6l\u2019e \u00e7\u0131k\u0131ld\u0131 ve Kupa Sevinci Uzung\u00f6l\u2019de de devam etti.<\/span><\/p>\n<p><span><strong>UZUNG\u00d6LSPOR \u00c7OK FARKLI 4-1<\/strong><\/span><\/p>\n<p><span>Final m\u00fcsabakas\u0131nda tak\u0131mlar hakemler ile birlikte\u015eampiyonlar Ligi m\u00fczi\u011fi e\u015fli\u011finde sahaya \u00e7\u0131kt\u0131lar.<\/span><\/p>\n<p><span>Kar\u015f\u0131la\u015fma Sayg\u0131 duru\u015fu ve \u0130stiklal Mar\u015f\u0131m\u0131z\u0131n okunmas\u0131 ile ba\u015flad\u0131.<\/span><\/p>\n<p><span>Antikorspor kar\u015f\u0131la\u015fmada \u015fu onbire ile m\u00fccadele etti.<\/span><\/p>\n<p><span>Emre Ayd\u0131n,Ercan \u00c7ak\u0131r,Eren Korkmaz,Murat G\u00f6nan,Semih Akg\u00fcn,\u0130sa Annak,Erdo\u011fan \u00c7ak,Ahmet Peker,Ensar Korkmaz,Ahmet Faruk Y\u00fcksel,\u0130smail \u00c7ak\u0131r.<\/span><\/p>\n<p><span><strong>\u00c7aykara Mehmet \u0130lhan Durgun Devlet Hastanesi Personelinden olu\u015fan Antikorspor 2025 Y\u0131l\u0131 Kaymakaml\u0131k Kupas\u0131 Turnuvas\u0131n\u0131n en renkli tak\u0131mlar\u0131ndan biri olmay\u0131 ba\u015fard\u0131<\/strong><\/span><\/p>\n<p><span>Turnuvay\u0131 \u015eampiyon olarak tamamlayan \u015eampiyon Uzung\u00f6lspor sahaya \u015fu onbir ile \u00e7\u0131kt\u0131.<\/span><\/p>\n<p><span>Fatih \u0130lhan,Mehmet Ero\u011flu,Ahmet Aky\u00fcz,Salih Zeyrek,Ali \u0130hsan \u015eahin,Ya\u015far Onat,Ramazan Karaca,Ata Ahmet Tahan,Onur \u00d6zen,Ahmet \u00d6zkan,Salih Zeki \u015eahin<\/span><\/p>\n<p><span>Kar\u015f\u0131la\u015fmaya \u00e7ok istekli ve etkili ba\u015flayan Uzung\u00f6lspor Ahmet \u00d6zkan\u2019\u0131n aya\u011f\u0131ndan buldu\u011fu gol ile \u00f6ne ge\u00e7ti.<\/span><\/p>\n<p><span>Antikorspor ilk yar\u0131n\u0131n son dakikalar\u0131nda kazand\u0131\u011f\u0131 penalt\u0131y\u0131 gole \u00e7evirince kar\u015f\u0131la\u015fman\u0131n ilk devresi 1-1\u2019lik e\u015fitlik ile sona erdi.<\/span><\/p>\n<p><span>Uzung\u00f6lspor ma\u00e7\u0131n ikinci devresinde fark\u0131n\u0131 ortaya koydu.<\/span><\/p>\n<p><span>\u00d6nce Mehmet Ero\u011flu ile buldu\u011fu gol ile \u00f6ne ge\u00e7meyi ba\u015faran Uzung\u00f6lspor,Musa Kele\u015f ile fark\u0131 ikiye \u00e7\u0131kard\u0131.Mehmet Ero\u011flu ile bir gol daha bulan Uzung\u00f6lspor kar\u015f\u0131la\u015fmadan 4-1\u2019lik galibiyet ile ayr\u0131larak turnuvay\u0131 \u015eampiyon olarak tamamlamay\u0131 ba\u015fard\u0131.<\/span><\/p>\n<p><span><strong>TUR\u0130ZM MERKEZ\u0130 UZUNG\u00d6L\u2019DE T\u00dcRK\u00dc VE S\u0130NEMA KEYF\u0130<\/strong><\/span><\/p>\n<p><span>Karadeniz ve \u00dclke Turizminin en \u00f6nemli merkezlerinden Uzung\u00f6l\u2019de T\u00fcrk\u00fc ve Sinema keyfi birlikte ya\u015fand\u0131.<\/span><\/p>\n<p><span>Uzung\u00f6l Muhtar\u0131 Selman Dilek ile Uzung\u00f6l Turizmciler Derne\u011fi Ba\u015fkan\u0131 Mehmet Kele\u015f\u2019in ortak organizasyonu ile ger\u00e7ekle\u015ftirilen etkinlik 25 A\u011fustos 2025 Pazartesi ak\u015fam\u0131 ger\u00e7ekle\u015ftirildi.<\/span><\/p>\n<p><span>\u00c7aykara Kaymakam\u0131 Ali Sapmaz,\u00c7aykara Belediye Ba\u015fkan\u0131 Hanefi Tok ve Uzung\u00f6l Muhtar\u0131 Selman Dilek ger\u00e7ekle\u015ftirilen etkinli\u011fe kat\u0131l\u0131m sa\u011flad\u0131.<\/span><\/p>\n<p><span>Program kapsam\u0131nda K\u00fclt\u00fcr ve Turizm Bakanl\u0131\u011f\u0131 gezici t\u0131r\u0131 Uzung\u00f6l\u2019e getirilerek okul bah\u00e7esine yerle\u015ftirildi.<\/span><\/p>\n<p><span>Yakla\u015f\u0131k 10 Sanat\u00e7\u0131dan olu\u015fan K\u00fclt\u00fcr ve Turizm Bakanl\u0131\u011f\u0131 T\u00fcrk Halk M\u00fczi\u011fi korosu programda dinleyenlere hem T\u00fcrk Halk M\u00fczi\u011finin g\u00fczel t\u00fcrk\u00fcleri hem de Karadeniz oyun havalar\u0131ndan olu\u015fan t\u00fcrk\u00fcler ile muhte\u015fem bir ak\u015fam ya\u015fatt\u0131lar.<\/span><\/p>\n<p><span>T\u00fcrk Halk M\u00fczi\u011fi ve Karadeniz M\u00fczi\u011fine emek vermi\u015f olan emektar sanat\u00e7\u0131lar\u0131n resimleri ekrana yans\u0131t\u0131larak t\u00fcrk\u00fclerinin canland\u0131r\u0131ld\u0131\u011f\u0131 programda vefa kavram\u0131n\u0131n ne kadar \u00f6nemli oldu\u011fu bir kere daha g\u00f6zler \u00f6n\u00fcne serildi.<\/span><\/p>\n<p><span>Program\u0131n ikinci b\u00f6l\u00fcm\u00fcnde ise Gezici Sinema etkinli\u011fi kapsam\u0131nda Ba\u015frollerini Kadir \u0130nan\u0131r\u2019\u0131n payla\u015ft\u0131klar\u0131 \u201cSelvi Boylum,Al Yazmal\u0131m isimli T\u00fcrk filmi izleyiciler ile bulu\u015ftu.<\/span><\/p>\n<p><span>Uzung\u00f6l Halk\u0131 ile yerli ve yabanc\u0131 misafirlerin \u00e7ok b\u00fcy\u00fck bir ilgi g\u00f6sterdikleri Konser ve Sinema etkinli\u011fi \u00e7ok yo\u011fun bir kalabal\u0131\u011f\u0131n kat\u0131l\u0131m\u0131 ile ger\u00e7ekle\u015fti.<\/span><\/p>\n<p><span><strong>PEMPEGA AMANSIZ HASTALI\u011eA D\u0130RENEMED\u0130<\/strong><\/span><\/p>\n<p><span>Uzung\u00f6l\u2019\u00fcn ya\u015fayan \u00c7\u0131narlar\u0131ndan \u015ei\u015fe \u0130nci yakaland\u0131\u011f\u0131 amans\u0131z hastal\u0131ktan kurtulamayarak tedavi g\u00f6rd\u00fc\u011f\u00fc hastanede hayat\u0131n\u0131 kaybetti.<\/span><\/p>\n<p><span>Bir s\u00fcreden bu yana \u0130zmit\u2019te bulunan merhume \u015ei\u015fe \u0130nci yakla\u015f\u0131k 3 ay \u00f6nce hastaneye g\u00f6t\u00fcr\u00fclerek yo\u011fun bak\u0131m servisine al\u0131nm\u0131\u015ft\u0131.<\/span><\/p>\n<p><span>3 Aydan bu yana hastanede ya\u015fam sava\u015f\u0131 veren merhume \u015ei\u015fe \u0130nci 15 Eyl\u00fcl 2025 Pazartesi g\u00fcn\u00fc amans\u0131z hastal\u0131\u011fa daha fazla direnemeyerek hayat\u0131n\u0131 kaybetti.<\/span><\/p>\n<p><span>Toplum taraf\u0131ndan \u00e7ok sevilen,\u00f6rnek bir toplum insan\u0131 olarak g\u00f6sterilen,sevecenli\u011fi,merhameti ve her zaman g\u00fclen y\u00fcz\u00fc ve \u015fakalar\u0131 ile toplumda \u00f6rnek g\u00f6sterilen \u015ei\u015fe \u0130nci\u2019nin ani \u00f6l\u00fcm\u00fc Uzung\u00f6l\u2019\u00fc g\u00f6z ya\u015flar\u0131na bo\u011fdu.<\/span><\/p>\n<p><span>Merhume \u015ei\u015fe \u0130nci Uzung\u00f6l Muhtarlar\u0131ndan ve \u00e7ok sevilen isimlerinden \u0130smail \u0130nci((DAVUT)\u2019un e\u015fi,Yusuf,Dursun Ali,Recep ve Davut \u0130nci\u2019nin anneleri,Ya\u015far \u0130nci\u2019nin kay\u0131nvalidesiydi.<\/span><\/p>\n<p><span>Merhume \u015ei\u015fe \u0130nci\u2019nin cenazesi bu gece \u0130stanbul\u2019dan Trabzon\u2019a getiriliyor.<\/span><\/p>\n<p><span>16 Eyl\u00fcl 2025 Sal\u0131 g\u00fcn\u00fc ikindi namaz\u0131na m\u00fcteakip Uzung\u00f6l Merkez Camiinde k\u0131l\u0131nan cenaze namaz\u0131n\u0131n ard\u0131ndan Kaplanoz Mahallesinde bulunan aile kabristanl\u0131\u011f\u0131nda son yolculu\u011funa u\u011furland\u0131<\/span><\/p>\n<p><span><strong>UZUNG\u00d6L\u2019DE A\u011eLATAN KAZA<\/strong><\/span><\/p>\n<p><span>Uzung\u00f6l Elmal\u0131 Mahallesinde meydana gelen talihsiz kazada Yunus Mutlu hayat\u0131n\u0131 kaybetti.<\/span><\/p>\n<p><span>Edinilen bilgilere g\u00f6re \u0130n\u015faat Ustas\u0131 olan Yunus Mutlu Elmal\u0131 Mahallesinde yolun alt k\u0131sm\u0131nda bulunan evinin \u00fcst kat\u0131na \u00e7\u0131kan d\u0131\u015f merdiveni yeniden yapmak isteyen Yunus Mutlu eski merdiveni k\u0131rmaya \u00e7al\u0131\u015f\u0131rken \u00fcstte bulunan merdivenin k\u0131r\u0131larak kafas\u0131n\u0131n \u00fcst\u00fcne d\u00fc\u015fmesi sonucunda boynunu\u00a0 k\u0131r\u0131lmas\u0131 sonucu hayat\u0131n\u0131 kaybetti.<\/span><\/p>\n<p><span>Kazan\u0131n haber verilmesi \u00fczerine kaza yerine gelen 112 Acil Sa\u011fl\u0131k Ekibi kaza yerinde ger\u00e7ekle\u015ftirmi\u015f oldu\u011fu incelemede Yunus Mutlu\u2019nun hayat\u0131n\u0131 kaybetti\u011fini tespit etti..<\/span><\/p>\n<p><span>\u00c7aykara Cumhuriyet Ba\u015fsavc\u0131s\u0131 taraf\u0131ndan ger\u00e7ekle\u015ftirilen incelemenin ard\u0131ndan Merhum Yunus Mutlu\u2019nun cans\u0131z bedeni Trabzon Adli T\u0131p Kurumuna kald\u0131r\u0131ld\u0131.<\/span><\/p>\n<p><span>Gen\u00e7 ya\u015fta hayat\u0131n\u0131 kaybeden merhum Yunus Mutlu,Sait ve Dursun Mutlu\u2019nun karde\u015fleri,Kemalettin ve Vahdettin Mutlu\u2019nun babalar\u0131yd\u0131.<\/span><\/p>\n<p><span>Sessiz sakin ki\u015fili\u011fi ve insanlar ile kurmu\u015f oldu\u011fu \u00f6rnek ve g\u00fczel ileti\u015fimi ile toplumda herkes taraf\u0131ndan b\u00fcy\u00fck bir takdir g\u00f6ren Yunus Mutlu\u2019nun gen\u00e7 ya\u015fta ani vefat\u0131 Uzung\u00f6l\u2019\u00fc ve Elmal\u0131 Mahallesini g\u00f6z ya\u015flar\u0131na bo\u011fdu.<\/span><\/p>\n<p><span>Merhum Yunus Mutlu\u2019nun cenazesi 5 Ekim 2025 Pazar g\u00fcn\u00fc \u00f6\u011fle namaz\u0131na m\u00fcteakip Elmal\u0131 Mahallesinde k\u0131l\u0131narak ayn\u0131 yerde bulunan aile kabristanl\u0131\u011f\u0131nda son yolculu\u011funa u\u011furlan<\/span><\/p>\n<p><span><strong>HACI \u0130SMA\u0130L AKY\u00dcZ A\u011eLATTI<\/strong><\/span><\/p>\n<p><span>Uzung\u00f6l mahallesi b\u00fcy\u00fck k\u00f6y mevkiinden \u00a0\u0130smail Aky\u00fcz vefat etti.<\/span><\/p>\n<p><span>Uzun zamandan bu yana \u00e7e\u015fitli rahats\u0131zl\u0131klar\u0131 bulunan \u0130smail Aky\u00fcz,tedavi g\u00f6rd\u00fc\u011f\u00fc hastanede hayat\u0131n\u0131 kaybetti.<\/span><\/p>\n<p><span>Merhum \u0130smail Aky\u00fcz,Recep Aky\u00fcz\u2019\u00fcn karde\u015fi,Abdullah Aky\u00fcz\u2019\u00fcn babas\u0131,Zekeriye Aky\u00fcz ile \u0130dris Aky\u00fcz\u2019\u00fcn amcalar\u0131yd\u0131.<\/span><\/p>\n<p><span>Merhum \u0130smail Aky\u00fcz,14 Ekim 2025 Sal\u0131 G\u00fcn\u00fc \u00a0\u00f6\u011fle namaz\u0131na m\u00fcteakip Uzung\u00f6l Merkez Camiinde k\u0131l\u0131nan cenaze namaz\u0131n\u0131n ard\u0131ndan Monoy\u0131r Asri mezarl\u0131\u011f\u0131nda son yolculu\u011funa u\u011furland\u0131<\/span><\/p>\n<p><span><strong>UZUNG\u00d6L\u2019\u00dcN YA\u015eAYAN \u00c7INARI A\u011eLATTI<\/strong><\/span><\/p>\n<p><span>Uzung\u00f6l Mahallesi, B\u00fcy\u00fckk\u00f6y\u2019den hem\u015fehrimiz, Hac\u0131 Abdullah \u015eahin \u00a0(Hac\u0131 Mehmet) vefat etti.<\/span><\/p>\n<p><span>Ya\u015fl\u0131l\u0131\u011fa ba\u011fl\u0131 \u00e7e\u015fitli rahats\u0131zl\u0131klar\u0131 bulunan Hac\u0131 Abdullah \u015eahin Uzung\u00f6l\u2019deki evinde hayat\u0131n\u0131 kaybetti.<\/span><\/p>\n<p><span>Merhum Hac\u0131 Abdullah \u015eahin Uzung\u00f6l Merkez Camii Emekli \u0130mam Hatiplerinden ve ilim adamlar\u0131ndan \u015fair Hanefi \u015eahin&#8217;in babalar\u0131,Sabit Karaca ile \u015eaban K\u0131r\u2019\u0131n kay\u0131npederleriydi.<\/span><\/p>\n<p><span>Merhum Abdullah \u015eahin 22 EK\u0130M 2025 \u00c7ar\u015famba g\u00fcn\u00fc<\/span><br \/><span>\u00d6\u011fle namaz\u0131n\u0131 m\u00fcteakiben Uzung\u00f6l Merkez Camii\u2019nde k\u0131l\u0131nan \u00a0cenaze namaz\u0131n\u0131n ard\u0131ndan B\u00fcy\u00fckk\u00f6y\u2019deki Aile Mezarl\u0131\u011f\u0131na defnedildi<\/span><\/p>\n<p><span><strong>GURBETTEN UZUNG\u00d6L\u2019\u00dc A\u011eLATAN HABER<\/strong><\/span><\/p>\n<p><span>Uzung\u00f6l&#8217;\u00fcn Sevilen \u0130smi Aziz D\u00fczg\u00fcn,D\u00f6nerdere&#8217;de Vefat Etti.<\/span><\/p>\n<p><span>Aslen Uzung\u00f6l\u2019l\u00fc olup Van \u00d6zalp D\u00f6nerdere k\u00f6y\u00fcnde ikamet eden hem\u015fehrimiz,\u00a0 Aziz D\u00fczg\u00fcn vefat etti.<\/span><\/p>\n<p><span>Bir s\u00fcreden bu yana \u00e7e\u015fitli rahats\u0131zl\u0131k ve hastal\u0131k ile m\u00fccadele eden Aziz D\u00fczg\u00fcn yakaland\u0131\u011f\u0131 amans\u0131z hastal\u0131ktan kurtulamayarak hayat\u0131n\u0131 kaybetti ve Uzung\u00f6l\u2019\u00fc g\u00f6z ya\u015flar\u0131na bo\u011fdu.<\/span><\/p>\n<p><span>Sosyal ve toplumsal konulardaki duyarl\u0131l\u0131\u011f\u0131 ve \u00f6rnek bir insan olarak toplum taraf\u0131ndan \u00e7ok sevilen ve sayg\u0131 duyulan Aziz D\u00fczg\u00fcn\u2019\u00fcn ani vefat\u0131 Uzung\u00f6l ve Van\u2019\u0131 g\u00f6z ya\u015flar\u0131na bo\u011fdu.<\/span><\/p>\n<p><span>Merhum Aziz D\u00fczg\u00fcn Uzung\u00f6l\u2019\u00fcn \u00f6nemli isimlerinden ve b\u00fcrokratlar\u0131ndan Ara\u015ft\u0131rmac\u0131 Yazar Hasan D\u00fczg\u00fcn ile \u015e\u00fckr\u00fc D\u00fczg\u00fcn\u2019\u00fcn karde\u015fi,Adem ve Mustafa D\u00fczg\u00fcn\u2019\u00fcn babalar\u0131,\u015eevket Fidan\u2019\u0131n kay\u0131n\u0131,Salih Fidan\u2019\u0131n ise day\u0131s\u0131yd\u0131.<\/span><\/p>\n<p><span>Merhum Aziz D\u00fczg\u00fcn 24 Ekim \u00a02025 Cuma G\u00fcn\u00fc (yar\u0131n) Cuma namaz\u0131n\u0131 m\u00fcteakip , D\u00f6nerdere K\u00f6y\u00fc Camiinde k\u0131l\u0131nan cenaze namaz\u0131n\u0131n ard\u0131ndan, D\u00f6nerdere K\u00f6y\u00fc Mezarl\u0131\u011f\u0131nda son yolculu\u011funa u\u011furland\u0131<\/span><\/p>\n<p><span><strong>GEN\u00c7 FOTO\u011eRAF SANAT\u00c7ISI HAVVA AKY\u00dcZ ESERLER\u0130 \u0130LE G\u00d6Z KAMA\u015eTIRIYOR<\/strong><\/span><\/p>\n<p><span>Do\u011fu Karadeniz\u2019in e\u015fsiz do\u011fas\u0131 ve k\u00f6kl\u00fc k\u00fclt\u00fcrel miras\u0131, gen\u00e7 sanat\u00e7\u0131lar\u0131n elinde yeniden hayat buluyor. Uzung\u00f6l\u2019\u00fcn yeti\u015ftirdi\u011fi yeteneklerden Havva Aky\u00fcz, b\u00f6lgenin geleneksel ya\u015fam\u0131ndan esinlendi\u011fi \u00e7izimleriyle dikkatleri<\/span><\/p>\n<p><span>\u00fczerine \u00e7ekiyor.\u0130stanbul\u2019daki ilk b\u00fcy\u00fck sergisi i\u00e7in g\u00fcn say\u0131yor..<\/span><\/p>\n<p><span>Trabzon\u2019un \u00c7aykara il\u00e7esine ba\u011fl\u0131 Uzung\u00f6l\u2019de ya\u015fayan gen\u00e7 ressam ve resim \u00f6\u011fretmeni Havva Aky\u00fcz, Karadeniz\u2019in zengin k\u00fclt\u00fcr\u00fcn\u00fc, yayla ya\u015fam\u0131n\u0131, mezra hat\u0131ralar\u0131n\u0131 ve do\u011fal hayat\u0131n en saf h\u00e2llerini tuvale ustal\u0131kla aktaran \u00e7al\u0131\u015fmalar\u0131yla dikkatleri \u00fczerine \u00e7ekiyor. Aky\u00fcz\u2019\u00fcn at\u00f6lyesinde yapt\u0131\u011f\u0131 eserler, yaln\u0131zca birer tablo olman\u0131n \u00f6tesinde, b\u00f6lgenin ya\u015fayan haf\u0131zas\u0131na d\u00f6n\u00fc\u015f\u00fcyor.<\/span><\/p>\n<p><span>Yayla \u00e7ocuklar\u0131n\u0131n unutulmaz hik\u00e2yeleri resimlerde hayat buluyor<\/span><\/p>\n<p><span>Aky\u00fcz\u2019\u00fcn eserlerinde en \u00e7arp\u0131c\u0131 temalardan biri, yaylalarda b\u00fcy\u00fcyen \u00e7ocuklar\u0131n samimiyeti ve masumiyeti. Y\u00f6rede y\u0131llar \u00f6nce \u00e7ekilmi\u015f foto\u011fraflardan yola \u00e7\u0131karak \u00e7izdi\u011fi \u00e7ocuk portrelerinde;<\/span><br \/><span>\u2022 yayla patikalar\u0131nda oyun oynayan,<\/span><br \/><span>\u2022 kom kap\u0131lar\u0131nda g\u00fcl\u00fcmseyen,<\/span><br \/><span>\u2022 sisli sabahlarda okul yoluna \u00e7\u0131kan<\/span><br \/><span>\u00e7ocuklar\u0131n hik\u00e2yeleri yeniden canlan\u0131yor.<\/span><br \/><span>Bu \u00e7al\u0131\u015fmalar, Karadeniz\u2019de giderek azalan yayla k\u00fclt\u00fcr\u00fcn\u00fcn duygusal bir belgesi niteli\u011finde.<\/span><\/p>\n<p><span>Karadeniz kad\u0131n\u0131n\u0131n eme\u011fi, y\u00fcz \u00e7izgilerinde yeniden yorumlan\u0131yor<\/span><\/p>\n<p><span>Aky\u00fcz\u2019\u00fcn tablolar\u0131 aras\u0131nda geni\u015f yer tutan bir di\u011fer konu ise, b\u00f6lgenin g\u00fc\u00e7l\u00fc kad\u0131n fig\u00fcrleri. S\u0131rt\u0131nda odun ta\u015f\u0131yan, tarlalarda \u00e7al\u0131\u015fan, y\u0131llar\u0131n a\u011f\u0131rl\u0131\u011f\u0131n\u0131 y\u00fcz \u00e7izgilerinde ta\u015f\u0131yan ya\u015fl\u0131 kad\u0131nlar; sanat\u00e7\u0131n\u0131n f\u0131r\u00e7as\u0131nda hem ger\u00e7e\u011fe yak\u0131n hem de tarihi bir derinlikle resmediliyor.<\/span><br \/><span>Bu portreler, Karadeniz kad\u0131n\u0131n\u0131n eme\u011fini, m\u00fccadelesini ve geleneksel ya\u015fam\u0131n izlerini sanat d\u00fcnyas\u0131na g\u00fc\u00e7l\u00fc bir \u015fekilde aktar\u0131yor.<\/span><\/p>\n<p><span>Do\u011fan\u0131n en saf h\u00e2li: Boz ay\u0131 \u2013 alabal\u0131k ili\u015fkisi<\/span><\/p>\n<p><span>Aky\u00fcz, do\u011fa g\u00f6zlemlerini de resimlerine ta\u015f\u0131yor. Boz ay\u0131n\u0131n derede alabal\u0131k avlad\u0131\u011f\u0131 sahneyi betimledi\u011fi tablosu, b\u00f6lgenin yaban hayat\u0131na dair en \u00f6zg\u00fcn eserlerinden biri olarak \u00f6ne \u00e7\u0131k\u0131yor. Y\u00f6rede y\u0131llard\u0131r anlat\u0131lan bu do\u011fal d\u00f6ng\u00fcy\u00fc tuvale ta\u015f\u0131yan gen\u00e7 sanat\u00e7\u0131, do\u011fa ve hayvan ili\u015fkisine dair g\u00fc\u00e7l\u00fc bir anlat\u0131m sergiliyor.<\/span><\/p>\n<p><span>Komlar, mezralar ve ah\u015fap mimari tablolar\u0131nda k\u00fclt\u00fcrel bir ar\u015five d\u00f6n\u00fc\u015f\u00fcyor<\/span><\/p>\n<p><span>Aky\u00fcz\u2019\u00fcn eserlerinde Uzung\u00f6l\u2019\u00fcn ah\u015fap komlar\u0131, ta\u015f duvarlar\u0131, \u00e7i\u00e7eklerle \u00e7evrili mezra yollar\u0131 ve sisle b\u00fct\u00fcnle\u015fen yaylalar ayr\u0131 bir yer tutuyor. Bu yap\u0131lar yaln\u0131zca bir fon de\u011fil; sanat\u00e7\u0131n\u0131n yorumuyla Karadeniz\u2019in k\u00fclt\u00fcrel miras\u0131n\u0131n ya\u015fayan temsili h\u00e2line geliyor.<\/span><\/p>\n<p><span>Detaylarda sakl\u0131 bir d\u00fcnya<\/span><\/p>\n<p><span>Eserlerdeki detaylar da dikkat \u00e7ekiyor:<\/span><br \/><span>\u2022 a\u011fa\u00e7 kovu\u011funda uyuyan kediler,<\/span><br \/><span>\u2022 dere kenar\u0131nda a\u00e7an yabani \u00e7i\u00e7ekler,<\/span><br \/><span>\u2022 eski yayla evlerinin pencerelerine yans\u0131yan \u0131\u015f\u0131klar\u2026<\/span><br \/><span>Her bir ayr\u0131nt\u0131, Aky\u00fcz\u2019\u00fcn g\u00fc\u00e7l\u00fc g\u00f6zlem yetene\u011fini ve do\u011fayla kurdu\u011fu ba\u011f\u0131 ortaya koyuyor.<\/span><\/p>\n<p><span>\u0130stanbul\u2019da ilk b\u00fcy\u00fck sergi<\/span><\/p>\n<p><span>Havva Aky\u00fcz, \u00f6n\u00fcm\u00fczdeki aylarda \u0130stanbul Avrupa Yakas\u0131 Uzung\u00f6ller Derne\u011fi lokalinin yenilenen salonunda ilk kapsaml\u0131 sergisini a\u00e7maya haz\u0131rlan\u0131yor. Sergide yayla ya\u015fam\u0131ndan do\u011fa kompozisyonlar\u0131na, \u00e7ocuk portrelerinden yaban hayat\u0131na kadar bir\u00e7ok eser sanatseverlerin be\u011fenisine sunulacak.<\/span><\/p>\n<p><span>Karadeniz\u2019in yeni nesil sanat y\u00fcz\u00fc<\/span><\/p>\n<p><span>Sanat \u00e7evreleri, gen\u00e7 ya\u015f\u0131na ra\u011fmen bu denli g\u00fc\u00e7l\u00fc bir \u00fcslup yakalayan Aky\u00fcz\u2019\u00fcn ilerleyen y\u0131llarda hem Trabzon hem de ulusal \u00f6l\u00e7ekte dikkat \u00e7eken bir isim olaca\u011f\u0131 g\u00f6r\u00fc\u015f\u00fcnde.<\/span><br \/><span>\u00c7aykara ve Uzung\u00f6l k\u00fclt\u00fcr\u00fcn\u00fc resimlerinde ya\u015fatan gen\u00e7 sanat\u00e7\u0131, b\u00f6lgenin sanat alan\u0131nda y\u00fckselen yeni de\u011feri olarak g\u00f6steriliyor.<\/span><\/p>\n<p><span>Havva Aky\u00fcz, Uzung\u00f6l\u2019\u00fcn haf\u0131zas\u0131n\u0131, do\u011fas\u0131n\u0131 ve k\u00fclt\u00fcr\u00fcn\u00fc tuvale i\u015fleyen gen\u00e7 bir sanat\u00e7\u0131 olarak T\u00fcrkiye\u2019nin sanat g\u00fcndemine ad\u0131n\u0131 yazd\u0131rmaya haz\u0131rlan\u0131yor.<\/span><\/p>\n<p><span><strong>GEN\u00c7 TUR\u0130ZMC\u0130 \u0130NAN TGA KARADEN\u0130Z B\u00d6LGE TEMS\u0130LC\u0130S\u0130<\/strong><\/span><\/p>\n<p><span><strong>Uzung\u00f6l&#8217;l\u00fc Turizmci Metin \u0130nan TGA Karadeniz B\u00f6lge Temsilcisi Se\u00e7ildi<\/strong><\/span><\/p>\n<p><span>T\u00fcrkiye Turizm Tan\u0131t\u0131m ve Geli\u015ftirme Ajans\u0131 se\u00e7imlerinde oylar\u0131n b\u00fcy\u00fck \u00e7o\u011funlu\u011funu alan Trabzonlu Metin \u0130nan, rakiplerine fark atarak Karadeniz B\u00f6lgesi temsilcisi se\u00e7ildi.<\/span><\/p>\n<p><span>21 Aral\u0131k 2025 Pazar G\u00fcn\u00fc ger\u00e7ekle\u015ftirilen Karadeniz B\u00f6lgesi Temsilci se\u00e7imi \u00e7ok b\u00fcy\u00fck bir kat\u0131l\u0131m ile ger\u00e7ekle\u015fti.<\/span><\/p>\n<p><span>\u00c7aykara Belediye Ba\u015fkan\u0131 Hanefi Tok,Uzung\u00f6l Muhtar\u0131 Selman Dilek,Uzung\u00f6l B\u0130RL\u0130K A.\u015e. Y\u00f6netim Kurulu Ba\u015fkan\u0131 Mustafa Kemal ZENG\u0130N, ve \u00e7ok yo\u011fun bir kat\u0131l\u0131m ile ger\u00e7ekle\u015fti.<\/span><\/p>\n<p><span>Ger\u00e7ekle\u015ftirilen se\u00e7ime Uzung\u00f6l Turizmcilerinin yo\u011fun kat\u0131l\u0131mlar\u0131 g\u00f6zlderden ka\u00e7mazken ger\u00e7ekle\u015ftirilen se\u00e7imlerde 317 oy almay\u0131 ba\u015faran Metin \u0130nan Karadeniz B\u00f6lge temsilcisi se\u00e7ilmeyi ba\u015fard\u0131.<\/span><\/p>\n<p><span>T\u00fcrkiye Turizm Tan\u0131t\u0131m ve Geli\u015ftirme Ajans\u0131 (TGA) Y\u00f6netim Kurulu Se\u00e7imleri tamamland\u0131. Turizm camias\u0131n\u0131n kilitlendi\u011fi se\u00e7imlerde\u00a0<\/span><a target=\"_blank\" rel=\"noopener noreferrer\" href=\"https:\/\/www.haber61.net\/haberleri\/karadeniz\"><span><strong>Karadeniz<\/strong><\/span><\/a><span>\u00a0B\u00f6lgesi\u2019ni temsil edecek isim belli oldu.<\/span><\/p>\n<p><span>Se\u00e7imlere Karadeniz B\u00f6lgesi aday\u0131 olarak kat\u0131lan Trabzonlu Metin \u0130nan, sand\u0131ktan zaferle ayr\u0131ld\u0131. Rakiplerine kar\u015f\u0131 b\u00fcy\u00fck bir oy fark\u0131 yakalayan \u0130nan, bu sonu\u00e7la birlikte TGA Y\u00f6netim Kurulu \u00fcyeli\u011fine se\u00e7ilerek b\u00f6lge turizmi ad\u0131na \u00f6nemli bir sorumluluk \u00fcstlendi.<\/span><\/p>\n<p><span>Metin \u0130nan\u2019\u0131n y\u00f6netim kuruluna girmesiyle birlikte, Trabzon ve Karadeniz B\u00f6lgesi\u2019nin turizm potansiyelinin ulusal ve uluslararas\u0131 arenada daha g\u00fc\u00e7l\u00fc bir \u015fekilde temsil edilmesi hedefleniyor.<\/span><\/p>\n<p><span>MET\u0130N \u0130NAN K\u0130MD\u0130R?<\/span><\/p>\n<p><span>T\u00fcrkiye Turizm Tan\u0131t\u0131m ve Geli\u015ftirme Ajans\u0131 Karadeniz B\u00f6lge Temsilcili\u011fine se\u00e7ilen gen\u00e7 Turizmci Metin \u0130nan Karadeniz ve \u00dclke Turizminin en \u00f6nemli merkezlerinden Uzung\u00f6l\u2019de ve Trabzon \u0130linde Turizm sekt\u00f6r\u00fcnde hizmet veriyor.<\/span><\/p>\n<p><span>Uzung\u00f6l\u2019\u00fcn sevilen isimlerinden \u0130smail \u0130nan\u2019\u0131n o\u011flu olan Metin \u0130nan ilkokul v e ortaokulu Uzung\u00f6l\u2019de Lise \u00f6\u011frenimini Trabzon Merkez\u2019de tamamlad\u0131.<\/span><\/p>\n<p><span>\u00c7ok uzun senelerden bu yana Turizm sekt\u00f6r\u00fc ile ilgilenen ve alanda uzmanla\u015fan Metin \u0130nan Uzung\u00f6l,Trabzon,Karadeniz ve \u00dclkemizin Turizm alan\u0131ndaki altyap\u0131 zenginli\u011finin yan\u0131 s\u0131ra bu sekt\u00f6r\u00fcn sorunlar\u0131n\u0131 \u00e7ok iyi bilen ve bu sorunlar iler ilgili \u00e7\u00f6z\u00fcm yollar\u0131n\u0131 ara\u015ft\u0131ran bir turizmci olarak tan\u0131n\u0131yor.<\/span><\/p>\n<p><span>Ayn\u0131 zamanda profesyonel foto\u011fraf sanat\u00e7\u0131s\u0131 olan Metin \u0130nan bu alanda hem b\u00f6lgesel anlamda hem de Ulusal d\u00fczeyde ger\u00e7ekle\u015ftirilen bir \u00e7ok yar\u0131\u015fma ve foto\u011fraf sergileme etkinlikjlerine kat\u0131l\u0131m sa\u011flayarak bir \u00e7ok alanda \u00e7e\u015fitli \u00f6d\u00fcllerin sahibi oldu.<\/span><\/p>\n<p><span>Do\u011fay\u0131 \u00e7ok seven ve s\u00fcrekli do\u011fpa ile i\u00e7 i\u00e7e ya\u015fayan gen\u00e7 Turizmci Metin \u0130nan zaman\u0131n\u0131n b\u00fcy\u00fck bir b\u00f6l\u00fcm\u00fcn\u00fc do\u011fay\u0131 ke\u015ffetmek ve ke\u015ffetti\u011fi bu muhte\u015fem do\u011fay\u0131 \u00e7ekmi\u015f oldu\u011fu foto\u011fraflar ile Turizm dostlar\u0131 ile payla\u015farak \u00fclkemizin do\u011fal g\u00fczelliklerini, turizm dostlar\u0131 ile payla\u015fmak ile ge\u00e7iriyor.<\/span><\/p>\n<p><span>Gen\u00e7 Turizmci Metin \u0130nan\u2019\u0131n TGA Karadeniz B\u00f6lge Temsilcili\u011fine se\u00e7ilmi\u015f olmas\u0131 hem Karadeniz B\u00f6lgesinin mevcut olan Turizm potansiyelinin \u00e7ok daha y\u00fcksek yerlere ta\u015f\u0131nmas\u0131 hem de Karadenizin muhte\u015fem do\u011fal g\u00fczelliklerinin ke\u015ffedilerek \u00dclke ve D\u00fcnya Turizmine kazand\u0131r\u0131lmas\u0131 anlam\u0131nda \u00e7ok \u00f6nemli bir \u015fans olarak g\u00f6r\u00fcl\u00fcyor.<\/span><\/p>\n<p><span><strong>MURAT AKY\u00dcZ ANAHTAR PART\u0130S\u0130 ORTAH\u0130SAR \u0130L\u00c7E BA\u015eKANI<\/strong><\/span><\/p>\n<p><span>\u00c7aykara G\u00fcndem Gazetesi imtiyaz sahibi \u00c7aykara&#8217;l\u0131 Hem\u015ferimiz Murat Aky\u00fcz Anahtar Parti Trabzon Ortahisar \u0130l\u00e7esi \u0130l\u00e7e Ba\u015fkanl\u0131\u011f\u0131 g\u00f6revine getirildi<\/span><\/p>\n<p><span>Atama Karar\u0131 Anahtar Parti Trabzon \u0130l Ba\u015fkan\u0131 H\u00fcseyin Cahit K\u00f6se Kamuoyunana taraf\u0131ndan duyuruldu.<\/span><\/p>\n<p><span>Ger\u00e7ekle\u015ftirilen \u015fu ifadelere yer verildi.<\/span><\/p>\n<p><span>Ortahisar \u0130l\u00e7e Te\u015fkilat\u0131m\u0131zda ge\u00e7erli olan g\u00f6rev de\u011fi\u015fiklikleri kapsam\u0131nda; Ortahisar \u0130l\u00e7e Ba\u015fkanl\u0131\u011f\u0131 g\u00f6revini bug\u00fcne kadar \u00f6zveriyle y\u00fcr\u00fcten Say\u0131n Ertan \u0130skendero\u011flu, \u0130l Ba\u015fkan Dan\u0131\u015fman\u0131 olarak g\u00f6revlendirilmi\u015ftir. g\u00fcn\u00fcm\u00fcze kadar partimiz ad\u0131na Ortahisar&#8217;da ortaya koydu\u011fu de\u011ferli de\u011ferlerden dolay\u0131 te\u015fekk\u00fcr ediyor, yeni g\u00f6revinde ba\u015far\u0131lar diliyorum. Ortahisar \u0130l\u00e7e Ba\u015fkanl\u0131\u011f\u0131 g\u00f6revinine atanan, partimizin \u0130l Eski Koordinat\u00f6r\u00fc ve \u0130l Y\u00f6neticisi Say\u0131n Murat Aky\u00fcz&#8217;e de hay\u0131rl\u0131 olsun dilerimmi iletiyor, bu g\u00f6revlendirmenin te\u015fkilat\u0131m\u0131z ve Anahtar Partimiz ad\u0131na hay\u0131rlara vesile olmas\u0131n\u0131 temenni ediyorum.<\/span><\/p>\n<p><span>H\u00fcseyin Cahit K\u00f6se<\/span><\/p>\n<p><span>Anahtar Parti Trabzon \u0130l Ba\u015fkan\u0131<\/span><\/p>\n<p><span>Anahtar Parti Trabzon Ortahisar \u0130l\u00e7e Se\u00e7imi g\u00f6revine ta\u015f\u0131nan \u00c7aykara&#8217;l\u0131 Hem\u015ferimiz Murat Aky\u00fcz&#8217;\u00fc yeni g\u00f6revinden dolay\u0131 kendilerini tebrik ediyor ba\u015far\u0131 dilekjlerimizi iletiyoruz.<\/span><\/p>\n<p><span>MURAT AKY\u00dcZ&#8217;\u00dc TANIYALIM<\/span><\/p>\n<p><span>\u00c7aykara G\u00fcndem Gazetemizin sahibi ve imtiyaz sahibi Murat Aky\u00fcz,\u00e7ok y\u00f6nl\u00fc \u00f6zellikler ile tan\u0131n\u0131yor.<\/span><\/p>\n<p><span>Karadeniz ve \u00dclke Turizminin en \u00f6nemli Merkezlerinden Uzung\u00f6l&#8217;de Turizm ile u\u011fra\u015fan Murat Aky\u00fcz 01-02-1970 tarihinde Turizm Merkezi Uzung\u00f6l&#8217;de d\u00fcnyaya geldi.<\/span><\/p>\n<p><span>1970&#8217;li y\u0131llarda Uzung\u00f6l&#8217;e Sinemay\u0131 a\u00e7an ve a\u00e7\u0131lan Sinema Salanunun yan\u0131 s\u0131ra Ba\u015f Mimar\u0131 olan D\u00f6nemin en aktif insanlardan dan Merhum Mehmet Aky\u00fcz&#8217;\u00fcn o\u011flu olan Murat Aky\u00fcz \u0130lkokulu ve ortaokulu Uzung\u00f6l&#8217;de,Liseyiyi \u00c7aykara&#8217;da okudu..<\/span><\/p>\n<p><span>Sosyal ve K\u00fclt\u00fcrel faaliyetlerdeki \u00e7al\u0131\u015fkanl\u0131\u011f\u0131 ile tan\u0131nan Murat Aky\u00fcz -1994 \u2013 2004 D\u00f6nemleri aras\u0131nda Uzung\u00f6l \u00c7evre K\u00fclt\u00fcr Yard\u0131mla\u015fma Derne\u011fi Ba\u015fkanl\u0131\u011f\u0131 g\u00f6revini y\u00fcr\u00fctmektedir.<\/span><\/p>\n<p><span>-2008- 2013 D\u00f6nemleri aras\u0131nda \u00c7aykara Esnaf Kefalet Kooperatifi Y\u00f6netim Kurulu Ba\u015fkanl\u0131\u011f\u0131 g\u00f6revinde bulunuldu \u00a0<\/span><\/p>\n<p><span>-1993 Y\u0131l\u0131ndan bu yana Turizm Merkezi Uzung\u00f6l&#8217;de Otel \u0130\u015fletmecili\u011fi g\u00f6revinde bulunan Murat Aky\u00fcz ayn\u0131 zamanda yine Uzung\u00f6l&#8217;de baba mesle\u011fi olan lokantac\u0131l\u0131k mesle\u011fini de yerine getirdi.<\/span><\/p>\n<p><span>-2015 Y\u0131l\u0131nda Yomra Residance<\/span><\/p>\n<p><span>-2019 Y\u0131l\u0131nda Bahar Residence<\/span><\/p>\n<p><span>-2024 Y\u0131l\u0131nda ise Maritimo Hotel Turizm \u0130\u015fletmelerini Trabzon ve Karadeniz Turizmine kazand\u0131ran Murat Aky\u00fcz evli ve 1 k\u0131z 2 erkek olmak \u00fczere 3 \u00e7ocuk babas\u0131d\u0131r.<\/span><\/p>\n<p><span>Peki bana \u015funu sorsan\u0131z.<\/span><\/p>\n<p><span>Deseniz ki 2025 Y\u0131l\u0131n\u0131 \u00fc\u00e7 kelime ile \u00f6zetle<\/span><\/p>\n<p><span>1-Uzung\u00f6l Gen\u00e7li\u011finin Galandar Gecesi ad\u0131 alt\u0131nda Uzung\u00f6l&#8217;\u00fc tek yumruk yapmas\u0131<\/span><\/p>\n<p><span>2-Uzung\u00f6l ve \u00c7evre Halk\u0131n\u0131n HES konusunda tek yumruk olmas\u0131<\/span><\/p>\n<p><span>3-Sevgili Metin \u0130nan Karde\u015fimizin TGA Karadeniz B\u00f6lge Temsilcili\u011fi g\u00f6revine getirilmesi<\/span><\/p>\n<p><span>4-Uzung\u00f6l Bayburt Karayo\u0131lunun tamamlanmas\u0131<\/span><\/p>\n<p><span>5-Uzung\u00f6l Gen\u00e7lerin \u00c7aykara Kaymakaml\u0131k Kupas\u0131nda \u015eampiyonluk ipini g\u00f6\u011f\u00fcslemeleri<\/span><\/p>\n<p><span>6-1.Uzung\u00f6l K\u0131\u015f Festivalinin ger\u00e7ekle\u015ftirilecek olmas\u0131 ve bu Festivalin muhtemelen Uzung\u00f6l\u2019de K\u0131\u015f Turizmi ate\u015fini yakacak olmas\u0131.<\/span><\/p>\n<p><span>Bana g\u00f6re 2025 y\u0131l\u0131na damga vurdu.<\/span><\/p>\n<p><span>Yaz\u0131n\u0131n sonunda \u015funu s\u00f6yleyece\u011finizi \u00e7ok iyi biliyorum.Uzun hem de \u00e7ok ama \u00e7ok uzun bir yaz\u0131 oldu.Bunu ben de biliyorum:Ancak Sevgili Dostlar.Bizler Uzung\u00f6l\u00b4e \u00f6ylesine ba\u011fl\u0131y\u0131z ki,\u00f6ylesine sev dal\u0131y\u0131z ki, \u00a0s\u00f6z konusu olan Uzung\u00f6l olunca \u00a0insan hi\u00e7bir\u00a0 ayr\u0131nt\u0131y\u0131 atlamak istemiyor.Her \u015feyi b\u00fcy\u00fck bir \u00f6zen ile yapmak istiyor insan.<\/span><\/p>\n<p><span>2025 Y\u0131l\u0131 i\u00e7in Uzung\u00f6l ad\u0131na s\u00f6yleyebileceklerimiz bunlar Sevgili Dostlar.<\/span><\/p>\n<p><span>Ne G\u00fczel S\u00f6ylemi\u015f Cihan Padi\u015fah\u0131 Kanuni Sultan S\u00fcleyman:<\/span><\/p>\n<p><span>\u201c<strong>Halk i\u00e7inde muteber bir nesne yok Devlet gibi,<\/strong><\/span><\/p>\n<p><span><strong>Olmaya Devlet Cihanda Bir Nefes S\u0131hhat Gibi\u201d<\/strong><\/span><\/p>\n<p><span>Hayatta hi\u00e7bir \u015fey \u00a0ama hi\u00e7bir \u015fey alaca\u011f\u0131n\u0131z sa\u011fl\u0131kl\u0131 bir nefesten daha k\u0131ymetli de\u011fildir<\/span><\/p>\n<p><span>Art\u0131k ya\u015fland\u0131k.Yeni bir yaz\u0131ya nefesimiz yetecek mi bilemiyorum ama\u2026<\/span><\/p>\n<p><span>E\u011fer nefesimiz yeterse 2026 ve Uzung\u00f6l yaz\u0131s\u0131nda yeniden bulu\u015fmak dile\u011fi ile\u2026<\/span><\/p>\n<p><span>2026 Y\u0131l\u0131n\u0131n size ve de Sevdiklerinize sa\u011fl\u0131k,mutluluk ve de ba\u015far\u0131 getiren ve de t\u00fcm dileklerinizin ger\u00e7ekle\u015fti\u011fi bir y\u0131l olmas\u0131 dile\u011fi ile \u015fimdiden hepinizin 2026 y\u0131l\u0131n\u0131 kutluyor Hepinize iyi seneler diliyorum Efendim.<\/span><\/p>\n<p>          <\/div>\n","protected":false},"excerpt":{"rendered":"<p>\u00d6\u011fretmen Hilmi Kan\u0131k taraf\u0131ndan kaleme al\u0131nan \u201c2025 ve Uzung\u00f6l\u201d isimli yaz\u0131y\u0131 sizlerle payla\u015f\u0131yoruz. Art\u0131k Geleneksel bir hale gelen yeni bir Uzung\u00f6l Y\u0131l Boyu De\u011ferlendirme yaz\u0131m\u0131z ile sizlerle birlikte olmaya \u00e7al\u0131\u015f\u0131yoruz. \u00c7aykara G\u00fcndem fark\u0131 ile 2010 y\u0131l\u0131nda ba\u015flam\u0131\u015f oldu\u011fumuz bu de\u011ferlendirme yaz\u0131lar\u0131m\u0131zda 16. Y\u0131l\u0131m\u0131z\u0131 tamamlam\u0131\u015f olman\u0131n hem mutlulu\u011funu hem de biraz da h\u00fczn\u00fcn\u00fc ya\u015fad\u0131\u011f\u0131m\u0131z\u0131 ifade etmek [&hellip;]<\/p>\n","protected":false},"author":1,"featured_media":5435,"comment_status":"open","ping_status":"open","sticky":false,"template":"","format":"standard","meta":{"tdm_status":"","tdm_grid_status":"","footnotes":""},"categories":[40],"tags":[],"class_list":{"0":"post-5434","1":"post","2":"type-post","3":"status-publish","4":"format-standard","5":"has-post-thumbnail","7":"category-caykara"},"_links":{"self":[{"href":"https:\/\/zeleka.com\/index.php?rest_route=\/wp\/v2\/posts\/5434","targetHints":{"allow":["GET"]}}],"collection":[{"href":"https:\/\/zeleka.com\/index.php?rest_route=\/wp\/v2\/posts"}],"about":[{"href":"https:\/\/zeleka.com\/index.php?rest_route=\/wp\/v2\/types\/post"}],"author":[{"embeddable":true,"href":"https:\/\/zeleka.com\/index.php?rest_route=\/wp\/v2\/users\/1"}],"replies":[{"embeddable":true,"href":"https:\/\/zeleka.com\/index.php?rest_route=%2Fwp%2Fv2%2Fcomments&post=5434"}],"version-history":[{"count":0,"href":"https:\/\/zeleka.com\/index.php?rest_route=\/wp\/v2\/posts\/5434\/revisions"}],"wp:featuredmedia":[{"embeddable":true,"href":"https:\/\/zeleka.com\/index.php?rest_route=\/wp\/v2\/media\/5435"}],"wp:attachment":[{"href":"https:\/\/zeleka.com\/index.php?rest_route=%2Fwp%2Fv2%2Fmedia&parent=5434"}],"wp:term":[{"taxonomy":"category","embeddable":true,"href":"https:\/\/zeleka.com\/index.php?rest_route=%2Fwp%2Fv2%2Fcategories&post=5434"},{"taxonomy":"post_tag","embeddable":true,"href":"https:\/\/zeleka.com\/index.php?rest_route=%2Fwp%2Fv2%2Ftags&post=5434"}],"curies":[{"name":"wp","href":"https:\/\/api.w.org\/{rel}","templated":true}]}}