{"id":5432,"date":"2026-01-01T09:32:56","date_gmt":"2026-01-01T06:32:56","guid":{"rendered":"https:\/\/zeleka.com\/?p=5432"},"modified":"2026-01-01T09:32:56","modified_gmt":"2026-01-01T06:32:56","slug":"23-24-25-ocak-2026-tarihlerinde-gerceklestirilecek-olan-1-uzungol-kis-festivali-icin-geri-sayim-devam-ediyor-trabzon-valiligitrabzon-buyuksehir-belediyesitrabzon-ti","status":"publish","type":"post","link":"https:\/\/zeleka.com\/?p=5432","title":{"rendered":"<div id=\"detaymetin\">                            <p>23-24-25 Ocak 2026 tarihlerinde ger\u00e7ekle\u015ftirilecek olan 1.Uzung\u00f6l K\u0131\u015f \u00a0Festivali i\u00e7in geri say\u0131m devam ediyor.<\/p><p>Trabzon Valili\u011fi,Trabzon B\u00fcy\u00fck\u015fehir Belediyesi,Trabzon Ticaret ve Sanayi Odas\u0131,Trabzon"},"content":{"rendered":"<div id=\"detaymetin\">\n<p>23-24-25 Ocak 2026 tarihlerinde ger\u00e7ekle\u015ftirilecek olan 1.Uzung\u00f6l K\u0131\u015f \u00a0Festivali i\u00e7in geri say\u0131m devam ediyor.<\/p>\n<p>Trabzon Valili\u011fi,Trabzon B\u00fcy\u00fck\u015fehir Belediyesi,Trabzon Ticaret ve Sanayi Odas\u0131,Trabzon Esnaf ve Sanatkarlar Odas\u0131,DOKA,\u00c7aykara Kaymakaml\u0131\u011f\u0131,\u00c7aykara Belediyesi,Do\u011fa Koruma ve Milli Parklar Genel M\u00fcd\u00fcrl\u00fc\u011f\u00fc,TURSAB taraf\u0131ndan desteklenen 1.Uzung\u00f6l K\u0131\u015f Festivali i\u00e7in \u00e7al\u0131\u015fmalar yo\u011fun bir \u015fekilde devam ediyor.<\/p>\n<p>Festival planlamas\u0131 kapsam\u0131nda Uzung\u00f6l Platformu taraf\u0131ndan yo\u011fun bir \u00e7al\u0131\u015fma ve haz\u0131rl\u0131k d\u00f6nemi ger\u00e7ekle\u015ftiriliyor.<\/p>\n<p>Bir yandan etkinlik kapsam\u0131nda sahne alacak olan Sanat\u00e7\u0131lar belirlenmeye \u00e7al\u0131\u015f\u0131l\u0131rken bir yandan da Konserlerin yan\u0131 s\u0131ra hangi etkinliklerin ger\u00e7ekle\u015ftirilece\u011fi planlan\u0131yor<\/p>\n<p>\u0130\u015fte 1.Uzung\u00f6l K\u0131\u015f Festivali etkinliklerinden sadece birka\u00e7 \u00f6rnek<\/p>\n<p>1-Kalandar \u015eenli\u011fi<\/p>\n<p>2-Konserler<\/p>\n<p>3-250 Metre Kayak pisti heyecan\u0131<\/p>\n<p>4-\u00c7ocuk oyun etkinlikleri<\/p>\n<p>5-\u00dccretsiz Mangal Etkinli\u011fi<\/p>\n<p>Trabzon, 23-25 Ocak tarihlerindeki Uzung\u00f6l Kar Festivali i\u00e7in geri say\u0131ma ge\u00e7ti. E\u011flencenin dur durak demeyece\u011fi, \u015fehre k\u0131\u015f turizmi ad\u0131 alt\u0131nda yeni bir soluk getirecek Uzung\u00f6l Kar Festivali\u2019nin program\u0131 i\u00e7in detaylar belli oldu.<\/p>\n<p>\u0130\u015fte detaylar:<\/p>\n<p>\u00a0 \u00a0 Trabzon\u2019un 18 il\u00e7esinden Uzung\u00f6l\u2019e \u00fccretsiz otob\u00fcs seferleri d\u00fczenlenecek,<\/p>\n<p>\u00a0Festival s\u00fcresinde Uzung\u00f6l\u2019de konaklamalar, makul seviyede tutulacak,<\/p>\n<p>Festivalin 3 g\u00fcn\u00fc de birbirinden farkl\u0131 isimler konser verecek,<\/p>\n<p>\u00dccretsiz yemek da\u011f\u0131t\u0131m\u0131 sa\u011flanacak,<\/p>\n<p>\u00a06 bin 61 ki\u015fiyle rekor horon halkas\u0131 denemesi yap\u0131lacak,<\/p>\n<p>Karla \u00e7e\u015fitli etkinler d\u00fczenlenecek,<\/p>\n<p>          <\/div>\n","protected":false},"excerpt":{"rendered":"<p>23-24-25 Ocak 2026 tarihlerinde ger\u00e7ekle\u015ftirilecek olan 1.Uzung\u00f6l K\u0131\u015f \u00a0Festivali i\u00e7in geri say\u0131m devam ediyor. Trabzon Valili\u011fi,Trabzon B\u00fcy\u00fck\u015fehir Belediyesi,Trabzon Ticaret ve Sanayi Odas\u0131,Trabzon Esnaf ve Sanatkarlar Odas\u0131,DOKA,\u00c7aykara Kaymakaml\u0131\u011f\u0131,\u00c7aykara Belediyesi,Do\u011fa Koruma ve Milli Parklar Genel M\u00fcd\u00fcrl\u00fc\u011f\u00fc,TURSAB taraf\u0131ndan desteklenen 1.Uzung\u00f6l K\u0131\u015f Festivali i\u00e7in \u00e7al\u0131\u015fmalar yo\u011fun bir \u015fekilde devam ediyor. Festival planlamas\u0131 kapsam\u0131nda Uzung\u00f6l Platformu taraf\u0131ndan yo\u011fun bir \u00e7al\u0131\u015fma [&hellip;]<\/p>\n","protected":false},"author":1,"featured_media":5433,"comment_status":"open","ping_status":"open","sticky":false,"template":"","format":"standard","meta":{"tdm_status":"","tdm_grid_status":"","footnotes":""},"categories":[40],"tags":[],"class_list":{"0":"post-5432","1":"post","2":"type-post","3":"status-publish","4":"format-standard","5":"has-post-thumbnail","7":"category-caykara"},"_links":{"self":[{"href":"https:\/\/zeleka.com\/index.php?rest_route=\/wp\/v2\/posts\/5432","targetHints":{"allow":["GET"]}}],"collection":[{"href":"https:\/\/zeleka.com\/index.php?rest_route=\/wp\/v2\/posts"}],"about":[{"href":"https:\/\/zeleka.com\/index.php?rest_route=\/wp\/v2\/types\/post"}],"author":[{"embeddable":true,"href":"https:\/\/zeleka.com\/index.php?rest_route=\/wp\/v2\/users\/1"}],"replies":[{"embeddable":true,"href":"https:\/\/zeleka.com\/index.php?rest_route=%2Fwp%2Fv2%2Fcomments&post=5432"}],"version-history":[{"count":0,"href":"https:\/\/zeleka.com\/index.php?rest_route=\/wp\/v2\/posts\/5432\/revisions"}],"wp:featuredmedia":[{"embeddable":true,"href":"https:\/\/zeleka.com\/index.php?rest_route=\/wp\/v2\/media\/5433"}],"wp:attachment":[{"href":"https:\/\/zeleka.com\/index.php?rest_route=%2Fwp%2Fv2%2Fmedia&parent=5432"}],"wp:term":[{"taxonomy":"category","embeddable":true,"href":"https:\/\/zeleka.com\/index.php?rest_route=%2Fwp%2Fv2%2Fcategories&post=5432"},{"taxonomy":"post_tag","embeddable":true,"href":"https:\/\/zeleka.com\/index.php?rest_route=%2Fwp%2Fv2%2Ftags&post=5432"}],"curies":[{"name":"wp","href":"https:\/\/api.w.org\/{rel}","templated":true}]}}