{"id":5430,"date":"2025-12-31T09:32:42","date_gmt":"2025-12-31T06:32:42","guid":{"rendered":"https:\/\/zeleka.com\/?p=5430"},"modified":"2025-12-31T09:32:42","modified_gmt":"2025-12-31T06:32:42","slug":"caykara-gundem-gazetesi-imtiyaz-sahibi-caykarali-hemserimiz-murat-akyuz-anahtar-parti-trabzon-ortahisar-ilcesi-ilce-baskanligi-gorevine-getirildiatama-karari-anaht","status":"publish","type":"post","link":"https:\/\/zeleka.com\/?p=5430","title":{"rendered":"<div id=\"detaymetin\">                            <p>\u00c7aykara G\u00fcndem Gazetesi imtiyaz sahibi \u00c7aykara\u2019l\u0131 Hem\u015ferimiz Murat Aky\u00fcz Anahtar Parti Trabzon Ortahisar \u0130l\u00e7esi \u0130l\u00e7e Ba\u015fkanl\u0131\u011f\u0131 g\u00f6revine getirildi<\/p><p>Atama karar\u0131 Anahtar Parti Trabzon \u0130l Ba\u015fkan\u0131 H\u00fcse"},"content":{"rendered":"<div id=\"detaymetin\">\n<p>\u00c7aykara G\u00fcndem Gazetesi imtiyaz sahibi \u00c7aykara\u2019l\u0131 Hem\u015ferimiz Murat Aky\u00fcz Anahtar Parti Trabzon Ortahisar \u0130l\u00e7esi \u0130l\u00e7e Ba\u015fkanl\u0131\u011f\u0131 g\u00f6revine getirildi<\/p>\n<p>Atama karar\u0131 Anahtar Parti Trabzon \u0130l Ba\u015fkan\u0131 H\u00fcseyin Cahit K\u00f6se taraf\u0131ndan Kamuoyunana duyuruldu.<\/p>\n<p>Ger\u00e7ekle\u015ftirilen a\u00e7\u0131klamada \u015fu ifadelere yer verildi.<\/p>\n<p>Ortahisar \u0130l\u00e7e Te\u015fkilat\u0131m\u0131zda ger\u00e7ekle\u015ftirilen g\u00f6rev de\u011fi\u015fikli\u011fi kapsam\u0131nda; Ortahisar \u0130l\u00e7e Ba\u015fkanl\u0131\u011f\u0131 g\u00f6revini bug\u00fcne kadar \u00f6zveriyle y\u00fcr\u00fcten Say\u0131n Ertan \u0130skendero\u011flu, \u0130l Ba\u015fkan Dan\u0131\u015fman\u0131 olarak g\u00f6revlendirilmi\u015ftir. Kendisine bug\u00fcne kadar partimiz ad\u0131na Ortahisar\u2019da ortaya koydu\u011fu de\u011ferli \u00e7al\u0131\u015fmalardan dolay\u0131 te\u015fekk\u00fcr ediyor, yeni g\u00f6revinde ba\u015far\u0131lar diliyorum. Ortahisar \u0130l\u00e7e Ba\u015fkanl\u0131\u011f\u0131 g\u00f6revine atanan, partimizin \u0130l Eski Koordinat\u00f6r\u00fc ve \u0130l Y\u00f6neticisi Say\u0131n Murat Aky\u00fcz\u2019e de hay\u0131rl\u0131 olsun dileklerimi iletiyor, bu g\u00f6revlendirmenin te\u015fkilat\u0131m\u0131z ve Anahtar Partimiz ad\u0131na hay\u0131rlara vesile olmas\u0131n\u0131 temenni ediyorum.<\/p>\n<p>H\u00fcseyin Cahit K\u00f6se<\/p>\n<p>Anahtar Parti Trabzon \u0130l Ba\u015fkan\u0131<\/p>\n<p>Anahtar Parti Trabzon Ortahisar \u0130l\u00e7e Ba\u015fkanl\u0131\u011f\u0131 g\u00f6revine getirilen \u00c7aykara\u2019l\u0131 Hem\u015ferimiz Murat Aky\u00fcz\u2019\u00fc yeni g\u00f6revinden dolay\u0131 tebrik ediyor kendilerine ba\u015far\u0131 dilekjlerimizi iletiyoruz.<\/p>\n<p>MURAT AKY\u00dcZ\u2019\u00dc TANIYALIM<\/p>\n<p>\u00c7aykara G\u00fcndem Gazetemizin sahibi ve imtiyaz sahibi Murat Aky\u00fcz,\u00e7ok y\u00f6nl\u00fc \u00f6zellikleri ile tan\u0131n\u0131yor.<\/p>\n<figure><img decoding=\"async\" src=\"https:\/\/caykaragundem.com\/resimler\/2025-12\/30\/1037371570163244.webp\"><\/figure>\n<p>Karadeniz ve \u00dclke Turizminin en \u00f6nemli Merkezlerinden Uzung\u00f6l\u2019de Turizm ile u\u011fra\u015fan Murat Aky\u00fcz 01-02-1970 \u00a0tarihinde Turizm Merkezi Uzung\u00f6l\u2019de d\u00fcnyaya geldi.<\/p>\n<p>1970\u2019li y\u0131llarda Uzung\u00f6l\u2019e Sinemay\u0131 getiren ve a\u00e7t\u0131\u011f\u0131 Sinema Salanunun yan\u0131 s\u0131ra sosyal ve k\u00fclt\u00fcrel aktivitelerin Ba\u015f Mimar\u0131 olan D\u00f6nemin en aktif insanlar\u0131n dan Merhum Mehmet Aky\u00fcz\u2019\u00fcn o\u011flu olan Murat Aky\u00fcz \u0130lkokul ve ortaokulu Uzung\u00f6l\u2019de,Liseyiyi \u00c7aykara\u2019da okudu..<\/p>\n<figure><img decoding=\"async\" src=\"https:\/\/caykaragundem.com\/resimler\/2025-12\/30\/1183781202997320.webp\"><\/figure>\n<p>Sosyal ve K\u00fclt\u00fcrel aktivitelerdeki \u00e7al\u0131\u015fkanl\u0131\u011f\u0131 ile tan\u0131nan Murat Aky\u00fcz -1994 \u2013 2004 D\u00f6nemleri aras\u0131nda Uzung\u00f6l \u00c7evre K\u00fclt\u00fcr Yard\u0131mla\u015fma Derne\u011fi Ba\u015fkanl\u0131\u011f\u0131 g\u00f6revini y\u00fcr\u00fctt\u00fc.<\/p>\n<p>-2008-\u00a0 2013 D\u00f6nemleri aras\u0131nda \u00c7aykara Esnaf Kefalet Kooperatifi Y\u00f6netim Kurulu Ba\u015fkanl\u0131\u011f\u0131 g\u00f6revinde bulundu \u00a0<\/p>\n<p>-1993 Y\u0131l\u0131ndan bu yana Turizm Merkezi Uzung\u00f6l\u2019de Otel \u0130\u015fletmecili\u011fi g\u00f6revinde bulunan Murat Aky\u00fcz ayn\u0131 zamanda yine Uzung\u00f6l\u2019de baba mesle\u011f\u011fi olan lokantac\u0131l\u0131k mesle\u011fini de yerine getirdi.<\/p>\n<p>-2015 Y\u0131l\u0131nda Yomra Residance<\/p>\n<p>-2019 Y\u0131l\u0131nda Bahar Residance<\/p>\n<p>-2024\u00a0 Y\u0131l\u0131nda ise Maritimo Hotel Turizm \u0130\u015fletmelerini Trabzon ve Karadeniz Turizmine kazand\u0131ran Murat Aky\u00fcz evli olup .1 k\u0131z 2 erkek olmak \u00fczere 3 \u00e7ocuk babas\u0131d\u0131r.<\/p>\n<p>          <\/div>\n","protected":false},"excerpt":{"rendered":"<p>\u00c7aykara G\u00fcndem Gazetesi imtiyaz sahibi \u00c7aykara\u2019l\u0131 Hem\u015ferimiz Murat Aky\u00fcz Anahtar Parti Trabzon Ortahisar \u0130l\u00e7esi \u0130l\u00e7e Ba\u015fkanl\u0131\u011f\u0131 g\u00f6revine getirildi Atama karar\u0131 Anahtar Parti Trabzon \u0130l Ba\u015fkan\u0131 H\u00fcseyin Cahit K\u00f6se taraf\u0131ndan Kamuoyunana duyuruldu. Ger\u00e7ekle\u015ftirilen a\u00e7\u0131klamada \u015fu ifadelere yer verildi. Ortahisar \u0130l\u00e7e Te\u015fkilat\u0131m\u0131zda ger\u00e7ekle\u015ftirilen g\u00f6rev de\u011fi\u015fikli\u011fi kapsam\u0131nda; Ortahisar \u0130l\u00e7e Ba\u015fkanl\u0131\u011f\u0131 g\u00f6revini bug\u00fcne kadar \u00f6zveriyle y\u00fcr\u00fcten Say\u0131n Ertan \u0130skendero\u011flu, [&hellip;]<\/p>\n","protected":false},"author":1,"featured_media":5431,"comment_status":"open","ping_status":"open","sticky":false,"template":"","format":"standard","meta":{"tdm_status":"","tdm_grid_status":"","footnotes":""},"categories":[40],"tags":[],"class_list":{"0":"post-5430","1":"post","2":"type-post","3":"status-publish","4":"format-standard","5":"has-post-thumbnail","7":"category-caykara"},"_links":{"self":[{"href":"https:\/\/zeleka.com\/index.php?rest_route=\/wp\/v2\/posts\/5430","targetHints":{"allow":["GET"]}}],"collection":[{"href":"https:\/\/zeleka.com\/index.php?rest_route=\/wp\/v2\/posts"}],"about":[{"href":"https:\/\/zeleka.com\/index.php?rest_route=\/wp\/v2\/types\/post"}],"author":[{"embeddable":true,"href":"https:\/\/zeleka.com\/index.php?rest_route=\/wp\/v2\/users\/1"}],"replies":[{"embeddable":true,"href":"https:\/\/zeleka.com\/index.php?rest_route=%2Fwp%2Fv2%2Fcomments&post=5430"}],"version-history":[{"count":0,"href":"https:\/\/zeleka.com\/index.php?rest_route=\/wp\/v2\/posts\/5430\/revisions"}],"wp:featuredmedia":[{"embeddable":true,"href":"https:\/\/zeleka.com\/index.php?rest_route=\/wp\/v2\/media\/5431"}],"wp:attachment":[{"href":"https:\/\/zeleka.com\/index.php?rest_route=%2Fwp%2Fv2%2Fmedia&parent=5430"}],"wp:term":[{"taxonomy":"category","embeddable":true,"href":"https:\/\/zeleka.com\/index.php?rest_route=%2Fwp%2Fv2%2Fcategories&post=5430"},{"taxonomy":"post_tag","embeddable":true,"href":"https:\/\/zeleka.com\/index.php?rest_route=%2Fwp%2Fv2%2Ftags&post=5430"}],"curies":[{"name":"wp","href":"https:\/\/api.w.org\/{rel}","templated":true}]}}