{"id":5426,"date":"2025-12-30T09:31:24","date_gmt":"2025-12-30T06:31:24","guid":{"rendered":"https:\/\/zeleka.com\/?p=5426"},"modified":"2025-12-30T09:31:24","modified_gmt":"2025-12-30T06:31:24","slug":"ilcemiz-egridere-mahallesi-sakinlerinden-murat-keskin-caykara-ilcesinde-son-yolculuguna-ugurlandi-bir-sureden-bu-yana-cesitli-hastaliklar-ile-mucadele-eden-murat-keski","status":"publish","type":"post","link":"https:\/\/zeleka.com\/?p=5426","title":{"rendered":"<div id=\"detaymetin\">                            <p>\u0130l\u00e7emiz E\u011fridere mahallesi\u00a0sakinlerinden Murat Keskin \u00c7aykara \u0130l\u00e7esinde son yolculu\u011funa u\u011furland\u0131.<\/p><p>Bir s\u00fcreden bu yana \u00e7e\u015fitli hastal\u0131klar ile m\u00fccadele eden Murat Keskin tedavi g\u00f6rd\u00fc\u011f\u00fc hastanede ya"},"content":{"rendered":"<div id=\"detaymetin\">\n<p>\u0130l\u00e7emiz E\u011fridere mahallesi\u00a0sakinlerinden Murat Keskin \u00c7aykara \u0130l\u00e7esinde son yolculu\u011funa u\u011furland\u0131.<\/p>\n<p>Bir s\u00fcreden bu yana \u00e7e\u015fitli hastal\u0131klar ile m\u00fccadele eden Murat Keskin tedavi g\u00f6rd\u00fc\u011f\u00fc hastanede ya\u015fam sava\u015f\u0131n\u0131 kaybetmi\u015fti.<\/p>\n<figure><img decoding=\"async\" src=\"https:\/\/caykaragundem.com\/resimler\/2025-12\/29\/822012023674946.webp\"><\/figure>\n<p>Merhum Murat Keskin\u00a0\u0130smet Arslat\u00fcrko\u011flu &#8216; nun kay\u0131nbiraderi E\u011fridere Mahallesi e\u015fraf\u0131ndan Merhum Kamil Keskin\u2019in o\u011flu,\u00c7aykara \u0130l\u00e7esinin \u00e7ok sevilen isimlerinden \u00c7aykara bas\u0131n d\u00fcnyas\u0131n\u0131n duayen ismi\u00a0 \u00c7aykara \u0130l\u00e7e Milli E\u011fitim M\u00fcd\u00fcrl\u00fc\u011f\u00fc \u015eef\u0130 \u015eeref \u015eaban Keskin ile Erol Keskin\u2019in\u00a0 abisiydi.<\/p>\n<p>Merhum Murat Keskin 29\/12\/2025 Pazartesi g\u00fcn\u00fc ikindi namaz\u0131na m\u00fcteakip \u00c7aykara Merkez Camii&#8217;nde k\u0131l\u0131nan cenaze namaz\u0131n\u0131n ard\u0131ndan E\u011fridere D\u00fcz Mahalle(Kanboz)\u2019da bulunan Aile Kabristanl\u0131\u011f\u0131nda son yolculu\u011funa u\u011furland\u0131.<\/p>\n<figure><img decoding=\"async\" src=\"https:\/\/caykaragundem.com\/resimler\/2025-12\/29\/1092161684991292.webp\"><\/figure>\n<p>Merhum Murat Keskin\u2019in cenaze namaz\u0131na \u00c7aykara Belediye Ba\u015fkan\u0131 Hanefi Tok,T\u00fcrk E\u011fitim Sen Trabzon \u0130l Ba\u015fkan\u0131 Co\u015fkun Dilber,MHP \u00c7aykara \u0130l\u00e7e Ba\u015fkan\u0131 Sava\u015f \u00d6ks\u00fcz kat\u0131l\u0131m sa\u011flarken cenaze namaz\u0131 \u00c7aykara M\u00fcft\u00fcs\u00fc Fatih Karak\u0131\u015fla taraf\u0131ndan k\u0131ld\u0131r\u0131ld\u0131.<\/p>\n<p>\u00c7aykara G\u00fcndem Gazetesi olarak Hem\u015ferilerimize Allah&#8217;tan rahmet geride kalan kederli ailesine yak\u0131nlar\u0131na sevenlerine sab\u0131r metanet ve ba\u015fsa\u011fl\u0131\u011f\u0131 diliyoruz.\u00a0<\/p>\n<figure><img decoding=\"async\" src=\"https:\/\/caykaragundem.com\/resimler\/2025-12\/29\/1325171561606898.webp\"><\/figure>\n<p><strong>\u0130LET\u0130\u015e\u0130M<\/strong><\/p>\n<p><strong>\u0130smet Arslant\u00fcrko\u011flu (Eni\u015ftesi &#038; Teyze o\u011flu): 053685 9206<\/strong><\/p>\n<p><strong>Abileri:\u015eeref \u015eaban Keskin,Erol Keskin<\/strong><\/p>\n<p><strong>\u015eeref Keskin (abisi) : 05326664560<\/strong><\/p>\n<p><strong>Erol Keskin (abisi) : 05347202434<\/strong><\/p>\n<p><strong>\u015eaban Keskin (abisi) :<\/strong><\/p>\n<p>          <\/div>\n","protected":false},"excerpt":{"rendered":"<p>\u0130l\u00e7emiz E\u011fridere mahallesi\u00a0sakinlerinden Murat Keskin \u00c7aykara \u0130l\u00e7esinde son yolculu\u011funa u\u011furland\u0131. Bir s\u00fcreden bu yana \u00e7e\u015fitli hastal\u0131klar ile m\u00fccadele eden Murat Keskin tedavi g\u00f6rd\u00fc\u011f\u00fc hastanede ya\u015fam sava\u015f\u0131n\u0131 kaybetmi\u015fti. Merhum Murat Keskin\u00a0\u0130smet Arslat\u00fcrko\u011flu &#8216; nun kay\u0131nbiraderi E\u011fridere Mahallesi e\u015fraf\u0131ndan Merhum Kamil Keskin\u2019in o\u011flu,\u00c7aykara \u0130l\u00e7esinin \u00e7ok sevilen isimlerinden \u00c7aykara bas\u0131n d\u00fcnyas\u0131n\u0131n duayen ismi\u00a0 \u00c7aykara \u0130l\u00e7e Milli E\u011fitim M\u00fcd\u00fcrl\u00fc\u011f\u00fc [&hellip;]<\/p>\n","protected":false},"author":1,"featured_media":5427,"comment_status":"open","ping_status":"open","sticky":false,"template":"","format":"standard","meta":{"tdm_status":"","tdm_grid_status":"","footnotes":""},"categories":[40],"tags":[],"class_list":{"0":"post-5426","1":"post","2":"type-post","3":"status-publish","4":"format-standard","5":"has-post-thumbnail","7":"category-caykara"},"_links":{"self":[{"href":"https:\/\/zeleka.com\/index.php?rest_route=\/wp\/v2\/posts\/5426","targetHints":{"allow":["GET"]}}],"collection":[{"href":"https:\/\/zeleka.com\/index.php?rest_route=\/wp\/v2\/posts"}],"about":[{"href":"https:\/\/zeleka.com\/index.php?rest_route=\/wp\/v2\/types\/post"}],"author":[{"embeddable":true,"href":"https:\/\/zeleka.com\/index.php?rest_route=\/wp\/v2\/users\/1"}],"replies":[{"embeddable":true,"href":"https:\/\/zeleka.com\/index.php?rest_route=%2Fwp%2Fv2%2Fcomments&post=5426"}],"version-history":[{"count":0,"href":"https:\/\/zeleka.com\/index.php?rest_route=\/wp\/v2\/posts\/5426\/revisions"}],"wp:featuredmedia":[{"embeddable":true,"href":"https:\/\/zeleka.com\/index.php?rest_route=\/wp\/v2\/media\/5427"}],"wp:attachment":[{"href":"https:\/\/zeleka.com\/index.php?rest_route=%2Fwp%2Fv2%2Fmedia&parent=5426"}],"wp:term":[{"taxonomy":"category","embeddable":true,"href":"https:\/\/zeleka.com\/index.php?rest_route=%2Fwp%2Fv2%2Fcategories&post=5426"},{"taxonomy":"post_tag","embeddable":true,"href":"https:\/\/zeleka.com\/index.php?rest_route=%2Fwp%2Fv2%2Ftags&post=5426"}],"curies":[{"name":"wp","href":"https:\/\/api.w.org\/{rel}","templated":true}]}}