{"id":5424,"date":"2025-12-30T09:31:25","date_gmt":"2025-12-30T06:31:25","guid":{"rendered":"https:\/\/zeleka.com\/?p=5424"},"modified":"2025-12-30T09:31:25","modified_gmt":"2025-12-30T06:31:25","slug":"trabzonun-caykara-ilcesinde-sarikamis-sehitleri-ile-mehmet-akif-ersoy-anma-programi-gerceklestirildi-caykara-cevdet-sunay-mesleki-ve-teknik-anadolu-lisesi-ogretmen","status":"publish","type":"post","link":"https:\/\/zeleka.com\/?p=5424","title":{"rendered":"<div id=\"detaymetin\">                            <p>Trabzon\u2019un \u00c7aykara \u0130l\u00e7esinde Sar\u0131kam\u0131\u015f \u015eehitleri ile Mehmet \u00c2kif Ersoy Anma program\u0131 ger\u00e7ekle\u015ftirildi.<\/p><p>\u00c7aykara Cevdet Sunay Mesleki ve Teknik Anadolu Lisesi \u00f6\u011fretmen ve \u00f6\u011frencileri taraf\u0131ndan 29 Ar"},"content":{"rendered":"<div id=\"detaymetin\">\n<p>Trabzon\u2019un \u00c7aykara \u0130l\u00e7esinde Sar\u0131kam\u0131\u015f \u015eehitleri ile Mehmet \u00c2kif Ersoy Anma program\u0131 ger\u00e7ekle\u015ftirildi.<\/p>\n<p>\u00c7aykara Cevdet Sunay Mesleki ve Teknik Anadolu Lisesi \u00f6\u011fretmen ve \u00f6\u011frencileri taraf\u0131ndan 29 Aral\u0131k 2025 Pazartesi G\u00fcn\u00fc Atak\u00f6y Mahallesinde Sar\u0131kam\u0131\u015f \u015eehitleri ile Mehmet \u00c2kif Ersoy\u2019un 89. \u00d6l\u00fcm Y\u0131l D\u00f6n\u00fcm\u00fc kapsam\u0131nda anma program\u0131 ger\u00e7ekle\u015ftirildi.<\/p>\n<figure><img decoding=\"async\" src=\"https:\/\/caykaragundem.com\/resimler\/2025-12\/29\/546571070159559.webp\"><\/figure>\n<p>Ger\u00e7ekle\u015ftirilen Anma Programa; \u00c7aykara Kaymakam\u0131m\u0131z Ali Sapmaz, Belediye Ba\u015fkan\u0131 Say\u0131n Hanefi Tok, \u0130l\u00e7e M\u00fcft\u00fcs\u00fc Fatih Karak\u0131\u015fla, \u0130l\u00e7e Jandarma Komutan\u0131 \u00dcste\u011fmen Emre Can Narin,\u0130l\u00e7e Emniyet Amiri Komiser Alparslan Albayrak ile \u00f6\u011fretmenler,\u00f6\u011frenciler ve veliler kat\u0131l\u0131m sa\u011flad\u0131.<\/p>\n<p>Program, Atak\u00f6y Hastane \u00f6n\u00fcnden okula kadar yap\u0131lan anma y\u00fcr\u00fcy\u00fc\u015f\u00fc ile ba\u015flad\u0131. Ard\u0131ndan konferans salonunda \u015fiirler okundu, ayet ve dualar edildi. Program, helva ikram\u0131 ile sona erdi.<\/p>\n<figure><img decoding=\"async\" src=\"https:\/\/caykaragundem.com\/resimler\/2025-12\/29\/666251225220370.webp\"><\/figure>\n<p>Okul M\u00fcd\u00fcr\u00fc Veysel Somuncu,\u00d6\u011frencilere milli ve manevi de\u011ferleri kazand\u0131rman\u0131n en \u00f6nemli hedeflerinden bir tanesi oldu\u011funu k\u0131\u015f mevsiminin \u00c7aykara \u0130l\u00e7esinde etkili oldu\u011fu bu g\u00fcnlerde Sar\u0131kam\u0131\u015f\u2019ta donarak \u015eehit olan Kahraman Mehmetciklerimizi Anmak amac\u0131 ile \u0130l\u00e7e Protokol\u00fc ile birlikte son derece anlaml\u0131 bir y\u00fcr\u00fcy\u00fc\u015f ger\u00e7ekle\u015ftirdiklerini ifade etti.<\/p>\n<p>\u0130stiklal Mar\u015f\u0131 \u015eairimiz Milli \u015eair Mehmet Akif Ersoy\u2019u da rahmet ve minnet ile and\u0131klar\u0131n\u0131 ifade eden M\u00fcd\u00fcr Somuncu Okulun Konferans Salonunda ger\u00e7ekle\u015ftirilen programda Ba\u015fta Sar\u0131kam\u0131\u015f \u015eehitlerimiz ve Mehmet \u00c2kif Ersoy olmak \u00fczere t\u00fcm kahramanlar\u0131m\u0131z\u0131 rahmet ve minnetle an\u0131yoruz ifadelerini kulland\u0131.<\/p>\n<figure><img decoding=\"async\" src=\"https:\/\/caykaragundem.com\/resimler\/2025-12\/29\/848891436454731.webp\"><\/figure>\n<p>          <\/div>\n","protected":false},"excerpt":{"rendered":"<p>Trabzon\u2019un \u00c7aykara \u0130l\u00e7esinde Sar\u0131kam\u0131\u015f \u015eehitleri ile Mehmet \u00c2kif Ersoy Anma program\u0131 ger\u00e7ekle\u015ftirildi. \u00c7aykara Cevdet Sunay Mesleki ve Teknik Anadolu Lisesi \u00f6\u011fretmen ve \u00f6\u011frencileri taraf\u0131ndan 29 Aral\u0131k 2025 Pazartesi G\u00fcn\u00fc Atak\u00f6y Mahallesinde Sar\u0131kam\u0131\u015f \u015eehitleri ile Mehmet \u00c2kif Ersoy\u2019un 89. \u00d6l\u00fcm Y\u0131l D\u00f6n\u00fcm\u00fc kapsam\u0131nda anma program\u0131 ger\u00e7ekle\u015ftirildi. Ger\u00e7ekle\u015ftirilen Anma Programa; \u00c7aykara Kaymakam\u0131m\u0131z Ali Sapmaz, Belediye Ba\u015fkan\u0131 Say\u0131n [&hellip;]<\/p>\n","protected":false},"author":1,"featured_media":5425,"comment_status":"open","ping_status":"open","sticky":false,"template":"","format":"standard","meta":{"tdm_status":"","tdm_grid_status":"","footnotes":""},"categories":[40],"tags":[],"class_list":{"0":"post-5424","1":"post","2":"type-post","3":"status-publish","4":"format-standard","5":"has-post-thumbnail","7":"category-caykara"},"_links":{"self":[{"href":"https:\/\/zeleka.com\/index.php?rest_route=\/wp\/v2\/posts\/5424","targetHints":{"allow":["GET"]}}],"collection":[{"href":"https:\/\/zeleka.com\/index.php?rest_route=\/wp\/v2\/posts"}],"about":[{"href":"https:\/\/zeleka.com\/index.php?rest_route=\/wp\/v2\/types\/post"}],"author":[{"embeddable":true,"href":"https:\/\/zeleka.com\/index.php?rest_route=\/wp\/v2\/users\/1"}],"replies":[{"embeddable":true,"href":"https:\/\/zeleka.com\/index.php?rest_route=%2Fwp%2Fv2%2Fcomments&post=5424"}],"version-history":[{"count":0,"href":"https:\/\/zeleka.com\/index.php?rest_route=\/wp\/v2\/posts\/5424\/revisions"}],"wp:featuredmedia":[{"embeddable":true,"href":"https:\/\/zeleka.com\/index.php?rest_route=\/wp\/v2\/media\/5425"}],"wp:attachment":[{"href":"https:\/\/zeleka.com\/index.php?rest_route=%2Fwp%2Fv2%2Fmedia&parent=5424"}],"wp:term":[{"taxonomy":"category","embeddable":true,"href":"https:\/\/zeleka.com\/index.php?rest_route=%2Fwp%2Fv2%2Fcategories&post=5424"},{"taxonomy":"post_tag","embeddable":true,"href":"https:\/\/zeleka.com\/index.php?rest_route=%2Fwp%2Fv2%2Ftags&post=5424"}],"curies":[{"name":"wp","href":"https:\/\/api.w.org\/{rel}","templated":true}]}}