{"id":5411,"date":"2025-12-29T09:31:16","date_gmt":"2025-12-29T06:31:16","guid":{"rendered":"https:\/\/zeleka.com\/?p=5411"},"modified":"2025-12-29T09:31:16","modified_gmt":"2025-12-29T06:31:16","slug":"23-24-25-ocak-2025-tarihlerinde-gerceklestirilecek-olan-uzungol-kar-festivali-planlama-calismasi-kapsaminda-turizm-merkezi-uzungolde-bir-planlama-toplantisi-gercek","status":"publish","type":"post","link":"https:\/\/zeleka.com\/?p=5411","title":{"rendered":"<div id=\"detaymetin\">                            <p>23-24-25 Ocak 2025 Tarihlerinde ger\u00e7ekle\u015ftirilecek olan Uzung\u00f6l Kar Festivali Planlama \u00e7al\u0131\u015fmas\u0131 kapsam\u0131nda Turizm Merkezi Uzung\u00f6l\u2019de bir planlama toplant\u0131s\u0131 ger\u00e7ekle\u015ftirildi.<\/p><p>28 Aral\u0131k 2025 Pazar"},"content":{"rendered":"<div id=\"detaymetin\">\n<p>23-24-25 Ocak 2025 Tarihlerinde ger\u00e7ekle\u015ftirilecek olan Uzung\u00f6l Kar Festivali Planlama \u00e7al\u0131\u015fmas\u0131 kapsam\u0131nda Turizm Merkezi Uzung\u00f6l\u2019de bir planlama toplant\u0131s\u0131 ger\u00e7ekle\u015ftirildi.<\/p>\n<p>28 Aral\u0131k 2025 Pazar G\u00fcn\u00fc Uzung\u00f6l \u0130nan Karde\u015fler Restaurant\u2019ta ger\u00e7ekle\u015ftirilen toplant\u0131 yo\u011fun bir kat\u0131l\u0131m ile ger\u00e7ekle\u015ftirildi.<\/p>\n<figure><img decoding=\"async\" src=\"https:\/\/caykaragundem.com\/resimler\/2025-12\/28\/7616284072201.webp\"><\/figure>\n<p>Uzung\u00f6l Muhtar\u0131 Selman Dilek,Uzung\u00f6l Turizmciler Derne\u011fi Ba\u015fkan\u0131\u00a0 Mehmet Kele\u015f y\u00f6netiminde ger\u00e7ekle\u015ftirilen toplant\u0131ya \u00c7aykara Belediye Ba\u015fkan\u0131 Hanefi Tok,Uzung\u00f6l\u2019\u00fc<\/p>\n<p>\u00a0De\u011fi\u015fime Ta\u015f\u0131yan isim,Bir Toplumun Kaderini De\u011fi\u015ftiren \u0130nsan,Uzung\u00f6l Turizminin Ba\u015f Mimar\u0131 Dursun Ali \u0130nan,Uzung\u00f6l Birlik A.\u015e. Y\u00f6netim Kurulu Ba\u015fkan\u0131 Mustafa Kemal Zengin\u2026 Ve 2025 Y\u0131l\u0131nda Uzung\u00f6l\u2019de Y\u0131l\u0131n Adam\u0131\u2026K\u0131sa \u0130smi TGA olan T\u00fcrkiye Turizm Tan\u0131t\u0131m ve Geli\u015ftirme Ajans\u0131\u00a0Karadeniz B\u00f6lge Temsilcili\u011fine se\u00e7ilen\u2026 Metin \u0130nan\u2026kat\u0131l\u0131m sa\u011flad\u0131.<\/p>\n<figure><img decoding=\"async\" src=\"https:\/\/caykaragundem.com\/resimler\/2025-12\/28\/346411886444147.webp\"><\/figure>\n<p>Uzung\u00f6l Muhtar\u0131 Selman Dilek \u015eenlik ile ilgili a\u00e7\u0131klamalarda bulundu.Muhtar Dilek\u2019in konu\u015fmas\u0131ndan sat\u0131r ba\u015flar\u0131:<\/p>\n<p>\u015eenlik 23-24-25 Ocak 2026 tarihlerinde 3 g\u00fcn olarak planland\u0131.<\/p>\n<p>\u0130lk g\u00fcn g\u00f6l kenar\u0131nda kaval,kemen\u00e7e e\u015fli\u011finde \u00e7ok b\u00fcy\u00fck bir horon halkas\u0131 olu\u015fturulacak.<\/p>\n<figure><img decoding=\"async\" src=\"https:\/\/caykaragundem.com\/resimler\/2025-12\/28\/61402245679853.webp\"><\/figure>\n<p>\u015eenli\u011fin Resmi A\u00e7\u0131l\u0131\u015f\u0131 ve Protokol Konu\u015fmalar\u0131 24 Ocak 2026 Cumartesi g\u00fcn\u00fc \u00f6\u011fleden sonra ger\u00e7ekle\u015ftirilecek.<\/p>\n<p>\u015eenlik Organizasyonuna kat\u0131l\u0131m sa\u011flayacak olan Sanat\u00e7\u0131lardan biri \u0130smail T\u00fcr\u00fct olacak.Bunun yan\u0131 s\u0131ra bir \u00e7ok \u00fcnl\u00fc sanat\u00e7\u0131 Kar Festivali kapsam\u0131nda Uzung\u00f6l\u2019de sahne alacak.<\/p>\n<figure><img decoding=\"async\" src=\"https:\/\/caykaragundem.com\/resimler\/2025-12\/28\/267631873962799.webp\"><\/figure>\n<p>\u015eenli\u011fi \u00dclkemizin en \u00f6nemli sunucular\u0131ndan Aslan Kar profesyonel sunumu ile sunacak.<\/p>\n<p>Uzung\u00f6l Turizmciler Derne\u011fi Ba\u015fkan\u0131 Mehmet Kele\u015f\u2019in Konu\u015fmas\u0131ndan Sat\u0131r Ba\u015flar\u0131.<\/p>\n<p>\u00c7aykara Kaymakaml\u0131\u011f\u0131m\u0131z ve \u00c7aykara Belediyemiz bizimle birlikte Programa ev sahipli\u011fi yapacak.<\/p>\n<figure><img decoding=\"async\" src=\"https:\/\/caykaragundem.com\/resimler\/2025-12\/28\/59247722709958.webp\"><\/figure>\n<p>Ger\u00e7ekle\u015ftirece\u011fimiz \u015eenli\u011fe<\/p>\n<p>Trabzon Valili\u011fi,Trabzon B\u00fcy\u00fck\u015fehir Belediyesi,Trabzon Ticaret Odas\u0131,Trabzon Esnaf Odas\u0131,Trabzon Esnafd ve Sanatkarlar Odas\u0131 Karadeniz Teknik \u00dcniversitesi gibi bir \u00e7ok Devlet Kurumu ve STK\u2019lar Destek veriyor.<\/p>\n<p>Hepimizin en \u00f6nemli hedefi Uzung\u00f6l\u2019de K\u0131\u015f Turizmini canland\u0131rmak<\/p>\n<p>Ger\u00e7ekle\u015ftirilen toplant\u0131da daha sonra Festivalin detaylar\u0131 konu\u015fuldu.<\/p>\n<p>Turizm \u0130\u015fletme sahiplerinden ilgili tarihlerde hi\u00e7bir mazeret kabul etmeden t\u00fcm i\u015fletmelerin a\u00e7\u0131k olmas\u0131 istendi.<\/p>\n<p>\u00dc\u00e7 g\u00fcn s\u00fcrecek olan Festival boyunca Trabzon B\u00fcy\u00fck\u015fehir Belediyesi taraf\u0131ndan Trabzon \u0130linin 18 \u0130l\u00e7esinden \u00fccretsiz olarak otob\u00fcs servisleri d\u00fczenlenerek vatanda\u015flar\u0131n fetivale kat\u0131l\u0131m sa\u011flamalar\u0131 temin edilecek.<\/p>\n<p>\u00dc\u00e7 ki\u015filik bir komisyon olu\u015fturularak Festival s\u00fcresi boyunca fiyatlar\u0131n denetlenmesi kararla\u015ft\u0131r\u0131ld\u0131.<\/p>\n<p>Otel,Motel ve Pansiyonlarda konaklama fiyatlar\u0131 makul fiyat \u00f6l\u00e7\u00fcleri \u00e7er\u00e7evesinde belirlenerek t\u00fcm i\u015fletmelerin ayn\u0131 fiyat tarifesini uygulayarak misafirleri a\u011f\u0131rlamalar\u0131 kararla\u015ft\u0131r\u0131ld\u0131.<\/p>\n<p>          <\/div>\n","protected":false},"excerpt":{"rendered":"<p>23-24-25 Ocak 2025 Tarihlerinde ger\u00e7ekle\u015ftirilecek olan Uzung\u00f6l Kar Festivali Planlama \u00e7al\u0131\u015fmas\u0131 kapsam\u0131nda Turizm Merkezi Uzung\u00f6l\u2019de bir planlama toplant\u0131s\u0131 ger\u00e7ekle\u015ftirildi. 28 Aral\u0131k 2025 Pazar G\u00fcn\u00fc Uzung\u00f6l \u0130nan Karde\u015fler Restaurant\u2019ta ger\u00e7ekle\u015ftirilen toplant\u0131 yo\u011fun bir kat\u0131l\u0131m ile ger\u00e7ekle\u015ftirildi. Uzung\u00f6l Muhtar\u0131 Selman Dilek,Uzung\u00f6l Turizmciler Derne\u011fi Ba\u015fkan\u0131\u00a0 Mehmet Kele\u015f y\u00f6netiminde ger\u00e7ekle\u015ftirilen toplant\u0131ya \u00c7aykara Belediye Ba\u015fkan\u0131 Hanefi Tok,Uzung\u00f6l\u2019\u00fc \u00a0De\u011fi\u015fime Ta\u015f\u0131yan isim,Bir [&hellip;]<\/p>\n","protected":false},"author":1,"featured_media":5412,"comment_status":"open","ping_status":"open","sticky":false,"template":"","format":"standard","meta":{"tdm_status":"","tdm_grid_status":"","footnotes":""},"categories":[40],"tags":[],"class_list":{"0":"post-5411","1":"post","2":"type-post","3":"status-publish","4":"format-standard","5":"has-post-thumbnail","7":"category-caykara"},"_links":{"self":[{"href":"https:\/\/zeleka.com\/index.php?rest_route=\/wp\/v2\/posts\/5411","targetHints":{"allow":["GET"]}}],"collection":[{"href":"https:\/\/zeleka.com\/index.php?rest_route=\/wp\/v2\/posts"}],"about":[{"href":"https:\/\/zeleka.com\/index.php?rest_route=\/wp\/v2\/types\/post"}],"author":[{"embeddable":true,"href":"https:\/\/zeleka.com\/index.php?rest_route=\/wp\/v2\/users\/1"}],"replies":[{"embeddable":true,"href":"https:\/\/zeleka.com\/index.php?rest_route=%2Fwp%2Fv2%2Fcomments&post=5411"}],"version-history":[{"count":0,"href":"https:\/\/zeleka.com\/index.php?rest_route=\/wp\/v2\/posts\/5411\/revisions"}],"wp:featuredmedia":[{"embeddable":true,"href":"https:\/\/zeleka.com\/index.php?rest_route=\/wp\/v2\/media\/5412"}],"wp:attachment":[{"href":"https:\/\/zeleka.com\/index.php?rest_route=%2Fwp%2Fv2%2Fmedia&parent=5411"}],"wp:term":[{"taxonomy":"category","embeddable":true,"href":"https:\/\/zeleka.com\/index.php?rest_route=%2Fwp%2Fv2%2Fcategories&post=5411"},{"taxonomy":"post_tag","embeddable":true,"href":"https:\/\/zeleka.com\/index.php?rest_route=%2Fwp%2Fv2%2Ftags&post=5411"}],"curies":[{"name":"wp","href":"https:\/\/api.w.org\/{rel}","templated":true}]}}