{"id":5409,"date":"2025-12-29T09:31:17","date_gmt":"2025-12-29T06:31:17","guid":{"rendered":"https:\/\/zeleka.com\/?p=5409"},"modified":"2025-12-29T09:31:17","modified_gmt":"2025-12-29T06:31:17","slug":"ilcemi-egridere-mahallesi-sakinlerinden-murat-keskin-vefat-etti-bir-sureden-bu-yana-cesitli-hastaliklar-ile-mucadele-eden-murat-keskin-tedavi-gordugu-hastanede-yasam","status":"publish","type":"post","link":"https:\/\/zeleka.com\/?p=5409","title":{"rendered":"<div id=\"detaymetin\">                            <p>\u0130l\u00e7emi E\u011fridere mahallesi \u00a0sakinlerinden Murat Keskin vefat etti.<\/p><p>Bir s\u00fcreden bu yana \u00e7e\u015fitli hastal\u0131klar ile m\u00fccadele eden Murat Keskin tedavi g\u00f6rd\u00fc\u011f\u00fc hastanede ya\u015fam sava\u015f\u0131n\u0131 kaybetti<\/p><p>Merhu"},"content":{"rendered":"<div id=\"detaymetin\">\n<p>\u0130l\u00e7emi E\u011fridere mahallesi \u00a0sakinlerinden Murat Keskin vefat etti.<\/p>\n<p>Bir s\u00fcreden bu yana \u00e7e\u015fitli hastal\u0131klar ile m\u00fccadele eden Murat Keskin tedavi g\u00f6rd\u00fc\u011f\u00fc hastanede ya\u015fam sava\u015f\u0131n\u0131 kaybetti<\/p>\n<p>Merhum Murat Keskin \u00a0\u0130smet Arslat\u00fcrko\u011flu &#8216; nun kay\u0131nbiraderi E\u011fridere Mahallesi e\u015fraf\u0131ndan Merhum Kamil Keskin\u2019in o\u011flu,\u00c7aykara \u0130l\u00e7esinin \u00e7ok sevilen isimlerinden \u00c7aykara bas\u0131n d\u00fcnyas\u0131n\u0131n duayen ismi \u00a0\u00c7aykara \u0130l\u00e7e Milli E\u011fitim M\u00fcd\u00fcrl\u00fc\u011f\u00fc \u015eef\u0130 \u015eeref \u015eaban Keskin ile Erol Keskin\u2019in \u00a0abisiydi.<br \/>Merhum Murat Keskin 29\/12\/2025 Pazartesi g\u00fcn\u00fc ikindi namaz\u0131na m\u00fcteakip \u00c7aykara Merkez Camii&#8217;nde k\u0131l\u0131nacak olan cenaze namaz\u0131n\u0131n ard\u0131ndan E\u011fridere &#8211; D\u00fcz mahalle (Kamboz)&#8217;da aile kabr\u0131stanl\u0131\u011f\u0131na defnedilecektir.<br \/>\u00c7aykara G\u00fcndem Gazetesi olarak Hem\u015ferilerimize Allah&#8217;tan rahmet geride kalan kederli ailesine yak\u0131nlar\u0131na sevenlerine sab\u0131r metanet ve ba\u015fsa\u011fl\u0131\u011f\u0131 diliyoruz.\u00a0<\/p>\n<p>\u0130LET\u0130\u015e\u0130M<br \/>\u0130smet Arslant\u00fcrko\u011flu (Eni\u015ftesi &#038; Teyze o\u011flu): <a href=\"http:\/\/caykaragundem.com\/tel:053685 9206\">053685 9206<\/a><br \/>Abileri:\u015eeref \u015eaban Keskin,Erol Keskin<br \/>\u015eeref Keskin (abisi) : <a href=\"http:\/\/caykaragundem.com\/tel:05326664560\">05326664560<\/a><br \/>Erol Keskin (abisi) : <a href=\"http:\/\/caykaragundem.com\/tel:05347202434\">05347202434<\/a><br \/>\u015eaban Keskin (abisi) :<\/p>\n<p>          <\/div>\n","protected":false},"excerpt":{"rendered":"<p>\u0130l\u00e7emi E\u011fridere mahallesi \u00a0sakinlerinden Murat Keskin vefat etti. Bir s\u00fcreden bu yana \u00e7e\u015fitli hastal\u0131klar ile m\u00fccadele eden Murat Keskin tedavi g\u00f6rd\u00fc\u011f\u00fc hastanede ya\u015fam sava\u015f\u0131n\u0131 kaybetti Merhum Murat Keskin \u00a0\u0130smet Arslat\u00fcrko\u011flu &#8216; nun kay\u0131nbiraderi E\u011fridere Mahallesi e\u015fraf\u0131ndan Merhum Kamil Keskin\u2019in o\u011flu,\u00c7aykara \u0130l\u00e7esinin \u00e7ok sevilen isimlerinden \u00c7aykara bas\u0131n d\u00fcnyas\u0131n\u0131n duayen ismi \u00a0\u00c7aykara \u0130l\u00e7e Milli E\u011fitim M\u00fcd\u00fcrl\u00fc\u011f\u00fc \u015eef\u0130 [&hellip;]<\/p>\n","protected":false},"author":1,"featured_media":5410,"comment_status":"open","ping_status":"open","sticky":false,"template":"","format":"standard","meta":{"tdm_status":"","tdm_grid_status":"","footnotes":""},"categories":[40],"tags":[],"class_list":{"0":"post-5409","1":"post","2":"type-post","3":"status-publish","4":"format-standard","5":"has-post-thumbnail","7":"category-caykara"},"_links":{"self":[{"href":"https:\/\/zeleka.com\/index.php?rest_route=\/wp\/v2\/posts\/5409","targetHints":{"allow":["GET"]}}],"collection":[{"href":"https:\/\/zeleka.com\/index.php?rest_route=\/wp\/v2\/posts"}],"about":[{"href":"https:\/\/zeleka.com\/index.php?rest_route=\/wp\/v2\/types\/post"}],"author":[{"embeddable":true,"href":"https:\/\/zeleka.com\/index.php?rest_route=\/wp\/v2\/users\/1"}],"replies":[{"embeddable":true,"href":"https:\/\/zeleka.com\/index.php?rest_route=%2Fwp%2Fv2%2Fcomments&post=5409"}],"version-history":[{"count":0,"href":"https:\/\/zeleka.com\/index.php?rest_route=\/wp\/v2\/posts\/5409\/revisions"}],"wp:featuredmedia":[{"embeddable":true,"href":"https:\/\/zeleka.com\/index.php?rest_route=\/wp\/v2\/media\/5410"}],"wp:attachment":[{"href":"https:\/\/zeleka.com\/index.php?rest_route=%2Fwp%2Fv2%2Fmedia&parent=5409"}],"wp:term":[{"taxonomy":"category","embeddable":true,"href":"https:\/\/zeleka.com\/index.php?rest_route=%2Fwp%2Fv2%2Fcategories&post=5409"},{"taxonomy":"post_tag","embeddable":true,"href":"https:\/\/zeleka.com\/index.php?rest_route=%2Fwp%2Fv2%2Ftags&post=5409"}],"curies":[{"name":"wp","href":"https:\/\/api.w.org\/{rel}","templated":true}]}}