{"id":538,"date":"2025-01-07T22:52:00","date_gmt":"2025-01-07T19:52:00","guid":{"rendered":"https:\/\/zeleka.com\/?p=538"},"modified":"2025-01-07T22:52:00","modified_gmt":"2025-01-07T19:52:00","slug":"caykarali-hamza-ozbilgi-odulunu-cumhurbaskanindan-aldi","status":"publish","type":"post","link":"https:\/\/zeleka.com\/?p=538","title":{"rendered":"\u00c7aykaral\u0131 Hamza \u00d6zbilgi \u00f6d\u00fcl\u00fcn\u00fc Cumhurba\u015fkan\u0131ndan ald\u0131"},"content":{"rendered":"<p><img width=\"746\" height=\"400\" src=\"https:\/\/www.caykaragazetesi.com\/wp-content\/uploads\/2025\/01\/caykarali-hamza-ozbilgi-odulunu-cumhurbaskanindan-aldi-4.jpeg\" class=\"attachment-post-thumbnail size-post-thumbnail wp-post-image\" alt=\"\u00c7aykaral\u0131 Hamza \u00d6zbilgi \u00f6d\u00fcl\u00fcn\u00fc Cumhurba\u015fkan\u0131ndan ald\u0131 13\" decoding=\"async\" loading=\"lazy\" title=\"\u00c7aykaral\u0131 Hamza \u00d6zbilgi \u00f6d\u00fcl\u00fcn\u00fc Cumhurba\u015fkan\u0131ndan ald\u0131 13\"><\/p>\n<p>\u00c7aykaral\u0131 m\u00fclki idare amiri Kilis Vali Yard\u0131mc\u0131s\u0131 Hamza \u00d6zbilgi Cumhurba\u015fkanl\u0131\u011f\u0131nda d\u00fczenlenen \u0130dareciler G\u00fcn\u00fc toplant\u0131s\u0131nda \u015eehit Kaymakam Ersin Ate\u015f \u00dcst\u00fcn Hizmet \u00d6d\u00fcl\u00fcne lay\u0131k g\u00f6r\u00fcld\u00fc. \u00a0\u00c7aykara\u2019n\u0131n \u015eahinkaya Mahallesinden olan ve Hatay\u2019\u0131n K\u0131r\u0131khan il\u00e7esinde d\u00fcnyaya gelen \u00d6zbilgi \u00f6d\u00fcl\u00fc, Suriye\u2019nin kuzeyinde d\u00fczensiz g\u00f6\u00e7\u00fcn kayna\u011f\u0131nda kontrol edilmesine y\u00f6nelik proje ve \u00e7al\u0131\u015fmalar\u0131 dolay\u0131s\u0131yla Cumhurba\u015fkan\u0131 Recep Tayyip Erdo\u011fan\u2019\u0131n elinden ald\u0131.<\/p>\n<p><a href=\"https:\/\/www.caykaragazetesi.com\/burokrasi\/caykarali-hamza-ozbilgi-odulunu-cumhurbaskanindan-aldi-71749\/attachment\/caykarali-hamza-ozbilgi-odulunu-cumhurbaskanindan-aldi-3\/\"><img loading=\"lazy\" decoding=\"async\" width=\"1024\" height=\"650\" src=\"https:\/\/www.caykaragazetesi.com\/wp-content\/uploads\/2025\/01\/caykarali-hamza-ozbilgi-odulunu-cumhurbaskanindan-aldi-3.jpeg\" class=\"attachment-full size-full\" alt=\"\u00c7aykaral\u0131 Hamza \u00d6zbilgi \u00f6d\u00fcl\u00fcn\u00fc Cumhurba\u015fkan\u0131ndan ald\u0131 9\" srcset=\"https:\/\/www.caykaragazetesi.com\/wp-content\/uploads\/2025\/01\/caykarali-hamza-ozbilgi-odulunu-cumhurbaskanindan-aldi-3.jpeg 1024w, https:\/\/www.caykaragazetesi.com\/wp-content\/uploads\/2025\/01\/caykarali-hamza-ozbilgi-odulunu-cumhurbaskanindan-aldi-3-768x488.jpeg 768w\" sizes=\"auto, (max-width: 1024px) 100vw, 1024px\" title=\"\u00c7aykaral\u0131 Hamza \u00d6zbilgi \u00f6d\u00fcl\u00fcn\u00fc Cumhurba\u015fkan\u0131ndan ald\u0131 9\"><\/a><br \/>\n<a href=\"https:\/\/www.caykaragazetesi.com\/burokrasi\/caykarali-hamza-ozbilgi-odulunu-cumhurbaskanindan-aldi-71749\/attachment\/caykarali-hamza-ozbilgi-odulunu-cumhurbaskanindan-aldi-2-2\/\"><img loading=\"lazy\" decoding=\"async\" width=\"992\" height=\"647\" src=\"https:\/\/www.caykaragazetesi.com\/wp-content\/uploads\/2025\/01\/caykarali-hamza-ozbilgi-odulunu-cumhurbaskanindan-aldi-2.jpeg\" class=\"attachment-full size-full\" alt=\"\u00c7aykaral\u0131 Hamza \u00d6zbilgi \u00f6d\u00fcl\u00fcn\u00fc Cumhurba\u015fkan\u0131ndan ald\u0131 10\" srcset=\"https:\/\/www.caykaragazetesi.com\/wp-content\/uploads\/2025\/01\/caykarali-hamza-ozbilgi-odulunu-cumhurbaskanindan-aldi-2.jpeg 992w, https:\/\/www.caykaragazetesi.com\/wp-content\/uploads\/2025\/01\/caykarali-hamza-ozbilgi-odulunu-cumhurbaskanindan-aldi-2-768x501.jpeg 768w\" sizes=\"auto, (max-width: 992px) 100vw, 992px\" title=\"\u00c7aykaral\u0131 Hamza \u00d6zbilgi \u00f6d\u00fcl\u00fcn\u00fc Cumhurba\u015fkan\u0131ndan ald\u0131 10\"><\/a><br \/>\n<a href=\"https:\/\/www.caykaragazetesi.com\/burokrasi\/caykarali-hamza-ozbilgi-odulunu-cumhurbaskanindan-aldi-71749\/attachment\/caykarali-hamza-ozbilgi-odulunu-cumhurbaskanindan-aldi-2\/\"><img loading=\"lazy\" decoding=\"async\" width=\"845\" height=\"1024\" src=\"https:\/\/www.caykaragazetesi.com\/wp-content\/uploads\/2025\/01\/caykarali-hamza-ozbilgi-odulunu-cumhurbaskanindan-aldi.jpeg\" class=\"attachment-full size-full\" alt=\"\u00c7aykaral\u0131 Hamza \u00d6zbilgi \u00f6d\u00fcl\u00fcn\u00fc Cumhurba\u015fkan\u0131ndan ald\u0131 11\" srcset=\"https:\/\/www.caykaragazetesi.com\/wp-content\/uploads\/2025\/01\/caykarali-hamza-ozbilgi-odulunu-cumhurbaskanindan-aldi.jpeg 845w, https:\/\/www.caykaragazetesi.com\/wp-content\/uploads\/2025\/01\/caykarali-hamza-ozbilgi-odulunu-cumhurbaskanindan-aldi-768x931.jpeg 768w\" sizes=\"auto, (max-width: 845px) 100vw, 845px\" title=\"\u00c7aykaral\u0131 Hamza \u00d6zbilgi \u00f6d\u00fcl\u00fcn\u00fc Cumhurba\u015fkan\u0131ndan ald\u0131 11\"><\/a><br \/>\n<a href=\"https:\/\/www.caykaragazetesi.com\/burokrasi\/caykarali-hamza-ozbilgi-odulunu-cumhurbaskanindan-aldi-71749\/attachment\/caykarali-hamza-ozbilgi-odulunu-cumhurbaskanindan-aldi-4\/\"><img loading=\"lazy\" decoding=\"async\" width=\"746\" height=\"400\" src=\"https:\/\/www.caykaragazetesi.com\/wp-content\/uploads\/2025\/01\/caykarali-hamza-ozbilgi-odulunu-cumhurbaskanindan-aldi-4.jpeg\" class=\"attachment-full size-full\" alt=\"\u00c7aykaral\u0131 Hamza \u00d6zbilgi \u00f6d\u00fcl\u00fcn\u00fc Cumhurba\u015fkan\u0131ndan ald\u0131 12\" title=\"\u00c7aykaral\u0131 Hamza \u00d6zbilgi \u00f6d\u00fcl\u00fcn\u00fc Cumhurba\u015fkan\u0131ndan ald\u0131 12\"><\/a><br \/>Bu icerik www.caykaragazetesi.com alintidir.<\/p>\n","protected":false},"excerpt":{"rendered":"<p>\u00c7aykaral\u0131 m\u00fclki idare amiri Kilis Vali Yard\u0131mc\u0131s\u0131 Hamza \u00d6zbilgi Cumhurba\u015fkanl\u0131\u011f\u0131nda d\u00fczenlenen \u0130dareciler G\u00fcn\u00fc toplant\u0131s\u0131nda \u015eehit Kaymakam Ersin Ate\u015f \u00dcst\u00fcn Hizmet \u00d6d\u00fcl\u00fcne lay\u0131k g\u00f6r\u00fcld\u00fc. \u00a0\u00c7aykara\u2019n\u0131n \u015eahinkaya Mahallesinden olan ve Hatay\u2019\u0131n K\u0131r\u0131khan il\u00e7esinde d\u00fcnyaya gelen \u00d6zbilgi \u00f6d\u00fcl\u00fc, Suriye\u2019nin kuzeyinde d\u00fczensiz g\u00f6\u00e7\u00fcn kayna\u011f\u0131nda kontrol edilmesine y\u00f6nelik proje ve \u00e7al\u0131\u015fmalar\u0131 dolay\u0131s\u0131yla Cumhurba\u015fkan\u0131 Recep Tayyip Erdo\u011fan\u2019\u0131n elinden ald\u0131. Bu icerik [&hellip;]<\/p>\n","protected":false},"author":2,"featured_media":539,"comment_status":"closed","ping_status":"open","sticky":false,"template":"","format":"standard","meta":{"tdm_status":"","tdm_grid_status":"","footnotes":""},"categories":[40],"tags":[],"class_list":{"0":"post-538","1":"post","2":"type-post","3":"status-publish","4":"format-standard","5":"has-post-thumbnail","7":"category-caykara"},"_links":{"self":[{"href":"https:\/\/zeleka.com\/index.php?rest_route=\/wp\/v2\/posts\/538","targetHints":{"allow":["GET"]}}],"collection":[{"href":"https:\/\/zeleka.com\/index.php?rest_route=\/wp\/v2\/posts"}],"about":[{"href":"https:\/\/zeleka.com\/index.php?rest_route=\/wp\/v2\/types\/post"}],"author":[{"embeddable":true,"href":"https:\/\/zeleka.com\/index.php?rest_route=\/wp\/v2\/users\/2"}],"replies":[{"embeddable":true,"href":"https:\/\/zeleka.com\/index.php?rest_route=%2Fwp%2Fv2%2Fcomments&post=538"}],"version-history":[{"count":0,"href":"https:\/\/zeleka.com\/index.php?rest_route=\/wp\/v2\/posts\/538\/revisions"}],"wp:featuredmedia":[{"embeddable":true,"href":"https:\/\/zeleka.com\/index.php?rest_route=\/wp\/v2\/media\/539"}],"wp:attachment":[{"href":"https:\/\/zeleka.com\/index.php?rest_route=%2Fwp%2Fv2%2Fmedia&parent=538"}],"wp:term":[{"taxonomy":"category","embeddable":true,"href":"https:\/\/zeleka.com\/index.php?rest_route=%2Fwp%2Fv2%2Fcategories&post=538"},{"taxonomy":"post_tag","embeddable":true,"href":"https:\/\/zeleka.com\/index.php?rest_route=%2Fwp%2Fv2%2Ftags&post=538"}],"curies":[{"name":"wp","href":"https:\/\/api.w.org\/{rel}","templated":true}]}}