{"id":5240,"date":"2025-12-14T07:30:13","date_gmt":"2025-12-14T04:30:13","guid":{"rendered":"https:\/\/zeleka.com\/?p=5240"},"modified":"2025-12-14T07:30:13","modified_gmt":"2025-12-14T04:30:13","slug":"kizilay-trabzon-subesi-tarafindan-trabzonda-caykara-uzungol-sehit-mehmet-aygun-ilkokulu-ve-sehit-mehmet-aygun-imam-hatip-ortaokulunda-okulumda-kanpanya-va","status":"publish","type":"post","link":"https:\/\/zeleka.com\/?p=5240","title":{"rendered":"<div id=\"detaymetin\">                            <p>K\u0131z\u0131lay Trabzon \u015eubesi taraf\u0131ndan Trabzon\u2019da \u00c7aykara Uzung\u00f6l \u015eehit Mehmet Ayg\u00fcn \u0130lkokulu ve \u015eehit Mehmet Ayg\u00fcn \u0130mam Hatip Ortaokulu\u2019nda Okulumda Kanpanya var etkinli\u011fi ger\u00e7ekle\u015ftirilecek.<\/p><p>12 Ekim 2"},"content":{"rendered":"<div id=\"detaymetin\">\n<p>K\u0131z\u0131lay Trabzon \u015eubesi taraf\u0131ndan Trabzon\u2019da \u00c7aykara Uzung\u00f6l \u015eehit Mehmet Ayg\u00fcn \u0130lkokulu ve \u015eehit Mehmet Ayg\u00fcn \u0130mam Hatip Ortaokulu\u2019nda Okulumda Kanpanya var etkinli\u011fi ger\u00e7ekle\u015ftirilecek.<\/p>\n<p>12 Ekim 2025 G\u00fcn\u00fc ger\u00e7ekle\u015ftirilen etkinlik yo\u011fun bir kat\u0131l\u0131m ile ger\u00e7ekle\u015fti.<\/p>\n<figure><img decoding=\"async\" src=\"https:\/\/caykaragundem.com\/resimler\/2025-12\/13\/869111622591688.webp\"><\/figure>\n<p>\u00c7aykara Kaymakam\u0131 Ali Sapmaz,\u00c7aykara \u0130l\u00e7e Jandarma Komutan\u0131 \u00dcste\u011fmen Emre Can Narin,\u00c7aykara \u0130l\u00e7e Emniyet Amiri Komisewr Alparslan Albayrak ve \u0130l\u00e7e milli E\u011fitim M\u00fcd\u00fcr\u00fc Ahmet \u00c7amurali ger\u00e7ekle\u015ftirilen Kanpanyaya kat\u0131l\u0131m sa\u011flayarak kan ba\u011f\u0131\u015f\u0131 kanpanyas\u0131na destek verdiler.<\/p>\n<p>Kan ba\u011f\u0131\u015f\u0131 kampanyas\u0131nda K\u0131z\u0131lay taraf\u0131ndan kan ba\u011f\u0131\u015f\u0131 ger\u00e7ekle\u015ftiren her \u00f6\u011frencinin velisine \u00f6\u011frenciye verilmek \u00fczere madalya verilirken ayr\u0131ca ailesi taraf\u0131ndan en \u00e7ok kan ba\u011f\u0131\u015f\u0131nda bulunan \u00f6\u011frenciye Trabzonspor formas\u0131 ve \u00f6\u011frencilere top hediyesi ger\u00e7ekle\u015ftirildi.<\/p>\n<figure><img decoding=\"async\" src=\"https:\/\/caykaragundem.com\/resimler\/2025-12\/13\/54436475858510.webp\"><\/figure>\n<p>          <\/div>\n","protected":false},"excerpt":{"rendered":"<p>K\u0131z\u0131lay Trabzon \u015eubesi taraf\u0131ndan Trabzon\u2019da \u00c7aykara Uzung\u00f6l \u015eehit Mehmet Ayg\u00fcn \u0130lkokulu ve \u015eehit Mehmet Ayg\u00fcn \u0130mam Hatip Ortaokulu\u2019nda Okulumda Kanpanya var etkinli\u011fi ger\u00e7ekle\u015ftirilecek. 12 Ekim 2025 G\u00fcn\u00fc ger\u00e7ekle\u015ftirilen etkinlik yo\u011fun bir kat\u0131l\u0131m ile ger\u00e7ekle\u015fti. \u00c7aykara Kaymakam\u0131 Ali Sapmaz,\u00c7aykara \u0130l\u00e7e Jandarma Komutan\u0131 \u00dcste\u011fmen Emre Can Narin,\u00c7aykara \u0130l\u00e7e Emniyet Amiri Komisewr Alparslan Albayrak ve \u0130l\u00e7e milli E\u011fitim [&hellip;]<\/p>\n","protected":false},"author":1,"featured_media":5241,"comment_status":"open","ping_status":"open","sticky":false,"template":"","format":"standard","meta":{"tdm_status":"","tdm_grid_status":"","footnotes":""},"categories":[40],"tags":[],"class_list":{"0":"post-5240","1":"post","2":"type-post","3":"status-publish","4":"format-standard","5":"has-post-thumbnail","7":"category-caykara"},"_links":{"self":[{"href":"https:\/\/zeleka.com\/index.php?rest_route=\/wp\/v2\/posts\/5240","targetHints":{"allow":["GET"]}}],"collection":[{"href":"https:\/\/zeleka.com\/index.php?rest_route=\/wp\/v2\/posts"}],"about":[{"href":"https:\/\/zeleka.com\/index.php?rest_route=\/wp\/v2\/types\/post"}],"author":[{"embeddable":true,"href":"https:\/\/zeleka.com\/index.php?rest_route=\/wp\/v2\/users\/1"}],"replies":[{"embeddable":true,"href":"https:\/\/zeleka.com\/index.php?rest_route=%2Fwp%2Fv2%2Fcomments&post=5240"}],"version-history":[{"count":0,"href":"https:\/\/zeleka.com\/index.php?rest_route=\/wp\/v2\/posts\/5240\/revisions"}],"wp:featuredmedia":[{"embeddable":true,"href":"https:\/\/zeleka.com\/index.php?rest_route=\/wp\/v2\/media\/5241"}],"wp:attachment":[{"href":"https:\/\/zeleka.com\/index.php?rest_route=%2Fwp%2Fv2%2Fmedia&parent=5240"}],"wp:term":[{"taxonomy":"category","embeddable":true,"href":"https:\/\/zeleka.com\/index.php?rest_route=%2Fwp%2Fv2%2Fcategories&post=5240"},{"taxonomy":"post_tag","embeddable":true,"href":"https:\/\/zeleka.com\/index.php?rest_route=%2Fwp%2Fv2%2Ftags&post=5240"}],"curies":[{"name":"wp","href":"https:\/\/api.w.org\/{rel}","templated":true}]}}