{"id":5229,"date":"2025-12-07T06:29:50","date_gmt":"2025-12-07T03:29:50","guid":{"rendered":"https:\/\/zeleka.com\/?p=5229"},"modified":"2025-12-07T06:29:50","modified_gmt":"2025-12-07T03:29:50","slug":"sanatci-simdi-ise-yore-kulturunun-unutulmaya-yuz-tutmus-bir-gelenegini-yeniden-hatirlatan-ikinci-klibi-kalandar-ile-muzikseverlerin-karsisina-cikti","status":"publish","type":"post","link":"https:\/\/zeleka.com\/?p=5229","title":{"rendered":"<div id=\"detaymetin\">                            <p>\u00a0Sanat\u00e7\u0131, \u015fimdi ise y\u00f6re k\u00fclt\u00fcr\u00fcn\u00fcn unutulmaya y\u00fcz tutmu\u015f bir gelene\u011fini yeniden hat\u0131rlatan ikinci klibi <strong>\u201cKalandar\u201d<\/strong> ile m\u00fczikseverlerin kar\u015f\u0131s\u0131na \u00e7\u0131kt\u0131.<\/p><p>Do\u011fu Karadeniz&#8217;in kadim gel"},"content":{"rendered":"<div id=\"detaymetin\">\n<p>\u00a0Sanat\u00e7\u0131, \u015fimdi ise y\u00f6re k\u00fclt\u00fcr\u00fcn\u00fcn unutulmaya y\u00fcz tutmu\u015f bir gelene\u011fini yeniden hat\u0131rlatan ikinci klibi <strong>\u201cKalandar\u201d<\/strong> ile m\u00fczikseverlerin kar\u015f\u0131s\u0131na \u00e7\u0131kt\u0131.<\/p>\n<p>Do\u011fu Karadeniz&#8217;in kadim geleneklerinden biri olan <strong>Kalandar<\/strong>, 13 Ocak gecesi kutlanan, e\u011flence ve dayan\u0131\u015fma k\u00fclt\u00fcr\u00fcn\u00fcn \u00f6ne \u00e7\u0131kt\u0131\u011f\u0131 \u00f6nemli bir halk gelene\u011fi. Mustafa Turgut, bu k\u00fclt\u00fcr\u00fc ya\u015fatma hedefiyle haz\u0131rlad\u0131\u011f\u0131 yeni eserinde hem m\u00fczi\u011fi hem s\u00f6zleri hem de klip ambiyans\u0131 ile Kalandar gecesinin ruhunu klibe ta\u015f\u0131yor.<\/p>\n<p>Yeni \u00e7al\u0131\u015fmada pek \u00e7ok \u00f6nemli isim de projeye katk\u0131 sundu. Eserin k\u00fcnyesi \u015f\u00f6yle:<\/p>\n<p><strong>S\u00f6z:<\/strong> Mustafa TURGUT, Hasan CANSIZ<\/p>\n<p><strong>Nakarat:<\/strong> Murat GEN\u00c7<\/p>\n<p><strong>M\u00fczik:<\/strong> \u0130smail T\u00dcR\u00dcT<\/p>\n<p><strong>D\u00fczenleme:<\/strong> Onay \u015eAH\u0130N<\/p>\n<p><strong>Kemen\u00e7e:<\/strong> Murat GEN\u00c7<\/p>\n<p><strong>Aranje:<\/strong> Mustafa B\u00dcLENT<\/p>\n<p><strong>Klip Y\u00f6netmeni:<\/strong> Veysel BOZ<\/p>\n<p><strong>Ek G\u00f6r\u00fcnt\u00fcler:<\/strong> Turgut BAYRAKTAR<\/p>\n<p><strong>Grafik Tasar\u0131m:<\/strong> Berat Bayraktar (Trapezus Media)<\/p>\n<p>Klipte Kalandar gecesini simgeleyen sahneler, geleneksel k\u0131yafetler, horon ve kap\u0131 kap\u0131 gezme rit\u00fcelleri dikkat \u00e7ekiyor. B\u00f6ylece hem gen\u00e7 ku\u015fa\u011fa k\u00fclt\u00fcrel bir hat\u0131rlatma yap\u0131l\u0131yor hem de b\u00f6lge insan\u0131n\u0131n duygular\u0131na hitap eden s\u0131cak bir atmosfer olu\u015fturuluyor.<\/p>\n<h3><strong>Eserin S\u00f6zlerinden Baz\u0131 B\u00f6l\u00fcmler:<\/strong><\/h3>\n<div>\n<p><i>Karanl\u0131k \u00e7\u00f6kt\u00fc k\u00f6ye<\/i><br \/><i>Geldi Kalandarc\u0131lar<\/i><br \/><i>Doldurun torbalar\u0131<\/i><br \/><i>Oynasun horonc\u0131lar<\/i><\/p>\n<p><i>Kapan\u0131r yollar\u0131m\u0131z<\/i><br \/><i>T\u00fcter bacalar\u0131m\u0131z<\/i><br \/><i>Hep b\u00f6yle kutlanacak<\/i><br \/><i>Bizim Kalandar\u0131m\u0131z<\/i><\/p>\n<\/div>\n<div>\n<p><i>Giydiler urbalari<\/i><br \/><i>S\u00fcrdiler boyalar\u0131<\/i><br \/><i>Kalandar gecesine<\/i><br \/><i>Tan\u0131mad\u0131m onlar\u0131<\/i><\/p>\n<p><i>Kapan\u0131r yollar\u0131m\u0131z<\/i><br \/><i>T\u00fcter bacalar\u0131m\u0131z<\/i><br \/><i>Hep b\u00f6yle kutlanacak<\/i><br \/><i>Bizim Kalandar\u0131m\u0131z<\/i><\/p>\n<\/div>\n<div>\n<p><i>Dayandiler kapiya<\/i><br \/><i>Misirum da misirum<\/i><br \/><i>Dedi bende kalmad\u0131<\/i><br \/><i>Yedi onu s\u0131\u011f\u0131rum<\/i><\/p>\n<p><i>Kapan\u0131r yollar\u0131m\u0131z<\/i><br \/><i>T\u00fcter bacalar\u0131m\u0131z<\/i><br \/><i>Hep b\u00f6yle kutlanacak<\/i><br \/><i>Bizim Kalandar\u0131m\u0131z<\/i><\/p>\n<\/div>\n<div>\n<p><i>Muhaf\u0131zlar kuvvetli<\/i><br \/><i>Bekleyiler gelini<\/i><br \/><i>F\u0131rsat\u0131n\u0131 bulursam<\/i><br \/><i>Tutaca\u011f\u0131m elini<\/i><\/p>\n<p><i>Kapan\u0131r yollar\u0131m\u0131z<\/i><br \/><i>T\u00fcter bacalar\u0131m\u0131z<\/i><br \/><i>Hep b\u00f6yle kutlanacak<\/i><br \/><i>Bizim Kalandar\u0131m\u0131z<\/i><\/p>\n<\/div>\n<div>\n<p><i>Kalandar \u00e7\u00f6re\u011fine<\/i><br \/><i>Tuz bastiler i\u00e7ine<\/i><br \/><i>Kalandar\u0131 yaparlar<\/i><br \/><i>Oca\u011f\u0131n 13\u2019\u00fcne<\/i><\/p>\n<p><i>Kapan\u0131r yollar\u0131m\u0131z<\/i><br \/><i>T\u00fcter bacalar\u0131m\u0131z<\/i><br \/><i>Hep b\u00f6yle kutlanacak<\/i><br \/><i>Bizim Kalandar\u0131m\u0131z<\/i><\/p>\n<\/div>\n<p><i>Kapan\u0131r yollar\u0131m\u0131z<\/i><br \/><i>T\u00fcter bacalar\u0131m\u0131z<\/i><br \/><i>Hep b\u00f6yle kutlanacak<\/i><br \/><i>Bizim Kalandar\u0131m\u0131z<\/i><\/p>\n<p>\u00c7aykara\u2019n\u0131n k\u00fclt\u00fcr\u00fcn\u00fc ve y\u00f6resel m\u00fczik gelene\u011fini ya\u015fatma konusunda kararl\u0131 bir \u00e7izgide ilerleyen Mustafa Turgut, \u201cKalandar\u201d ile hem nostaljik hem de e\u011flenceli bir eser ortaya koydu. Klibin k\u0131sa s\u00fcrede b\u00f6lge halk\u0131 taraf\u0131ndan ilgi g\u00f6rmesi bekleniyor.<\/p>\n<p><strong>\u00c7aykara G\u00fcndem<\/strong> olarak sanat\u00e7\u0131m\u0131za ba\u015far\u0131lar diliyor, y\u00f6remizin k\u00fclt\u00fcr\u00fcn\u00fc ya\u015fatan t\u00fcm \u00e7al\u0131\u015fmalar\u0131 desteklemeye devam ediyoruz.<\/p>\n<p>          <\/div>\n","protected":false},"excerpt":{"rendered":"<p>\u00a0Sanat\u00e7\u0131, \u015fimdi ise y\u00f6re k\u00fclt\u00fcr\u00fcn\u00fcn unutulmaya y\u00fcz tutmu\u015f bir gelene\u011fini yeniden hat\u0131rlatan ikinci klibi \u201cKalandar\u201d ile m\u00fczikseverlerin kar\u015f\u0131s\u0131na \u00e7\u0131kt\u0131. Do\u011fu Karadeniz&#8217;in kadim geleneklerinden biri olan Kalandar, 13 Ocak gecesi kutlanan, e\u011flence ve dayan\u0131\u015fma k\u00fclt\u00fcr\u00fcn\u00fcn \u00f6ne \u00e7\u0131kt\u0131\u011f\u0131 \u00f6nemli bir halk gelene\u011fi. Mustafa Turgut, bu k\u00fclt\u00fcr\u00fc ya\u015fatma hedefiyle haz\u0131rlad\u0131\u011f\u0131 yeni eserinde hem m\u00fczi\u011fi hem s\u00f6zleri hem de [&hellip;]<\/p>\n","protected":false},"author":1,"featured_media":5230,"comment_status":"open","ping_status":"open","sticky":false,"template":"","format":"standard","meta":{"tdm_status":"","tdm_grid_status":"","footnotes":""},"categories":[40],"tags":[],"class_list":{"0":"post-5229","1":"post","2":"type-post","3":"status-publish","4":"format-standard","5":"has-post-thumbnail","7":"category-caykara"},"_links":{"self":[{"href":"https:\/\/zeleka.com\/index.php?rest_route=\/wp\/v2\/posts\/5229","targetHints":{"allow":["GET"]}}],"collection":[{"href":"https:\/\/zeleka.com\/index.php?rest_route=\/wp\/v2\/posts"}],"about":[{"href":"https:\/\/zeleka.com\/index.php?rest_route=\/wp\/v2\/types\/post"}],"author":[{"embeddable":true,"href":"https:\/\/zeleka.com\/index.php?rest_route=\/wp\/v2\/users\/1"}],"replies":[{"embeddable":true,"href":"https:\/\/zeleka.com\/index.php?rest_route=%2Fwp%2Fv2%2Fcomments&post=5229"}],"version-history":[{"count":0,"href":"https:\/\/zeleka.com\/index.php?rest_route=\/wp\/v2\/posts\/5229\/revisions"}],"wp:featuredmedia":[{"embeddable":true,"href":"https:\/\/zeleka.com\/index.php?rest_route=\/wp\/v2\/media\/5230"}],"wp:attachment":[{"href":"https:\/\/zeleka.com\/index.php?rest_route=%2Fwp%2Fv2%2Fmedia&parent=5229"}],"wp:term":[{"taxonomy":"category","embeddable":true,"href":"https:\/\/zeleka.com\/index.php?rest_route=%2Fwp%2Fv2%2Fcategories&post=5229"},{"taxonomy":"post_tag","embeddable":true,"href":"https:\/\/zeleka.com\/index.php?rest_route=%2Fwp%2Fv2%2Ftags&post=5229"}],"curies":[{"name":"wp","href":"https:\/\/api.w.org\/{rel}","templated":true}]}}