{"id":5227,"date":"2025-12-06T06:29:17","date_gmt":"2025-12-06T03:29:17","guid":{"rendered":"https:\/\/zeleka.com\/?p=5227"},"modified":"2025-12-06T06:29:17","modified_gmt":"2025-12-06T03:29:17","slug":"caykara-gundem-koklu-kulturunu-gelecege-tasimayi-amaclayan-yazi-kadrosuna-yeni-ve-degerli-bir-ismi-dahil-etti-turkiyenin-farkli-bolgelerinde-hekimlik-yapmis-mes","status":"publish","type":"post","link":"https:\/\/zeleka.com\/?p=5227","title":{"rendered":"<div id=\"detaymetin\">                            <p>\u00c7aykara G\u00fcndem, k\u00f6kl\u00fc k\u00fclt\u00fcr\u00fcn\u00fc gelece\u011fe ta\u015f\u0131may\u0131 ama\u00e7layan yaz\u0131 kadrosuna yeni ve de\u011ferli bir ismi dahil etti. T\u00fcrkiye\u2019nin farkl\u0131 b\u00f6lgelerinde hekimlik yapm\u0131\u015f, mesleki birikimiyle birlikte toplumun k\u00fclt"},"content":{"rendered":"<div id=\"detaymetin\">\n<p>\u00c7aykara G\u00fcndem, k\u00f6kl\u00fc k\u00fclt\u00fcr\u00fcn\u00fc gelece\u011fe ta\u015f\u0131may\u0131 ama\u00e7layan yaz\u0131 kadrosuna yeni ve de\u011ferli bir ismi dahil etti. T\u00fcrkiye\u2019nin farkl\u0131 b\u00f6lgelerinde hekimlik yapm\u0131\u015f, mesleki birikimiyle birlikte toplumun k\u00fclt\u00fcrel haf\u0131zas\u0131na duyarl\u0131 bak\u0131\u015f\u0131yla tan\u0131nan Uzm. Dr. \u0130rfan \u0130nce, gazetemizde k\u00f6\u015fe yazarl\u0131\u011f\u0131na ba\u015flad\u0131.<\/p>\n<p>\u0130lk \u00f6\u011frenimini \u00d6zalp D\u00f6nerdere K\u00f6y\u00fc\u2019nde tamamlayan, orta ve lise e\u011fitimini 1983\u20131985 y\u0131llar\u0131 aras\u0131nda s\u00fcrd\u00fcren \u0130rfan \u0130nce; 1986 y\u0131l\u0131nda Uluda\u011f \u00dcniversitesi T\u0131p Fak\u00fcltesi\u2019ne girerek t\u0131p e\u011fitimine ad\u0131m att\u0131. 1993 y\u0131l\u0131nda \u015e\u0131rnak \u0130dil\u2019de pratisyen hekim olarak mecburi hizmetini tamamlayan \u0130nce, 1994\u2019te Taksim E\u011fitim ve Ara\u015ft\u0131rma Hastanesi Radyoloji b\u00f6l\u00fcm\u00fcnde ba\u015flad\u0131\u011f\u0131 ihtisas\u0131n\u0131 1997\u2019de tamamlayarak radyoloji uzman\u0131 oldu. Halihaz\u0131rda ayn\u0131 hastanede hizmetlerine devam ediyor.<\/p>\n<p>Uzun y\u0131llara dayanan mesleki deneyimi boyunca hem Anadolu\u2019nun hem b\u00fcy\u00fck \u015fehirlerin insan manzaralar\u0131n\u0131 yak\u0131ndan g\u00f6zlemleyen \u0130rfan \u0130nce, art\u0131k bu birikimini yaz\u0131ya d\u00f6kerek okurlar\u0131m\u0131zla bulu\u015fturacak.<\/p>\n<p>Yeni k\u00f6\u015fe yazar\u0131m\u0131z, gazetemizdeki ilk yaz\u0131s\u0131 \u201cKarakaya\u201d ile okurlar\u0131n kar\u015f\u0131s\u0131na \u00e7\u0131kt\u0131. Bu yaz\u0131da, yerel tarihin izlerini s\u00fcrerek unutulmaya y\u00fcz tutmu\u015f bir d\u00f6nemin kap\u0131lar\u0131n\u0131 aralayan \u0130nce, k\u00fclt\u00fcrel haf\u0131zay\u0131 canland\u0131ran g\u00fc\u00e7l\u00fc bir anlat\u0131 sunuyor.<\/p>\n<div>\n<p>\u00c7aykara G\u00fcndem ailesi olarak; tarih, toplum, insan, k\u00fclt\u00fcr ve ya\u015fam \u00fczerine derin g\u00f6zlemler bar\u0131nd\u0131ran yaz\u0131lar\u0131yla gazetemize yeni bir soluk getirece\u011fine inand\u0131\u011f\u0131m\u0131z Dr. \u0130rfan \u0130nce\u2019ye aram\u0131za ho\u015f geldin diyor, kalemine ve katk\u0131s\u0131na \u015fimdiden te\u015fekk\u00fcr ediyoruz.<\/p>\n<p>Dr. \u0130rfan \u0130nce&#8217;nin KARAKAYA isimli k\u00f6\u015fe yaz\u0131s\u0131n\u0131 alttaki ba\u011flant\u0131 linkinden okuyabilirsiniz;<\/p>\n<p><a target=\"_blank\" rel=\"dofollow\" href=\"https:\/\/caykaragundem.com\/kose-yazilari\/karakaya-1936.html\"><strong>KARAKAYA<\/strong><\/a><\/p>\n<\/div>\n<p>          <\/div>\n","protected":false},"excerpt":{"rendered":"<p>\u00c7aykara G\u00fcndem, k\u00f6kl\u00fc k\u00fclt\u00fcr\u00fcn\u00fc gelece\u011fe ta\u015f\u0131may\u0131 ama\u00e7layan yaz\u0131 kadrosuna yeni ve de\u011ferli bir ismi dahil etti. T\u00fcrkiye\u2019nin farkl\u0131 b\u00f6lgelerinde hekimlik yapm\u0131\u015f, mesleki birikimiyle birlikte toplumun k\u00fclt\u00fcrel haf\u0131zas\u0131na duyarl\u0131 bak\u0131\u015f\u0131yla tan\u0131nan Uzm. Dr. \u0130rfan \u0130nce, gazetemizde k\u00f6\u015fe yazarl\u0131\u011f\u0131na ba\u015flad\u0131. \u0130lk \u00f6\u011frenimini \u00d6zalp D\u00f6nerdere K\u00f6y\u00fc\u2019nde tamamlayan, orta ve lise e\u011fitimini 1983\u20131985 y\u0131llar\u0131 aras\u0131nda s\u00fcrd\u00fcren \u0130rfan \u0130nce; 1986 [&hellip;]<\/p>\n","protected":false},"author":1,"featured_media":5228,"comment_status":"open","ping_status":"open","sticky":false,"template":"","format":"standard","meta":{"tdm_status":"","tdm_grid_status":"","footnotes":""},"categories":[40],"tags":[],"class_list":{"0":"post-5227","1":"post","2":"type-post","3":"status-publish","4":"format-standard","5":"has-post-thumbnail","7":"category-caykara"},"_links":{"self":[{"href":"https:\/\/zeleka.com\/index.php?rest_route=\/wp\/v2\/posts\/5227","targetHints":{"allow":["GET"]}}],"collection":[{"href":"https:\/\/zeleka.com\/index.php?rest_route=\/wp\/v2\/posts"}],"about":[{"href":"https:\/\/zeleka.com\/index.php?rest_route=\/wp\/v2\/types\/post"}],"author":[{"embeddable":true,"href":"https:\/\/zeleka.com\/index.php?rest_route=\/wp\/v2\/users\/1"}],"replies":[{"embeddable":true,"href":"https:\/\/zeleka.com\/index.php?rest_route=%2Fwp%2Fv2%2Fcomments&post=5227"}],"version-history":[{"count":0,"href":"https:\/\/zeleka.com\/index.php?rest_route=\/wp\/v2\/posts\/5227\/revisions"}],"wp:featuredmedia":[{"embeddable":true,"href":"https:\/\/zeleka.com\/index.php?rest_route=\/wp\/v2\/media\/5228"}],"wp:attachment":[{"href":"https:\/\/zeleka.com\/index.php?rest_route=%2Fwp%2Fv2%2Fmedia&parent=5227"}],"wp:term":[{"taxonomy":"category","embeddable":true,"href":"https:\/\/zeleka.com\/index.php?rest_route=%2Fwp%2Fv2%2Fcategories&post=5227"},{"taxonomy":"post_tag","embeddable":true,"href":"https:\/\/zeleka.com\/index.php?rest_route=%2Fwp%2Fv2%2Ftags&post=5227"}],"curies":[{"name":"wp","href":"https:\/\/api.w.org\/{rel}","templated":true}]}}