{"id":5225,"date":"2025-12-05T06:29:33","date_gmt":"2025-12-05T03:29:33","guid":{"rendered":"https:\/\/zeleka.com\/?p=5225"},"modified":"2025-12-05T06:29:33","modified_gmt":"2025-12-05T03:29:33","slug":"4-aralik-2025-persembe-gunu-yapilan-muhtarlar-ile-bulusma-toplantisi-caykara-belediyesi-konferans-salonunda-gerceklestirildi","status":"publish","type":"post","link":"https:\/\/zeleka.com\/?p=5225","title":{"rendered":"<div id=\"detaymetin\">                            <p>4 Aral\u0131k 2025 Per\u015fembe g\u00fcn\u00fc yap\u0131lan Muhtarlar ile bulu\u015fma Toplant\u0131s\u0131 \u00c7aykara Belediyesi Konferans Salonunda ger\u00e7ekle\u015ftirildi.<\/p><figure><img src=\"https:\/\/caykaragundem.com\/resimler\/2025-12\/4\/76373145407"},"content":{"rendered":"<div id=\"detaymetin\">\n<p>4 Aral\u0131k 2025 Per\u015fembe g\u00fcn\u00fc yap\u0131lan Muhtarlar ile bulu\u015fma Toplant\u0131s\u0131 \u00c7aykara Belediyesi Konferans Salonunda ger\u00e7ekle\u015ftirildi.<\/p>\n<figure><img decoding=\"async\" src=\"https:\/\/caykaragundem.com\/resimler\/2025-12\/4\/763731454074606.webp\"><\/figure>\n<p>\u00c7aykara Kaymakam\u0131 Ali Sapmaz\u2019\u0131n ba\u015fkanl\u0131\u011f\u0131nda ger\u00e7ekle\u015ftirilen toplant\u0131ya \u00c7aykara Belediye Ba\u015fkan\u0131 Hanefi Tok,\u00c7aykara \u0130l\u00e7e Jandarma Komutan\u0131 \u00dcste\u011fmen Emre Can Narin,\u00c7aykara \u0130l\u00e7e Emniyet Amiri Komiser Alparslan Albayrak,\u00c7aykara Muhtarlar Derne\u011fi Ba\u015fkan\u0131 Naci Kele\u015f ve Y\u00f6netim Kurulu \u00fcyeleri ile Kurum Amirleri ve Mahalle Muhtarlar\u0131 kat\u0131l\u0131m sa\u011flad\u0131lar.<\/p>\n<p>Ger\u00e7ekle\u015ftirilen toplant\u0131da \u0130l\u00e7e Tar\u0131m M\u00fcd\u00fcrl\u00fc\u011f\u00fc,TEDA\u015e \u0130l\u00e7e M\u00fcd\u00fcrl\u00fc\u011f\u00fc taraf\u0131ndan Muhtarlara \u00e7e\u015fitli konularda bilgilendirme \u00e7al\u0131\u015fmas\u0131 ger\u00e7ekle\u015ftirildi.<\/p>\n<figure><img decoding=\"async\" src=\"https:\/\/caykaragundem.com\/resimler\/2025-12\/4\/932661961832824.webp\"><\/figure>\n<p>\u00c7aykara Kaymakam\u0131 Ali Sapmaz ve \u00c7aykara Belediye Ba\u015fkan\u0131 Hanefi Tok taraf\u0131ndan muhtarlar\u0131n talepleri ve ger\u00e7ekle\u015ftirilen \u00e7al\u0131\u015fmalar ile ilgili birer konu\u015fma ger\u00e7ekle\u015ftirildi.<\/p>\n<p>Toplant\u0131da daha sonra muhtarlar\u0131n talepleri dinlendi<\/p>\n<figure><img decoding=\"async\" src=\"https:\/\/caykaragundem.com\/resimler\/2025-12\/4\/54658298431439.webp\"><\/figure>\n<p>          <\/div>\n","protected":false},"excerpt":{"rendered":"<p>4 Aral\u0131k 2025 Per\u015fembe g\u00fcn\u00fc yap\u0131lan Muhtarlar ile bulu\u015fma Toplant\u0131s\u0131 \u00c7aykara Belediyesi Konferans Salonunda ger\u00e7ekle\u015ftirildi. \u00c7aykara Kaymakam\u0131 Ali Sapmaz\u2019\u0131n ba\u015fkanl\u0131\u011f\u0131nda ger\u00e7ekle\u015ftirilen toplant\u0131ya \u00c7aykara Belediye Ba\u015fkan\u0131 Hanefi Tok,\u00c7aykara \u0130l\u00e7e Jandarma Komutan\u0131 \u00dcste\u011fmen Emre Can Narin,\u00c7aykara \u0130l\u00e7e Emniyet Amiri Komiser Alparslan Albayrak,\u00c7aykara Muhtarlar Derne\u011fi Ba\u015fkan\u0131 Naci Kele\u015f ve Y\u00f6netim Kurulu \u00fcyeleri ile Kurum Amirleri ve Mahalle Muhtarlar\u0131 [&hellip;]<\/p>\n","protected":false},"author":1,"featured_media":5226,"comment_status":"open","ping_status":"open","sticky":false,"template":"","format":"standard","meta":{"tdm_status":"","tdm_grid_status":"","footnotes":""},"categories":[40],"tags":[],"class_list":{"0":"post-5225","1":"post","2":"type-post","3":"status-publish","4":"format-standard","5":"has-post-thumbnail","7":"category-caykara"},"_links":{"self":[{"href":"https:\/\/zeleka.com\/index.php?rest_route=\/wp\/v2\/posts\/5225","targetHints":{"allow":["GET"]}}],"collection":[{"href":"https:\/\/zeleka.com\/index.php?rest_route=\/wp\/v2\/posts"}],"about":[{"href":"https:\/\/zeleka.com\/index.php?rest_route=\/wp\/v2\/types\/post"}],"author":[{"embeddable":true,"href":"https:\/\/zeleka.com\/index.php?rest_route=\/wp\/v2\/users\/1"}],"replies":[{"embeddable":true,"href":"https:\/\/zeleka.com\/index.php?rest_route=%2Fwp%2Fv2%2Fcomments&post=5225"}],"version-history":[{"count":0,"href":"https:\/\/zeleka.com\/index.php?rest_route=\/wp\/v2\/posts\/5225\/revisions"}],"wp:featuredmedia":[{"embeddable":true,"href":"https:\/\/zeleka.com\/index.php?rest_route=\/wp\/v2\/media\/5226"}],"wp:attachment":[{"href":"https:\/\/zeleka.com\/index.php?rest_route=%2Fwp%2Fv2%2Fmedia&parent=5225"}],"wp:term":[{"taxonomy":"category","embeddable":true,"href":"https:\/\/zeleka.com\/index.php?rest_route=%2Fwp%2Fv2%2Fcategories&post=5225"},{"taxonomy":"post_tag","embeddable":true,"href":"https:\/\/zeleka.com\/index.php?rest_route=%2Fwp%2Fv2%2Ftags&post=5225"}],"curies":[{"name":"wp","href":"https:\/\/api.w.org\/{rel}","templated":true}]}}