{"id":5223,"date":"2025-12-04T05:31:14","date_gmt":"2025-12-04T02:31:14","guid":{"rendered":"https:\/\/zeleka.com\/?p=5223"},"modified":"2025-12-04T05:31:14","modified_gmt":"2025-12-04T02:31:14","slug":"caykara-ilcemizin-taskiran-mahallesinden-ekrem-celebi-yakalandigi-amansiz-hastaliktan-kurtulamayarak-62-yasinda-vefat-etti","status":"publish","type":"post","link":"https:\/\/zeleka.com\/?p=5223","title":{"rendered":"<div id=\"detaymetin\">                            <p>\u00c7aykara \u0130l\u00e7emizin Ta\u015fk\u0131ran Mahallesinden Ekrem \u00c7elebi yakaland\u0131\u011f\u0131 amans\u0131z hastal\u0131ktan kurtulamayarak 62 ya\u015f\u0131nda vefat etti.<\/p><figure><img src=\"https:\/\/caykaragundem.com\/resimler\/2025-12\/3\/8910556257082"},"content":{"rendered":"<div id=\"detaymetin\">\n<p>\u00c7aykara \u0130l\u00e7emizin Ta\u015fk\u0131ran Mahallesinden Ekrem \u00c7elebi yakaland\u0131\u011f\u0131 amans\u0131z hastal\u0131ktan kurtulamayarak 62 ya\u015f\u0131nda vefat etti.<\/p>\n<figure><img decoding=\"async\" src=\"https:\/\/caykaragundem.com\/resimler\/2025-12\/3\/89105562570828.webp\"><\/figure>\n<p>Yakla\u015f\u0131k 2 sene \u00f6nce e\u015fini kaybeden Ekrem \u00c7elebi yakaland\u0131\u011f\u0131 amans\u0131z hastal\u0131ktan kurtulamayarak tedavi g\u00f6rd\u00fc\u011f\u00fc hastanede ya\u015fam sava\u015f\u0131n\u0131 kaybetti.<\/p>\n<p>Toplum taraf\u0131ndan do\u011fru, d\u00fcr\u00fcst, sevgi dolu, yard\u0131m sever \u00a0bir insan olarak tan\u0131nan .<\/p>\n<figure><img decoding=\"async\" src=\"https:\/\/caykaragundem.com\/resimler\/2025-12\/3\/101271646485233.webp\"><\/figure>\n<p>Az konu\u015fan , ama \u00a0her zaman do\u011fruyu konu\u015fan,<\/p>\n<p>Onurlu, dik duru\u015fu, ya\u015fam felsefesi, m\u00fccadeleci ruhu, payla\u015f\u0131mc\u0131 tavr\u0131yla herkese \u00f6rnek olan,<\/p>\n<p>Cumhuriyet\u00e7i, Milli, manevi de\u011ferlere ba\u011fl\u0131<\/p>\n<p>\u00c7evreci, do\u011fay\u0131 seven\u00a0<\/p>\n<p>\u0130nsan\u0131 ve do\u011fay\u0131 koruma m\u00fccadelesinde y\u0131k\u0131lmaz bir kale olan<\/p>\n<p>Merhum Ekrem \u00c7elebi\u2019nin gen\u00e7 ya\u015fta beklenmeyen ani vefat\u0131 \u00c7aykara \u0130l\u00e7esini g\u00f6z ya\u015flar\u0131na bo\u011fdu.<\/p>\n<figure><img decoding=\"async\" src=\"https:\/\/caykaragundem.com\/resimler\/2025-12\/3\/591321573399488.webp\"><\/figure>\n<p>Merhum Ekrem \u00c7elebi 3 Aral\u0131k 2025 \u00c7ar\u015famba G\u00fcn\u00fc \u00f6\u011fle namaz\u0131na m\u00fcteakip Ta\u015fk\u0131ran Merkez Camiinde k\u0131l\u0131nan cenaze namaz\u0131n\u0131n ard\u0131ndan ayn\u0131 yerde bulunan aile kabristanl\u0131\u011f\u0131nda son yolculu\u011funa u\u011furland\u0131.<\/p>\n<p>Merhum Ekrem \u00c7elebi\u2019nin cenaze namaz\u0131na \u00c7aykara Belediye Ba\u015fkan\u0131 Hanefi Tok,Ta\u015fk\u0131ran Muhtar\u0131 H\u00fcseyin Alamano\u011flu ve \u00e7ok kalabal\u0131k bir vatanda\u015f toplulu\u011fu kat\u0131l\u0131m sa\u011flad\u0131.<\/p>\n<p>\u00c7aykara G\u00fcndem Gazetesi olarak gen\u00e7 ya\u015fta aram\u0131zdan ayr\u0131lan K\u0131ymetli Muhtar\u0131m\u0131za Allah\u2019tan rahmet,kederli ailesine ba\u015f sa\u011fl\u0131\u011f\u0131 dileklerimizi iletiyoruz.<\/p>\n<p><strong>\u0130LET\u0130\u015e\u0130M:<\/strong><\/p>\n<p><strong>Karde\u015fi Mustafa \u00c7elebi: 05304047722<\/strong><\/p>\n<p>          <\/div>\n","protected":false},"excerpt":{"rendered":"<p>\u00c7aykara \u0130l\u00e7emizin Ta\u015fk\u0131ran Mahallesinden Ekrem \u00c7elebi yakaland\u0131\u011f\u0131 amans\u0131z hastal\u0131ktan kurtulamayarak 62 ya\u015f\u0131nda vefat etti. Yakla\u015f\u0131k 2 sene \u00f6nce e\u015fini kaybeden Ekrem \u00c7elebi yakaland\u0131\u011f\u0131 amans\u0131z hastal\u0131ktan kurtulamayarak tedavi g\u00f6rd\u00fc\u011f\u00fc hastanede ya\u015fam sava\u015f\u0131n\u0131 kaybetti. Toplum taraf\u0131ndan do\u011fru, d\u00fcr\u00fcst, sevgi dolu, yard\u0131m sever \u00a0bir insan olarak tan\u0131nan . Az konu\u015fan , ama \u00a0her zaman do\u011fruyu konu\u015fan, Onurlu, dik [&hellip;]<\/p>\n","protected":false},"author":1,"featured_media":5224,"comment_status":"open","ping_status":"open","sticky":false,"template":"","format":"standard","meta":{"tdm_status":"","tdm_grid_status":"","footnotes":""},"categories":[40],"tags":[],"class_list":{"0":"post-5223","1":"post","2":"type-post","3":"status-publish","4":"format-standard","5":"has-post-thumbnail","7":"category-caykara"},"_links":{"self":[{"href":"https:\/\/zeleka.com\/index.php?rest_route=\/wp\/v2\/posts\/5223","targetHints":{"allow":["GET"]}}],"collection":[{"href":"https:\/\/zeleka.com\/index.php?rest_route=\/wp\/v2\/posts"}],"about":[{"href":"https:\/\/zeleka.com\/index.php?rest_route=\/wp\/v2\/types\/post"}],"author":[{"embeddable":true,"href":"https:\/\/zeleka.com\/index.php?rest_route=\/wp\/v2\/users\/1"}],"replies":[{"embeddable":true,"href":"https:\/\/zeleka.com\/index.php?rest_route=%2Fwp%2Fv2%2Fcomments&post=5223"}],"version-history":[{"count":0,"href":"https:\/\/zeleka.com\/index.php?rest_route=\/wp\/v2\/posts\/5223\/revisions"}],"wp:featuredmedia":[{"embeddable":true,"href":"https:\/\/zeleka.com\/index.php?rest_route=\/wp\/v2\/media\/5224"}],"wp:attachment":[{"href":"https:\/\/zeleka.com\/index.php?rest_route=%2Fwp%2Fv2%2Fmedia&parent=5223"}],"wp:term":[{"taxonomy":"category","embeddable":true,"href":"https:\/\/zeleka.com\/index.php?rest_route=%2Fwp%2Fv2%2Fcategories&post=5223"},{"taxonomy":"post_tag","embeddable":true,"href":"https:\/\/zeleka.com\/index.php?rest_route=%2Fwp%2Fv2%2Ftags&post=5223"}],"curies":[{"name":"wp","href":"https:\/\/api.w.org\/{rel}","templated":true}]}}