{"id":5221,"date":"2025-11-28T03:31:08","date_gmt":"2025-11-28T00:31:08","guid":{"rendered":"https:\/\/zeleka.com\/?p=5221"},"modified":"2025-11-28T03:31:08","modified_gmt":"2025-11-28T00:31:08","slug":"trabzonda-of-rehberlik-ve-arastirma-merkezi-ekipleri-tarafindan-sehit-mehmet-aygun-ilkokulu-ve-sehit-mehmet-aygun-imam-hatip-ortaokulu-ogrencilerine-yonelik","status":"publish","type":"post","link":"https:\/\/zeleka.com\/?p=5221","title":{"rendered":"<div id=\"detaymetin\">                            <p>Trabzon\u2019da Of Rehberlik ve Ara\u015ft\u0131rma Merkezi ekipleri taraf\u0131ndan \u015eehit Mehmet Ayg\u00fcn \u0130lkokulu ve \u015eehit Mehmet Ayg\u00fcn \u0130mam Hatip Ortaokulu \u00a0\u00f6\u011frencilerine y\u00f6nelik olarak Rehberlik E\u011fitimi ger\u00e7ekle\u015ftirildi.<\/"},"content":{"rendered":"<div id=\"detaymetin\">\n<p>Trabzon\u2019da Of Rehberlik ve Ara\u015ft\u0131rma Merkezi ekipleri taraf\u0131ndan \u015eehit Mehmet Ayg\u00fcn \u0130lkokulu ve \u015eehit Mehmet Ayg\u00fcn \u0130mam Hatip Ortaokulu \u00a0\u00f6\u011frencilerine y\u00f6nelik olarak Rehberlik E\u011fitimi ger\u00e7ekle\u015ftirildi.<\/p>\n<figure><img decoding=\"async\" src=\"https:\/\/caykaragundem.com\/resimler\/2025-11\/27\/10253118880662.webp\"><\/figure>\n<p>27 Kas\u0131m 2025 Per\u015fembe g\u00fcn\u00fc ger\u00e7ekle\u015ftirilen Rehberlik E\u011fitimine \u00f6\u011frenciler \u00e7ok b\u00fcy\u00fck ilgi g\u00f6sterdi.<\/p>\n<p>Her S\u0131n\u0131f seviyesinde farkl\u0131 konularda farkl\u0131 ekipler ile ger\u00e7ekle\u015ftirilen Rehberlik E\u011fitimi sonunda Uzman E\u011fitimciler taraf\u0131ndan \u00f6\u011frencilerin konu ile ilgili sorular\u0131 da cevapland\u0131.<\/p>\n<figure><img decoding=\"async\" src=\"https:\/\/caykaragundem.com\/resimler\/2025-11\/27\/63973849029073.webp\"><\/figure>\n<p>E\u011fitim kapsam\u0131nda \u00f6zellikle 8. S\u0131n\u0131f \u00d6\u011frencilerinin S\u0131nav \u0130le \u00d6\u011frenci alan okul tercihleri ile adrese dayal\u0131 \u00f6\u011frenci alan okul tercihleri ile ilgili olarak \u00f6\u011frencilere bilgilendirme \u00e7al\u0131\u015fmas\u0131 ger\u00e7ekle\u015ftirildi.<\/p>\n<p>Ger\u00e7ekle\u015ftirilen etkinlik sonunda \u00f6\u011fretmenler ile bir araya gelen Rehberlik \u00a0Servisi e\u011fitimcileri \u00f6\u011fretmenler ile s\u0131n\u0131flarda ya\u015fanan sorunlar ve bu sorunlar ile ilgili \u00e7\u00f6z\u00fcm \u00f6nerileri \u00fczerinde sohbet ger\u00e7ekle\u015ftirdi<\/p>\n<figure><img decoding=\"async\" src=\"https:\/\/caykaragundem.com\/resimler\/2025-11\/27\/891992131498656.webp\"><\/figure>\n<p>          <\/div>\n","protected":false},"excerpt":{"rendered":"<p>Trabzon\u2019da Of Rehberlik ve Ara\u015ft\u0131rma Merkezi ekipleri taraf\u0131ndan \u015eehit Mehmet Ayg\u00fcn \u0130lkokulu ve \u015eehit Mehmet Ayg\u00fcn \u0130mam Hatip Ortaokulu \u00a0\u00f6\u011frencilerine y\u00f6nelik olarak Rehberlik E\u011fitimi ger\u00e7ekle\u015ftirildi. 27 Kas\u0131m 2025 Per\u015fembe g\u00fcn\u00fc ger\u00e7ekle\u015ftirilen Rehberlik E\u011fitimine \u00f6\u011frenciler \u00e7ok b\u00fcy\u00fck ilgi g\u00f6sterdi. Her S\u0131n\u0131f seviyesinde farkl\u0131 konularda farkl\u0131 ekipler ile ger\u00e7ekle\u015ftirilen Rehberlik E\u011fitimi sonunda Uzman E\u011fitimciler taraf\u0131ndan \u00f6\u011frencilerin konu [&hellip;]<\/p>\n","protected":false},"author":1,"featured_media":5222,"comment_status":"open","ping_status":"open","sticky":false,"template":"","format":"standard","meta":{"tdm_status":"","tdm_grid_status":"","footnotes":""},"categories":[40],"tags":[],"class_list":{"0":"post-5221","1":"post","2":"type-post","3":"status-publish","4":"format-standard","5":"has-post-thumbnail","7":"category-caykara"},"_links":{"self":[{"href":"https:\/\/zeleka.com\/index.php?rest_route=\/wp\/v2\/posts\/5221","targetHints":{"allow":["GET"]}}],"collection":[{"href":"https:\/\/zeleka.com\/index.php?rest_route=\/wp\/v2\/posts"}],"about":[{"href":"https:\/\/zeleka.com\/index.php?rest_route=\/wp\/v2\/types\/post"}],"author":[{"embeddable":true,"href":"https:\/\/zeleka.com\/index.php?rest_route=\/wp\/v2\/users\/1"}],"replies":[{"embeddable":true,"href":"https:\/\/zeleka.com\/index.php?rest_route=%2Fwp%2Fv2%2Fcomments&post=5221"}],"version-history":[{"count":0,"href":"https:\/\/zeleka.com\/index.php?rest_route=\/wp\/v2\/posts\/5221\/revisions"}],"wp:featuredmedia":[{"embeddable":true,"href":"https:\/\/zeleka.com\/index.php?rest_route=\/wp\/v2\/media\/5222"}],"wp:attachment":[{"href":"https:\/\/zeleka.com\/index.php?rest_route=%2Fwp%2Fv2%2Fmedia&parent=5221"}],"wp:term":[{"taxonomy":"category","embeddable":true,"href":"https:\/\/zeleka.com\/index.php?rest_route=%2Fwp%2Fv2%2Fcategories&post=5221"},{"taxonomy":"post_tag","embeddable":true,"href":"https:\/\/zeleka.com\/index.php?rest_route=%2Fwp%2Fv2%2Ftags&post=5221"}],"curies":[{"name":"wp","href":"https:\/\/api.w.org\/{rel}","templated":true}]}}