{"id":5219,"date":"2025-11-27T02:31:39","date_gmt":"2025-11-26T23:31:39","guid":{"rendered":"https:\/\/zeleka.com\/?p=5219"},"modified":"2025-11-27T02:31:39","modified_gmt":"2025-11-26T23:31:39","slug":"trabzonda-caykara-sehit-mehmet-aygun-ilkokulu-ile-sehit-mehmet-aygun-imam-hatip-ortaokulu-ogretmen-ve-ogrencileri-tarafindan-trabzonun-tarihi-yerlerine-ge","status":"publish","type":"post","link":"https:\/\/zeleka.com\/?p=5219","title":{"rendered":"<div id=\"detaymetin\">                            <p>Trabzon\u2019da \u00c7aykara \u015eehit Mehmet Ayg\u00fcn \u0130lkokulu ile \u015eehit Mehmet Ayg\u00fcn \u0130mam Hatip Ortaokulu \u00f6\u011fretmen ve \u00f6\u011frencileri taraf\u0131ndan Trabzon\u2019un tarihi yerlerine Gezi Organizasyonu ger\u00e7ekle\u015ftirildi.<\/p><p>25 Kas"},"content":{"rendered":"<div id=\"detaymetin\">\n<p>Trabzon\u2019da \u00c7aykara \u015eehit Mehmet Ayg\u00fcn \u0130lkokulu ile \u015eehit Mehmet Ayg\u00fcn \u0130mam Hatip Ortaokulu \u00f6\u011fretmen ve \u00f6\u011frencileri taraf\u0131ndan Trabzon\u2019un tarihi yerlerine Gezi Organizasyonu ger\u00e7ekle\u015ftirildi.<\/p>\n<p>25 Kas\u0131m 2025 Sal\u0131 G\u00fcn\u00fc ger\u00e7ekle\u015ftirilen Gezi Organizasyonuna Okul Y\u00f6neticileri \u00d6\u011fretmenler ve 50 \u00f6\u011frenci kat\u0131l\u0131m sa\u011flad\u0131lar.<\/p>\n<figure><img decoding=\"async\" src=\"https:\/\/caykaragundem.com\/resimler\/2025-11\/26\/114822474195516.webp\"><\/figure>\n<p>Gezi kapsam\u0131nda \u00f6\u011frenciler ilk olarak Ta\u015fk\u0131n M\u00fczesini ziyaret ederek Do\u011fal Afetler ile ilgili bilgilerini uygulamal\u0131 olarak peki\u015ftirdiler.<\/p>\n<p>Daha sonra Trabzon Atat\u00fcrk K\u00f6\u015fk\u00fc\u2019n\u00fc ziyaret eden \u00f6\u011frenciler Atat\u00fcrk Haftas\u0131 kapsam\u0131nda ger\u00e7ekle\u015ftirmeyi planlad\u0131klar\u0131 bu etkinlik ile Atat\u00fcrk ile ilgili bilgilerini peki\u015ftirdiler.<\/p>\n<figure><img decoding=\"async\" src=\"https:\/\/caykaragundem.com\/resimler\/2025-11\/26\/772641354094085.webp\"><\/figure>\n<p>Ger\u00e7ekle\u015ftirilen etkinlik ile ilgili fikirlerini ifade eden Okul M\u00fcd\u00fcr\u00fc \u0130dris Hac\u0131mahmuto\u011flu en etkili \u00f6\u011frenmenin yaparak ya\u015fayarak \u00f6\u011frenme oldu\u011funu \u00f6\u011frencilere en etkili davran\u0131\u015f kazand\u0131rma yolunun uygulamal\u0131 e\u011fitimden ge\u00e7ti\u011fini bu bak\u0131mdan Ta\u015fk\u0131n M\u00fczesi ziyaretinin \u00f6\u011frencilerde Do\u011fal Afet Bilinci olu\u015fturma bak\u0131m\u0131ndan son derece \u00f6nemli oldu\u011funu ifade etti.<\/p>\n<p>Trabzon \u0130linin en \u00f6nemli tarihi mekanlar\u0131ndan bir tanesinin Atat\u00fcrk K\u00f6\u015fk\u00fc oldu\u011funu ifade eden M\u00fcd\u00fcr Hac\u0131mahmuto\u011flu \u00f6\u011frencilerin Atat\u00fcrk K\u00f6\u015fk\u00fc\u2019n\u00fc ziyaret ederek onlarda Tarih Bilinci olu\u015fturmay\u0131 hedeflediklerini s\u00f6zlerine ekledi.<\/p>\n<figure><img decoding=\"async\" src=\"https:\/\/caykaragundem.com\/resimler\/2025-11\/26\/1019001948169865.webp\"><\/figure>\n<p>          <\/div>\n","protected":false},"excerpt":{"rendered":"<p>Trabzon\u2019da \u00c7aykara \u015eehit Mehmet Ayg\u00fcn \u0130lkokulu ile \u015eehit Mehmet Ayg\u00fcn \u0130mam Hatip Ortaokulu \u00f6\u011fretmen ve \u00f6\u011frencileri taraf\u0131ndan Trabzon\u2019un tarihi yerlerine Gezi Organizasyonu ger\u00e7ekle\u015ftirildi. 25 Kas\u0131m 2025 Sal\u0131 G\u00fcn\u00fc ger\u00e7ekle\u015ftirilen Gezi Organizasyonuna Okul Y\u00f6neticileri \u00d6\u011fretmenler ve 50 \u00f6\u011frenci kat\u0131l\u0131m sa\u011flad\u0131lar. Gezi kapsam\u0131nda \u00f6\u011frenciler ilk olarak Ta\u015fk\u0131n M\u00fczesini ziyaret ederek Do\u011fal Afetler ile ilgili bilgilerini uygulamal\u0131 olarak [&hellip;]<\/p>\n","protected":false},"author":1,"featured_media":5220,"comment_status":"open","ping_status":"open","sticky":false,"template":"","format":"standard","meta":{"tdm_status":"","tdm_grid_status":"","footnotes":""},"categories":[40],"tags":[],"class_list":{"0":"post-5219","1":"post","2":"type-post","3":"status-publish","4":"format-standard","5":"has-post-thumbnail","7":"category-caykara"},"_links":{"self":[{"href":"https:\/\/zeleka.com\/index.php?rest_route=\/wp\/v2\/posts\/5219","targetHints":{"allow":["GET"]}}],"collection":[{"href":"https:\/\/zeleka.com\/index.php?rest_route=\/wp\/v2\/posts"}],"about":[{"href":"https:\/\/zeleka.com\/index.php?rest_route=\/wp\/v2\/types\/post"}],"author":[{"embeddable":true,"href":"https:\/\/zeleka.com\/index.php?rest_route=\/wp\/v2\/users\/1"}],"replies":[{"embeddable":true,"href":"https:\/\/zeleka.com\/index.php?rest_route=%2Fwp%2Fv2%2Fcomments&post=5219"}],"version-history":[{"count":0,"href":"https:\/\/zeleka.com\/index.php?rest_route=\/wp\/v2\/posts\/5219\/revisions"}],"wp:featuredmedia":[{"embeddable":true,"href":"https:\/\/zeleka.com\/index.php?rest_route=\/wp\/v2\/media\/5220"}],"wp:attachment":[{"href":"https:\/\/zeleka.com\/index.php?rest_route=%2Fwp%2Fv2%2Fmedia&parent=5219"}],"wp:term":[{"taxonomy":"category","embeddable":true,"href":"https:\/\/zeleka.com\/index.php?rest_route=%2Fwp%2Fv2%2Fcategories&post=5219"},{"taxonomy":"post_tag","embeddable":true,"href":"https:\/\/zeleka.com\/index.php?rest_route=%2Fwp%2Fv2%2Ftags&post=5219"}],"curies":[{"name":"wp","href":"https:\/\/api.w.org\/{rel}","templated":true}]}}