{"id":5217,"date":"2025-11-27T02:31:40","date_gmt":"2025-11-26T23:31:40","guid":{"rendered":"https:\/\/zeleka.com\/?p=5217"},"modified":"2025-11-27T02:31:40","modified_gmt":"2025-11-26T23:31:40","slug":"yaninda-tamamen-yanarak-kule-dondu-gece-saatlerinde-baslayan-yangin-kisa-surede-tum-yapiyi-sararken-mescidin-ahsap-agirlikli-yapisi-alevlerin-hizla-yayilmasina-neden-oldu","status":"publish","type":"post","link":"https:\/\/zeleka.com\/?p=5217","title":{"rendered":"<div id=\"detaymetin\">                            <p>yan\u0131nda tamamen yanarak k\u00fcle d\u00f6nd\u00fc.Gece saatlerinde ba\u015flayan yang\u0131n k\u0131sa s\u00fcrede t\u00fcm yap\u0131y\u0131 sararken, mescidin ah\u015fap a\u011f\u0131rl\u0131kl\u0131 yap\u0131s\u0131 alevlerin h\u0131zla yay\u0131lmas\u0131na neden oldu. B\u00f6lgenin y\u00fcksek rak\u0131m\u0131 ve ula\u015f"},"content":{"rendered":"<div id=\"detaymetin\">\n<p>yan\u0131nda tamamen yanarak k\u00fcle d\u00f6nd\u00fc.Gece saatlerinde ba\u015flayan yang\u0131n k\u0131sa s\u00fcrede t\u00fcm yap\u0131y\u0131 sararken, mescidin ah\u015fap a\u011f\u0131rl\u0131kl\u0131 yap\u0131s\u0131 alevlerin h\u0131zla yay\u0131lmas\u0131na neden oldu. B\u00f6lgenin y\u00fcksek rak\u0131m\u0131 ve ula\u015f\u0131m\u0131n zor olmas\u0131 m\u00fcdahaleyi g\u00fc\u00e7le\u015ftirdi. Olayda can kayb\u0131 ya\u015fanmazken mescit tamamen kullan\u0131lamaz h\u00e2le geldi. Yang\u0131n\u0131n kesin nedeniyle ilgili incelemeler devam ediyor.<\/p>\n<p>K\u0131rklar Mescidi\u2019nin yanmas\u0131, b\u00f6lge halk\u0131nda derin bir \u00fcz\u00fcnt\u00fc do\u011furdu. Hem Trabzon hem Bayburt taraf\u0131ndan s\u0131k s\u0131k ziyaret edilen ve y\u0131llard\u0131r manevi bir durak olan mescidin yok olu\u015fu sosyal medyada da geni\u015f yank\u0131 buldu.<\/p>\n<p>Yang\u0131n\u0131n ard\u0131ndan mescidin yeniden yap\u0131m\u0131na ili\u015fkin hen\u00fcz resmi bir karar veya proje bulunmuyor. Vatanda\u015flar\u0131n bir k\u0131sm\u0131 mescidin \u00f6zg\u00fcn mimarisi ve sadeli\u011fiyle yeniden in\u015fa edilmesi gerekti\u011fini savunurken; bir di\u011fer kesim ise b\u00f6lgenin \u201cinan\u00e7 turizmi merkezi\u201d gibi b\u00fcy\u00fck projelere d\u00f6n\u00fc\u015ft\u00fcr\u00fclmesini istemiyor, K\u0131rklar Da\u011f\u0131\u2019n\u0131n kendi do\u011fal ve manevi dokusuyla korunmas\u0131ndan yana tav\u0131r koyuyor.<\/p>\n<p>Yetkililer, hem yang\u0131n\u0131n \u00e7\u0131k\u0131\u015f nedenini netle\u015ftirmek hem de b\u00f6lgenin gelece\u011fine dair ad\u0131mlar\u0131 de\u011ferlendirmek \u00fczere \u00e7al\u0131\u015fmalar\u0131n\u0131 s\u00fcrd\u00fcr\u00fcyor.<\/p>\n<p>          <\/div>\n","protected":false},"excerpt":{"rendered":"<p>yan\u0131nda tamamen yanarak k\u00fcle d\u00f6nd\u00fc.Gece saatlerinde ba\u015flayan yang\u0131n k\u0131sa s\u00fcrede t\u00fcm yap\u0131y\u0131 sararken, mescidin ah\u015fap a\u011f\u0131rl\u0131kl\u0131 yap\u0131s\u0131 alevlerin h\u0131zla yay\u0131lmas\u0131na neden oldu. B\u00f6lgenin y\u00fcksek rak\u0131m\u0131 ve ula\u015f\u0131m\u0131n zor olmas\u0131 m\u00fcdahaleyi g\u00fc\u00e7le\u015ftirdi. Olayda can kayb\u0131 ya\u015fanmazken mescit tamamen kullan\u0131lamaz h\u00e2le geldi. Yang\u0131n\u0131n kesin nedeniyle ilgili incelemeler devam ediyor. K\u0131rklar Mescidi\u2019nin yanmas\u0131, b\u00f6lge halk\u0131nda derin bir \u00fcz\u00fcnt\u00fc [&hellip;]<\/p>\n","protected":false},"author":1,"featured_media":5218,"comment_status":"open","ping_status":"open","sticky":false,"template":"","format":"standard","meta":{"tdm_status":"","tdm_grid_status":"","footnotes":""},"categories":[40],"tags":[],"class_list":{"0":"post-5217","1":"post","2":"type-post","3":"status-publish","4":"format-standard","5":"has-post-thumbnail","7":"category-caykara"},"_links":{"self":[{"href":"https:\/\/zeleka.com\/index.php?rest_route=\/wp\/v2\/posts\/5217","targetHints":{"allow":["GET"]}}],"collection":[{"href":"https:\/\/zeleka.com\/index.php?rest_route=\/wp\/v2\/posts"}],"about":[{"href":"https:\/\/zeleka.com\/index.php?rest_route=\/wp\/v2\/types\/post"}],"author":[{"embeddable":true,"href":"https:\/\/zeleka.com\/index.php?rest_route=\/wp\/v2\/users\/1"}],"replies":[{"embeddable":true,"href":"https:\/\/zeleka.com\/index.php?rest_route=%2Fwp%2Fv2%2Fcomments&post=5217"}],"version-history":[{"count":0,"href":"https:\/\/zeleka.com\/index.php?rest_route=\/wp\/v2\/posts\/5217\/revisions"}],"wp:featuredmedia":[{"embeddable":true,"href":"https:\/\/zeleka.com\/index.php?rest_route=\/wp\/v2\/media\/5218"}],"wp:attachment":[{"href":"https:\/\/zeleka.com\/index.php?rest_route=%2Fwp%2Fv2%2Fmedia&parent=5217"}],"wp:term":[{"taxonomy":"category","embeddable":true,"href":"https:\/\/zeleka.com\/index.php?rest_route=%2Fwp%2Fv2%2Fcategories&post=5217"},{"taxonomy":"post_tag","embeddable":true,"href":"https:\/\/zeleka.com\/index.php?rest_route=%2Fwp%2Fv2%2Ftags&post=5217"}],"curies":[{"name":"wp","href":"https:\/\/api.w.org\/{rel}","templated":true}]}}