{"id":5213,"date":"2025-11-26T02:29:11","date_gmt":"2025-11-25T23:29:11","guid":{"rendered":"https:\/\/zeleka.com\/?p=5213"},"modified":"2025-11-26T02:29:11","modified_gmt":"2025-11-25T23:29:11","slug":"caykara-belediyesi-ile-of-sosyal-hizmetler-merkezi-arasinda-imzalanan-protokol-geregi-1-yil-boyunca-nikah-cuzdani-ucreti-ile-belediye-nikah-salonu-disinda-gerceklestirilece","status":"publish","type":"post","link":"https:\/\/zeleka.com\/?p=5213","title":{"rendered":"<div id=\"detaymetin\">                            <p>\u00c7aykara belediyesi ile Of Sosyal Hizmetler Merkezi aras\u0131nda imzalanan Protokol gere\u011fi 1 y\u0131l boyunca Nikah C\u00fczdan\u0131 \u00dccreti ile Belediye Nikah Salonu d\u0131\u015f\u0131nda ger\u00e7ekle\u015ftirilecek olan D\u00fc\u011f\u00fcn T\u00f6renleri i\u00e7in Nik"},"content":{"rendered":"<div id=\"detaymetin\">\n<p>\u00c7aykara belediyesi ile Of Sosyal Hizmetler Merkezi aras\u0131nda imzalanan Protokol gere\u011fi 1 y\u0131l boyunca Nikah C\u00fczdan\u0131 \u00dccreti ile Belediye Nikah Salonu d\u0131\u015f\u0131nda ger\u00e7ekle\u015ftirilecek olan D\u00fc\u011f\u00fcn T\u00f6renleri i\u00e7in Nikah \u00dccreti al\u0131nmayacak.<\/p>\n<p>Cumhurba\u015fkan\u0131m\u0131z Say\u0131n Recep Tayyip ERDO\u011eAN\u2019\u0131n tensipleri ile ailenin korunmas\u0131 ve g\u00fc\u00e7lendirilmesi amac\u0131yla ilan edilen\u00a02025 Aile Y\u0131l\u0131 m\u00fcnasebetiyle Aile ve Sosyal Hizmetler Bakanl\u0131\u011f\u0131 taraf\u0131ndan evlenmeyi planlayan \u00e7iftlere ekonomik, psikolojik ve sosyal destekler sunularak evliliklerinin daha sa\u011flam bir temele oturmas\u0131na yard\u0131mc\u0131 olmak i\u00e7in hayata ge\u00e7irilen \u201cEvlenecek Gen\u00e7lerin Desteklenmesi Projesi\u201d ile binlerce gen\u00e7 yuvalar\u0131n\u0131 kurmaya devam ediyor. S\u00f6z konusu bu proje kapsam\u0131nda \u00c7aykara Belediyesi ve Of Sosyal Hizmet Merkezi aras\u0131nda bir i\u015fbirli\u011fine imza at\u0131ld\u0131. Ekim 2025 -Ekim 2026 tarihlerini kapsayan bir y\u0131ll\u0131k s\u00f6zle\u015fme ile \u00c7aykara Belediyesi taraf\u0131ndan il\u00e7ede evlenecek gen\u00e7lerden nikah c\u00fczdan\u0131 \u00fccreti al\u0131nmayaca\u011f\u0131 ve aile ve gen\u00e7lik fonu kapsam\u0131nda kredi deste\u011finden faydalanacak gen\u00e7 \u00e7iftlerin Belediye Salonu d\u0131\u015f\u0131nda ger\u00e7ekle\u015fecek nikah t\u00f6renlerinden \u00fccret al\u0131nmayaca\u011f\u0131 hususlar\u0131 taahh\u00fct edilmi\u015f oldu. Of Sosyal Hizmet Merkezi M\u00fcd\u00fcr\u00fc Nesrin Tu\u011fba Baltac\u0131 Ero\u011flu s\u00f6zle\u015fmenin imzalanmas\u0131 i\u00e7in Belediye Ba\u015fkan\u0131 Hanefi Tok ile \u00c7aykara Belediyesinde bir araya gelerek kendisine projeye sundu\u011fu bu anlaml\u0131 destek nedeniyle te\u015fekk\u00fcr etti. Belediye Ba\u015fkan\u0131 Hanefi TOK ise aile kurumunun \u00f6nemine vurgu yaparak Of sosyal hizmet Merkezi\u2019nden gelen teklifi teredd\u00fct etmeden kabul ettiklerini, projeye katk\u0131 sunmaktan ve bu vesileyle il\u00e7ede yuva kuracak gen\u00e7lerimizi destekleyecek olmaktan duyduklar\u0131 memnuniyeti ifade etti.<\/p>\n<p>Aile y\u0131l\u0131 m\u00fcnasebetiyle Evlenecek gen\u00e7lerin desteklenmesi projesi kapsam\u0131nda Of Sosyal Hizmet Merkezi M\u00fcd\u00fcrl\u00fc\u011f\u00fcm\u00fczle\u00a0\u00c7aykara Belediyesi aras\u0131nda imzalanan bir y\u0131ll\u0131k s\u00f6zle\u015fmeyle Ekim 2025 &#8211; Ekim 2026 tarihleri aras\u0131nda yeni evlenecek \u00e7iftlerden aile c\u00fczdan c\u00fczdan \u00fccretinin al\u0131nmamas\u0131 ve aile ve gen\u00e7lik fonu kapsam\u0131nda kredi deste\u011finden faydalanacak gen\u00e7 \u00e7iftlerin nikah t\u00f6renlerinden \u00fccret al\u0131nmamas\u0131 y\u00f6n\u00fcnde i\u015f birli\u011fi sa\u011flanm\u0131\u015ft\u0131r.<\/p>\n<p>          <\/div>\n","protected":false},"excerpt":{"rendered":"<p>\u00c7aykara belediyesi ile Of Sosyal Hizmetler Merkezi aras\u0131nda imzalanan Protokol gere\u011fi 1 y\u0131l boyunca Nikah C\u00fczdan\u0131 \u00dccreti ile Belediye Nikah Salonu d\u0131\u015f\u0131nda ger\u00e7ekle\u015ftirilecek olan D\u00fc\u011f\u00fcn T\u00f6renleri i\u00e7in Nikah \u00dccreti al\u0131nmayacak. Cumhurba\u015fkan\u0131m\u0131z Say\u0131n Recep Tayyip ERDO\u011eAN\u2019\u0131n tensipleri ile ailenin korunmas\u0131 ve g\u00fc\u00e7lendirilmesi amac\u0131yla ilan edilen\u00a02025 Aile Y\u0131l\u0131 m\u00fcnasebetiyle Aile ve Sosyal Hizmetler Bakanl\u0131\u011f\u0131 taraf\u0131ndan evlenmeyi planlayan [&hellip;]<\/p>\n","protected":false},"author":1,"featured_media":5214,"comment_status":"open","ping_status":"open","sticky":false,"template":"","format":"standard","meta":{"tdm_status":"","tdm_grid_status":"","footnotes":""},"categories":[40],"tags":[],"class_list":{"0":"post-5213","1":"post","2":"type-post","3":"status-publish","4":"format-standard","5":"has-post-thumbnail","7":"category-caykara"},"_links":{"self":[{"href":"https:\/\/zeleka.com\/index.php?rest_route=\/wp\/v2\/posts\/5213","targetHints":{"allow":["GET"]}}],"collection":[{"href":"https:\/\/zeleka.com\/index.php?rest_route=\/wp\/v2\/posts"}],"about":[{"href":"https:\/\/zeleka.com\/index.php?rest_route=\/wp\/v2\/types\/post"}],"author":[{"embeddable":true,"href":"https:\/\/zeleka.com\/index.php?rest_route=\/wp\/v2\/users\/1"}],"replies":[{"embeddable":true,"href":"https:\/\/zeleka.com\/index.php?rest_route=%2Fwp%2Fv2%2Fcomments&post=5213"}],"version-history":[{"count":0,"href":"https:\/\/zeleka.com\/index.php?rest_route=\/wp\/v2\/posts\/5213\/revisions"}],"wp:featuredmedia":[{"embeddable":true,"href":"https:\/\/zeleka.com\/index.php?rest_route=\/wp\/v2\/media\/5214"}],"wp:attachment":[{"href":"https:\/\/zeleka.com\/index.php?rest_route=%2Fwp%2Fv2%2Fmedia&parent=5213"}],"wp:term":[{"taxonomy":"category","embeddable":true,"href":"https:\/\/zeleka.com\/index.php?rest_route=%2Fwp%2Fv2%2Fcategories&post=5213"},{"taxonomy":"post_tag","embeddable":true,"href":"https:\/\/zeleka.com\/index.php?rest_route=%2Fwp%2Fv2%2Ftags&post=5213"}],"curies":[{"name":"wp","href":"https:\/\/api.w.org\/{rel}","templated":true}]}}