{"id":5209,"date":"2025-11-26T02:29:13","date_gmt":"2025-11-25T23:29:13","guid":{"rendered":"https:\/\/zeleka.com\/?p=5209"},"modified":"2025-11-26T02:29:13","modified_gmt":"2025-11-25T23:29:13","slug":"caykara-ilcesinde-dadas-corbacisi-vatandaslarimiza-hizmet-vermeye-basladikevser-ve-ufuk-aydogan-cifti-tarafindan-caykara-ilcesine-kazandirilan-dadas-corbacisi-21-ekim","status":"publish","type":"post","link":"https:\/\/zeleka.com\/?p=5209","title":{"rendered":"<div id=\"detaymetin\">                            <p>\u00c7aykara \u0130l\u00e7esinde Dada\u015f \u00c7orbac\u0131s\u0131 vatanda\u015flar\u0131m\u0131za hizmet vermeye ba\u015flad\u0131<\/p><p>Kevser ve Ufuk Aydo\u011fan \u00e7ifti taraf\u0131ndan \u00c7aykara \u0130l\u00e7esine kazand\u0131r\u0131lan \u00a0Dada\u015f \u00c7orbac\u0131s\u0131 21 Ekim 2025 Sal\u0131 G\u00fcn\u00fc ger\u00e7ekle\u015ftiri"},"content":{"rendered":"<div id=\"detaymetin\">\n<p>\u00c7aykara \u0130l\u00e7esinde Dada\u015f \u00c7orbac\u0131s\u0131 vatanda\u015flar\u0131m\u0131za hizmet vermeye ba\u015flad\u0131<\/p>\n<p>Kevser ve Ufuk Aydo\u011fan \u00e7ifti taraf\u0131ndan \u00c7aykara \u0130l\u00e7esine kazand\u0131r\u0131lan \u00a0Dada\u015f \u00c7orbac\u0131s\u0131 21 Ekim 2025 Sal\u0131 G\u00fcn\u00fc ger\u00e7ekle\u015ftirilen bir A\u00e7\u0131l\u0131\u015f T\u00f6reni ile \u00c7aykara \u0130l\u00e7esine hizmet vermeye ba\u015flad\u0131.<\/p>\n<p>Ger\u00e7ekle\u015ftirilen a\u00e7\u0131l\u0131\u015f t\u00f6renine \u00c7aykara Kaymakam\u0131 Ali Sapmaz,\u00c7aykara Belediye Ba\u015fkan\u0131 Hanefi Tok,AK Parti \u00c7aykara \u0130l\u00e7e Ba\u015fkan\u0131 Muhammet Sel\u00e7uk,\u00c7aykara Esnaf Odas\u0131 Ba\u015fkan\u0131 Ali \u015e\u00fckr\u00fc Ayd\u0131n,Anahtar Parti \u00c7aykara \u0130l\u00e7e Ba\u015fkan\u0131 Ali Kemal Sevin\u00e7 ve \u00e7ok kalabal\u0131k bir vatanda\u015f toplulu\u011fu kat\u0131l\u0131m sa\u011flad\u0131.<\/p>\n<figure><img decoding=\"async\" src=\"https:\/\/caykaragundem.com\/resimler\/2025-10\/21\/31737356410113.webp\"><\/figure>\n<p>A\u00e7\u0131l\u0131\u015f T\u00f6reninde birer selamlama konu\u015fmas\u0131 ger\u00e7ekle\u015ftiren Kaymakam Sapmaz ve Ba\u015fkan Tok yeni i\u015fletmenin \u00c7aykara \u0130l\u00e7emize Hay\u0131rl\u0131 Olmas\u0131 dileklerini dile getirdiler.<\/p>\n<p>Daha sonra Kaymakam Sapmaz,Ba\u015fkan Tok ve protokol \u00fcyeleri taraf\u0131ndan a\u00e7\u0131l\u0131\u015f kurdelesi keslerek yeni i\u015fletme \u00c7aykara insan\u0131n\u0131n hizmetine a\u00e7\u0131ld\u0131.<\/p>\n<figure><img decoding=\"async\" src=\"https:\/\/caykaragundem.com\/resimler\/2025-10\/21\/535962037099160.webp\"><\/figure>\n<p>\u00c7aykara \u0130l\u00e7esinde \u00e7ok say\u0131da restaurant bulunurken ilk defa bir \u00e7orba salonunun a\u00e7\u0131lmas\u0131 \u00c7aykara halk\u0131 taraf\u0131ndan memnuniyet ile kar\u015f\u0131land\u0131.<\/p>\n<p>Yeni i\u015fletmenin a\u00e7\u0131l\u0131\u015f\u0131 ile ilgili olarak gazetemize a\u00e7\u0131klamalarda bulunan Kevser Ufuk Aydo\u011fan \u00e7ifti \u015fu ifadelere yer verdiler.<\/p>\n<figure><img decoding=\"async\" src=\"https:\/\/caykaragundem.com\/resimler\/2025-10\/21\/749311420554402.webp\"><\/figure>\n<p>Uzun zamandan bu yana ger\u00e7ekle\u015ftirmi\u015f oldu\u011fumuz haz\u0131rl\u0131k ve altyap\u0131 \u00e7al\u0131\u015fmalar\u0131n\u0131n ard\u0131ndan bu g\u00fcn itibar\u0131 ile \u00c7orba Salonumuzu \u00c7aykara insan\u0131m\u0131z\u0131n be\u011fenisine sunmu\u015f olman\u0131n gururunu ve mutlulu\u011fumuzu ya\u015f\u0131yoruz.<\/p>\n<p>\u00d6ncelikle Kaymakam\u0131m\u0131z Say\u0131n Ali Sapmaz ve Belediye Ba\u015fkan\u0131m\u0131z Say\u0131n Hanefi Tok olmak \u00fczere A\u00e7\u0131l\u0131\u015f t\u00f6renimize kat\u0131l\u0131m sa\u011flayan t\u00fcm k\u0131ymetli protokol \u00fcyelerimize te\u015fekk\u00fcrlerimizi iletiyoruz.<\/p>\n<p>Kaliteli personelimiz,zengin mutfa\u011f\u0131m\u0131z ve y\u00f6resel yemeklerimiz ile \u00c7aykara \u0130l\u00e7emize farkl\u0131 bir renk katmak \u00fczere yola \u00e7\u0131km\u0131\u015f bulunmaktay\u0131z.<\/p>\n<p>T\u00fcm hem\u015ferilerimizi \u00e7orba salonumuzda misafir etmekten onur duyar\u0131z.<\/p>\n<p>          <\/div>\n","protected":false},"excerpt":{"rendered":"<p>\u00c7aykara \u0130l\u00e7esinde Dada\u015f \u00c7orbac\u0131s\u0131 vatanda\u015flar\u0131m\u0131za hizmet vermeye ba\u015flad\u0131 Kevser ve Ufuk Aydo\u011fan \u00e7ifti taraf\u0131ndan \u00c7aykara \u0130l\u00e7esine kazand\u0131r\u0131lan \u00a0Dada\u015f \u00c7orbac\u0131s\u0131 21 Ekim 2025 Sal\u0131 G\u00fcn\u00fc ger\u00e7ekle\u015ftirilen bir A\u00e7\u0131l\u0131\u015f T\u00f6reni ile \u00c7aykara \u0130l\u00e7esine hizmet vermeye ba\u015flad\u0131. Ger\u00e7ekle\u015ftirilen a\u00e7\u0131l\u0131\u015f t\u00f6renine \u00c7aykara Kaymakam\u0131 Ali Sapmaz,\u00c7aykara Belediye Ba\u015fkan\u0131 Hanefi Tok,AK Parti \u00c7aykara \u0130l\u00e7e Ba\u015fkan\u0131 Muhammet Sel\u00e7uk,\u00c7aykara Esnaf Odas\u0131 Ba\u015fkan\u0131 Ali [&hellip;]<\/p>\n","protected":false},"author":1,"featured_media":5210,"comment_status":"open","ping_status":"open","sticky":false,"template":"","format":"standard","meta":{"tdm_status":"","tdm_grid_status":"","footnotes":""},"categories":[40],"tags":[],"class_list":{"0":"post-5209","1":"post","2":"type-post","3":"status-publish","4":"format-standard","5":"has-post-thumbnail","7":"category-caykara"},"_links":{"self":[{"href":"https:\/\/zeleka.com\/index.php?rest_route=\/wp\/v2\/posts\/5209","targetHints":{"allow":["GET"]}}],"collection":[{"href":"https:\/\/zeleka.com\/index.php?rest_route=\/wp\/v2\/posts"}],"about":[{"href":"https:\/\/zeleka.com\/index.php?rest_route=\/wp\/v2\/types\/post"}],"author":[{"embeddable":true,"href":"https:\/\/zeleka.com\/index.php?rest_route=\/wp\/v2\/users\/1"}],"replies":[{"embeddable":true,"href":"https:\/\/zeleka.com\/index.php?rest_route=%2Fwp%2Fv2%2Fcomments&post=5209"}],"version-history":[{"count":0,"href":"https:\/\/zeleka.com\/index.php?rest_route=\/wp\/v2\/posts\/5209\/revisions"}],"wp:featuredmedia":[{"embeddable":true,"href":"https:\/\/zeleka.com\/index.php?rest_route=\/wp\/v2\/media\/5210"}],"wp:attachment":[{"href":"https:\/\/zeleka.com\/index.php?rest_route=%2Fwp%2Fv2%2Fmedia&parent=5209"}],"wp:term":[{"taxonomy":"category","embeddable":true,"href":"https:\/\/zeleka.com\/index.php?rest_route=%2Fwp%2Fv2%2Fcategories&post=5209"},{"taxonomy":"post_tag","embeddable":true,"href":"https:\/\/zeleka.com\/index.php?rest_route=%2Fwp%2Fv2%2Ftags&post=5209"}],"curies":[{"name":"wp","href":"https:\/\/api.w.org\/{rel}","templated":true}]}}