{"id":5207,"date":"2025-11-26T02:29:14","date_gmt":"2025-11-25T23:29:14","guid":{"rendered":"https:\/\/zeleka.com\/?p=5207"},"modified":"2025-11-26T02:29:14","modified_gmt":"2025-11-25T23:29:14","slug":"uzungol-mahallesi-buyukkoyden-hemsehrimizhaci-abdullah-sahin-haci-mehmet-vefat-etti-yasliliga-bagli-cesitli-rahatsizliklari-bulunan-haci-abdullah-sahin-u","status":"publish","type":"post","link":"https:\/\/zeleka.com\/?p=5207","title":{"rendered":"<div id=\"detaymetin\">                            <p>Uzung\u00f6l Mahallesi, B\u00fcy\u00fckk\u00f6y\u2019den hem\u015fehrimiz,<br>Hac\u0131 Abdullah \u015eahin \u00a0(Hac\u0131 Mehmet) vefat etti.<\/p><p>Ya\u015fl\u0131l\u0131\u011fa ba\u011fl\u0131 \u00e7e\u015fitli rahats\u0131zl\u0131klar\u0131 bulunan Hac\u0131 Abdullah \u015eahin Uzung\u00f6l\u2019deki evinde hayat\u0131n\u0131 kaybe"},"content":{"rendered":"<div id=\"detaymetin\">\n<p>Uzung\u00f6l Mahallesi, B\u00fcy\u00fckk\u00f6y\u2019den hem\u015fehrimiz,<br \/>Hac\u0131 Abdullah \u015eahin \u00a0(Hac\u0131 Mehmet) vefat etti.<\/p>\n<p>Ya\u015fl\u0131l\u0131\u011fa ba\u011fl\u0131 \u00e7e\u015fitli rahats\u0131zl\u0131klar\u0131 bulunan Hac\u0131 Abdullah \u015eahin Uzung\u00f6l\u2019deki evinde hayat\u0131n\u0131 kaybetti.<\/p>\n<p>Merhum Hac\u0131 Abdullah \u015eahin Uzung\u00f6l Merkez Camii Emekli \u0130mam Hatiplerinden ve ilim adamlar\u0131ndan \u015fair Hanefi \u015eahin&#8217;in babalar\u0131,Sabit Karaca ile \u015eaban K\u0131r\u2019\u0131n kay\u0131npederleriydi.<\/p>\n<p>Merhum Abdullah \u015eahin 22 EK\u0130M 2025 \u00c7ar\u015famba g\u00fcn\u00fc<br \/>\u00d6\u011fle namaz\u0131n\u0131 m\u00fcteakiben Uzung\u00f6l Merkez Camii\u2019nde k\u0131l\u0131nacak cenaze namaz\u0131n\u0131n ard\u0131ndan<br \/>B\u00fcy\u00fckk\u00f6y\u2019deki Aile Mezarl\u0131\u011f\u0131na defnedilecek<\/p>\n<p>\u00c7aykara G\u00fcndemmgazetesi olarak merhum Abdullah \u015eahin\u2019e Allah\u2019tan rahmet,kederli ailesine ba\u015f sa\u011fl\u0131\u011f\u0131 dileklerimizi iletiyoruz.<\/p>\n<p>\ud83d\udcde \u0130LET\u0130\u015e\u0130M<\/p>\n<p>Hanefi \u015eahin (O\u011flu)-<a href=\"http:\/\/caykaragundem.com\/tel:05327794078\">05327794078<\/a><br \/>\u015eaban K\u0131r (Damad\u0131) <a href=\"http:\/\/caykaragundem.com\/tel:053249671 47\">053249671 47<\/a>&#8211;<\/p>\n<p>Sabit Karaca (Damad\u0131) <a href=\"http:\/\/caykaragundem.com\/tel:05327392787\">05327392787<\/a><\/p>\n<p>          <\/div>\n","protected":false},"excerpt":{"rendered":"<p>Uzung\u00f6l Mahallesi, B\u00fcy\u00fckk\u00f6y\u2019den hem\u015fehrimiz,Hac\u0131 Abdullah \u015eahin \u00a0(Hac\u0131 Mehmet) vefat etti. Ya\u015fl\u0131l\u0131\u011fa ba\u011fl\u0131 \u00e7e\u015fitli rahats\u0131zl\u0131klar\u0131 bulunan Hac\u0131 Abdullah \u015eahin Uzung\u00f6l\u2019deki evinde hayat\u0131n\u0131 kaybetti. Merhum Hac\u0131 Abdullah \u015eahin Uzung\u00f6l Merkez Camii Emekli \u0130mam Hatiplerinden ve ilim adamlar\u0131ndan \u015fair Hanefi \u015eahin&#8217;in babalar\u0131,Sabit Karaca ile \u015eaban K\u0131r\u2019\u0131n kay\u0131npederleriydi. Merhum Abdullah \u015eahin 22 EK\u0130M 2025 \u00c7ar\u015famba g\u00fcn\u00fc\u00d6\u011fle namaz\u0131n\u0131 m\u00fcteakiben Uzung\u00f6l [&hellip;]<\/p>\n","protected":false},"author":1,"featured_media":5208,"comment_status":"open","ping_status":"open","sticky":false,"template":"","format":"standard","meta":{"tdm_status":"","tdm_grid_status":"","footnotes":""},"categories":[40],"tags":[],"class_list":{"0":"post-5207","1":"post","2":"type-post","3":"status-publish","4":"format-standard","5":"has-post-thumbnail","7":"category-caykara"},"_links":{"self":[{"href":"https:\/\/zeleka.com\/index.php?rest_route=\/wp\/v2\/posts\/5207","targetHints":{"allow":["GET"]}}],"collection":[{"href":"https:\/\/zeleka.com\/index.php?rest_route=\/wp\/v2\/posts"}],"about":[{"href":"https:\/\/zeleka.com\/index.php?rest_route=\/wp\/v2\/types\/post"}],"author":[{"embeddable":true,"href":"https:\/\/zeleka.com\/index.php?rest_route=\/wp\/v2\/users\/1"}],"replies":[{"embeddable":true,"href":"https:\/\/zeleka.com\/index.php?rest_route=%2Fwp%2Fv2%2Fcomments&post=5207"}],"version-history":[{"count":0,"href":"https:\/\/zeleka.com\/index.php?rest_route=\/wp\/v2\/posts\/5207\/revisions"}],"wp:featuredmedia":[{"embeddable":true,"href":"https:\/\/zeleka.com\/index.php?rest_route=\/wp\/v2\/media\/5208"}],"wp:attachment":[{"href":"https:\/\/zeleka.com\/index.php?rest_route=%2Fwp%2Fv2%2Fmedia&parent=5207"}],"wp:term":[{"taxonomy":"category","embeddable":true,"href":"https:\/\/zeleka.com\/index.php?rest_route=%2Fwp%2Fv2%2Fcategories&post=5207"},{"taxonomy":"post_tag","embeddable":true,"href":"https:\/\/zeleka.com\/index.php?rest_route=%2Fwp%2Fv2%2Ftags&post=5207"}],"curies":[{"name":"wp","href":"https:\/\/api.w.org\/{rel}","templated":true}]}}