{"id":5205,"date":"2025-11-26T02:29:15","date_gmt":"2025-11-25T23:29:15","guid":{"rendered":"https:\/\/zeleka.com\/?p=5205"},"modified":"2025-11-26T02:29:15","modified_gmt":"2025-11-25T23:29:15","slug":"uzungol-mahallesi-buyukkoyden-hemsehrimizhaci-abdullah-sahin-haci-mehmet-uzungolde-son-yolculuguna-ugurlandi-yasliliga-bagli-cesitli-rahatsizlik","status":"publish","type":"post","link":"https:\/\/zeleka.com\/?p=5205","title":{"rendered":"<div id=\"detaymetin\">                            <p><span>Uzung\u00f6l Mahallesi, B\u00fcy\u00fckk\u00f6y\u2019den hem\u015fehrimiz,Hac\u0131 Abdullah \u015eahin \u00a0(Hac\u0131 Mehmet) Uzung\u00f6l\u2019de son yolculu\u011funa u\u011furland\u0131.<\/span><\/p><p><span>Ya\u015fl\u0131l\u0131\u011fa ba\u011fl\u0131 \u00e7e\u015fitli rahats\u0131zl\u0131klar\u0131 bulunan Hac\u0131 Abdullah"},"content":{"rendered":"<div id=\"detaymetin\">\n<p><span>Uzung\u00f6l Mahallesi, B\u00fcy\u00fckk\u00f6y\u2019den hem\u015fehrimiz,Hac\u0131 Abdullah \u015eahin \u00a0(Hac\u0131 Mehmet) Uzung\u00f6l\u2019de son yolculu\u011funa u\u011furland\u0131.<\/span><\/p>\n<p><span>Ya\u015fl\u0131l\u0131\u011fa ba\u011fl\u0131 \u00e7e\u015fitli rahats\u0131zl\u0131klar\u0131 bulunan Hac\u0131 Abdullah \u015eahin Uzung\u00f6l\u2019deki evinde hayat\u0131n\u0131 kaybetmi\u015fti.<\/span><\/p>\n<figure><img decoding=\"async\" src=\"https:\/\/caykaragundem.com\/resimler\/2025-10\/22\/121689415668406.webp\"><\/figure>\n<p><span>Merhum Hac\u0131 Abdullah \u015eahin Uzung\u00f6l Merkez Camii Emekli \u0130mam Hatiplerinden ve ilim adamlar\u0131ndan \u015fair Hanefi \u015eahin babas\u0131,Sabit Karaca ile \u015eaban K\u0131r\u2019\u0131n kay\u0131npederleriydi.<\/span><\/p>\n<p><span>Merhum Abdullah \u015eahin 22 EK\u0130M 2025 \u00c7ar\u015famba g\u00fcn\u00fc \u00d6\u011fle namaz\u0131n\u0131 m\u00fcteakiben Uzung\u00f6l Merkez Camii\u2019nde k\u0131l\u0131nan cenaze namaz\u0131n\u0131n ard\u0131ndan B\u00fcy\u00fckk\u00f6y\u2019deki Aile Mezarl\u0131\u011f\u0131na son yolculu\u011funa u\u011furland\u0131<\/span><\/p>\n<figure><img decoding=\"async\" src=\"https:\/\/caykaragundem.com\/resimler\/2025-10\/22\/85547673918453.webp\"><\/figure>\n<p><span>Merhum Hac\u0131 Abdullah \u015eahin\u2019in cenaze namaz\u0131na \u00c7aykara Belediye Ba\u015fkan\u0131 Hanefi Tok,\u00c7aykara M\u00fcft\u00fcs\u00fc Fatih Karak\u0131\u015fla ve \u00e7ok kalabal\u0131k bir vatanda\u015f toplulu\u011fu kat\u0131l\u0131m sa\u011flad\u0131.<\/span><\/p>\n<p><span>\u00c7aykara G\u00fcndemmgazetesi olarak merhum Abdullah \u015eahin\u2019e Allah\u2019tan rahmet,kederli ailesine ba\u015f sa\u011fl\u0131\u011f\u0131 dileklerimizi iletiyoruz.<\/span><\/p>\n<p><span><strong>\u00a0\u0130LET\u0130\u015e\u0130M<\/strong><\/span><\/p>\n<p><span><strong>Hanefi \u015eahin (O\u011flu)-<\/strong><\/span><a href=\"http:\/\/caykaragundem.com\/tel:05327794078\"><span><strong>05327794078<\/strong><\/span><\/a><br \/><span><strong>\u015eaban K\u0131r (Damad\u0131)\u00a0<\/strong><\/span><a href=\"http:\/\/caykaragundem.com\/tel:053249671%2047\"><span><strong>053249671 47<\/strong><\/span><\/a><span><strong>&#8211;<\/strong><\/span><\/p>\n<p><span><strong>Sabit Karaca (Damad\u0131)\u00a0<\/strong><\/span><a href=\"http:\/\/caykaragundem.com\/tel:05327392787\"><span><strong>05327392787<\/strong><\/span><\/a><\/p>\n<p>          <\/div>\n","protected":false},"excerpt":{"rendered":"<p>Uzung\u00f6l Mahallesi, B\u00fcy\u00fckk\u00f6y\u2019den hem\u015fehrimiz,Hac\u0131 Abdullah \u015eahin \u00a0(Hac\u0131 Mehmet) Uzung\u00f6l\u2019de son yolculu\u011funa u\u011furland\u0131. Ya\u015fl\u0131l\u0131\u011fa ba\u011fl\u0131 \u00e7e\u015fitli rahats\u0131zl\u0131klar\u0131 bulunan Hac\u0131 Abdullah \u015eahin Uzung\u00f6l\u2019deki evinde hayat\u0131n\u0131 kaybetmi\u015fti. Merhum Hac\u0131 Abdullah \u015eahin Uzung\u00f6l Merkez Camii Emekli \u0130mam Hatiplerinden ve ilim adamlar\u0131ndan \u015fair Hanefi \u015eahin babas\u0131,Sabit Karaca ile \u015eaban K\u0131r\u2019\u0131n kay\u0131npederleriydi. Merhum Abdullah \u015eahin 22 EK\u0130M 2025 \u00c7ar\u015famba g\u00fcn\u00fc \u00d6\u011fle [&hellip;]<\/p>\n","protected":false},"author":1,"featured_media":5206,"comment_status":"open","ping_status":"open","sticky":false,"template":"","format":"standard","meta":{"tdm_status":"","tdm_grid_status":"","footnotes":""},"categories":[40],"tags":[],"class_list":{"0":"post-5205","1":"post","2":"type-post","3":"status-publish","4":"format-standard","5":"has-post-thumbnail","7":"category-caykara"},"_links":{"self":[{"href":"https:\/\/zeleka.com\/index.php?rest_route=\/wp\/v2\/posts\/5205","targetHints":{"allow":["GET"]}}],"collection":[{"href":"https:\/\/zeleka.com\/index.php?rest_route=\/wp\/v2\/posts"}],"about":[{"href":"https:\/\/zeleka.com\/index.php?rest_route=\/wp\/v2\/types\/post"}],"author":[{"embeddable":true,"href":"https:\/\/zeleka.com\/index.php?rest_route=\/wp\/v2\/users\/1"}],"replies":[{"embeddable":true,"href":"https:\/\/zeleka.com\/index.php?rest_route=%2Fwp%2Fv2%2Fcomments&post=5205"}],"version-history":[{"count":0,"href":"https:\/\/zeleka.com\/index.php?rest_route=\/wp\/v2\/posts\/5205\/revisions"}],"wp:featuredmedia":[{"embeddable":true,"href":"https:\/\/zeleka.com\/index.php?rest_route=\/wp\/v2\/media\/5206"}],"wp:attachment":[{"href":"https:\/\/zeleka.com\/index.php?rest_route=%2Fwp%2Fv2%2Fmedia&parent=5205"}],"wp:term":[{"taxonomy":"category","embeddable":true,"href":"https:\/\/zeleka.com\/index.php?rest_route=%2Fwp%2Fv2%2Fcategories&post=5205"},{"taxonomy":"post_tag","embeddable":true,"href":"https:\/\/zeleka.com\/index.php?rest_route=%2Fwp%2Fv2%2Ftags&post=5205"}],"curies":[{"name":"wp","href":"https:\/\/api.w.org\/{rel}","templated":true}]}}