{"id":5201,"date":"2025-11-26T02:29:17","date_gmt":"2025-11-25T23:29:17","guid":{"rendered":"https:\/\/zeleka.com\/?p=5201"},"modified":"2025-11-26T02:29:17","modified_gmt":"2025-11-25T23:29:17","slug":"aslen-uzungollu-olup-van-ozalp-donerdere-koyunde-ikamet-eden-hemsehrimiz-aziz-duzgun-vefat-etti-bir-sureden-bu-yana-cesitli-rahatsizlik-ve-hastalik-ile-muca","status":"publish","type":"post","link":"https:\/\/zeleka.com\/?p=5201","title":{"rendered":"<div id=\"detaymetin\">                            <p>Aslen Uzung\u00f6l\u2019l\u00fc olup Van \u00d6zalp D\u00f6nerdere k\u00f6y\u00fcnde ikamet eden hem\u015fehrimiz,\u00a0 Aziz D\u00fczg\u00fcn vefat etti.<\/p><p>Bir s\u00fcreden bu yana \u00e7e\u015fitli rahats\u0131zl\u0131k ve hastal\u0131k ile m\u00fccadele eden Aziz D\u00fczg\u00fcn yakaland\u0131\u011f\u0131 ama"},"content":{"rendered":"<div id=\"detaymetin\">\n<p>Aslen Uzung\u00f6l\u2019l\u00fc olup Van \u00d6zalp D\u00f6nerdere k\u00f6y\u00fcnde ikamet eden hem\u015fehrimiz,\u00a0 Aziz D\u00fczg\u00fcn vefat etti.<\/p>\n<p>Bir s\u00fcreden bu yana \u00e7e\u015fitli rahats\u0131zl\u0131k ve hastal\u0131k ile m\u00fccadele eden Aziz D\u00fczg\u00fcn yakaland\u0131\u011f\u0131 amans\u0131z hastal\u0131ktan kurtulamayarak hayat\u0131n\u0131 kaybetti ve Uzung\u00f6l\u2019\u00fc g\u00f6z ya\u015flar\u0131na bo\u011fdu.<\/p>\n<p>Sosyal ve toplumsal konulardaki duyarl\u0131l\u0131\u011f\u0131 ve \u00f6rnek bir insan olarak toplum taraf\u0131ndan \u00e7ok sevilen ve sayg\u0131 duyulan Aziz D\u00fczg\u00fcn\u2019\u00fcn ani vefat\u0131 Uzung\u00f6l ve Van\u2019\u0131 g\u00f6z ya\u015flar\u0131na bo\u011fdu.<\/p>\n<p>Merhum Aziz D\u00fczg\u00fcn Uzung\u00f6l\u2019\u00fcn \u00f6nemli isimlerinden ve b\u00fcrokratlar\u0131ndan Ara\u015ft\u0131rmac\u0131 Yazar Hasan D\u00fczg\u00fcn ile \u015e\u00fckr\u00fc D\u00fczg\u00fcn\u2019\u00fcn karde\u015fi,Adem ve Mustafa D\u00fczg\u00fcn\u2019\u00fcn babalar\u0131,\u015eevket Fidan\u2019\u0131n kay\u0131n\u0131,Salih Fidan\u2019\u0131n ise day\u0131s\u0131yd\u0131.<\/p>\n<p>Merhum Aziz D\u00fczg\u00fcn 24 Ekim \u00a02025 Cuma G\u00fcn\u00fc (yar\u0131n) Cuma namaz\u0131n\u0131 m\u00fcteakip , D\u00f6nerdere K\u00f6y\u00fc Camiinde k\u0131l\u0131nacak\u00a0cenaze namaz\u0131n\u0131n ard\u0131ndan, D\u00f6nerdere K\u00f6y\u00fc Mezarl\u0131\u011f\u0131nda son yolculu\u011funa u\u011furlanacak<\/p>\n<p>\u00c7aykara G\u00fcndem Gazetesi olarak gen\u00e7 ya\u015fta aram\u0131zdan zamans\u0131z ayr\u0131lan Merhum Aziz D\u00fczg\u00fcn\u2019e Allah\u2019tan rahmet ba\u015fta Uzung\u00f6l ve Van Halk\u0131 olmak \u00fczere aile bireylerin e ve t\u00fcm sevenlerine ba\u015f sa\u011fl\u0131\u011f\u0131 dileklerimizi iletiyoruz.<\/p>\n<p><strong>\u0130LET\u0130\u015e\u0130M<\/strong><\/p>\n<p><strong>Adem D\u00fczg\u00fcn o\u011flu 0533 715 5861\u00a0<\/strong><\/p>\n<p><strong>Mustafa D\u00fczg\u00fcn o\u011flu 0543 378 50 73\u00a0<\/strong><\/p>\n<p><strong>\u015e\u00fckr\u00fc D\u00fczg\u00fcn A\u011fabeyi 0533 330 46 47<\/strong><\/p>\n<p><strong>Hasan D\u00fczg\u00fcn-A\u011fabeyi-0532 226 97 48<\/strong><\/p>\n<p><strong>\u015eevket Fidan Kayn\u0131-0506 542 5550\u00a0<\/strong><\/p>\n<p><strong>Salih fidan Ye\u011feni -0544 320 3028<\/strong><\/p>\n<p>          <\/div>\n","protected":false},"excerpt":{"rendered":"<p>Aslen Uzung\u00f6l\u2019l\u00fc olup Van \u00d6zalp D\u00f6nerdere k\u00f6y\u00fcnde ikamet eden hem\u015fehrimiz,\u00a0 Aziz D\u00fczg\u00fcn vefat etti. Bir s\u00fcreden bu yana \u00e7e\u015fitli rahats\u0131zl\u0131k ve hastal\u0131k ile m\u00fccadele eden Aziz D\u00fczg\u00fcn yakaland\u0131\u011f\u0131 amans\u0131z hastal\u0131ktan kurtulamayarak hayat\u0131n\u0131 kaybetti ve Uzung\u00f6l\u2019\u00fc g\u00f6z ya\u015flar\u0131na bo\u011fdu. Sosyal ve toplumsal konulardaki duyarl\u0131l\u0131\u011f\u0131 ve \u00f6rnek bir insan olarak toplum taraf\u0131ndan \u00e7ok sevilen ve sayg\u0131 duyulan [&hellip;]<\/p>\n","protected":false},"author":1,"featured_media":5202,"comment_status":"open","ping_status":"open","sticky":false,"template":"","format":"standard","meta":{"tdm_status":"","tdm_grid_status":"","footnotes":""},"categories":[40],"tags":[],"class_list":{"0":"post-5201","1":"post","2":"type-post","3":"status-publish","4":"format-standard","5":"has-post-thumbnail","7":"category-caykara"},"_links":{"self":[{"href":"https:\/\/zeleka.com\/index.php?rest_route=\/wp\/v2\/posts\/5201","targetHints":{"allow":["GET"]}}],"collection":[{"href":"https:\/\/zeleka.com\/index.php?rest_route=\/wp\/v2\/posts"}],"about":[{"href":"https:\/\/zeleka.com\/index.php?rest_route=\/wp\/v2\/types\/post"}],"author":[{"embeddable":true,"href":"https:\/\/zeleka.com\/index.php?rest_route=\/wp\/v2\/users\/1"}],"replies":[{"embeddable":true,"href":"https:\/\/zeleka.com\/index.php?rest_route=%2Fwp%2Fv2%2Fcomments&post=5201"}],"version-history":[{"count":0,"href":"https:\/\/zeleka.com\/index.php?rest_route=\/wp\/v2\/posts\/5201\/revisions"}],"wp:featuredmedia":[{"embeddable":true,"href":"https:\/\/zeleka.com\/index.php?rest_route=\/wp\/v2\/media\/5202"}],"wp:attachment":[{"href":"https:\/\/zeleka.com\/index.php?rest_route=%2Fwp%2Fv2%2Fmedia&parent=5201"}],"wp:term":[{"taxonomy":"category","embeddable":true,"href":"https:\/\/zeleka.com\/index.php?rest_route=%2Fwp%2Fv2%2Fcategories&post=5201"},{"taxonomy":"post_tag","embeddable":true,"href":"https:\/\/zeleka.com\/index.php?rest_route=%2Fwp%2Fv2%2Ftags&post=5201"}],"curies":[{"name":"wp","href":"https:\/\/api.w.org\/{rel}","templated":true}]}}