{"id":5197,"date":"2025-11-26T02:29:19","date_gmt":"2025-11-25T23:29:19","guid":{"rendered":"https:\/\/zeleka.com\/?p=5197"},"modified":"2025-11-26T02:29:19","modified_gmt":"2025-11-25T23:29:19","slug":"trabzon-ticaret-ve-sanayi-odasi-baskani-erkut-celebi-uzungol-esnafi-ile-bir-araya-gelerek-durum-degerlendirme-toplantisi-gerceklestirdi-26-ekim-2025-pazar-gunu-uzungol-dobo","status":"publish","type":"post","link":"https:\/\/zeleka.com\/?p=5197","title":{"rendered":"<div id=\"detaymetin\">                            <p>Trabzon Ticaret ve Sanayi Odas\u0131 Ba\u015fkan\u0131 Erkut \u00c7elebi Uzung\u00f6l Esnaf\u0131 ile bir araya gelerek durum de\u011ferlendirme toplant\u0131s\u0131 ger\u00e7ekle\u015ftirdi.<\/p><p>26 Ekim 2025 Pazar G\u00fcn\u00fc Uzung\u00f6l DOBOS Restaurant\u2019ta ger\u00e7ekle"},"content":{"rendered":"<div id=\"detaymetin\">\n<p>Trabzon Ticaret ve Sanayi Odas\u0131 Ba\u015fkan\u0131 Erkut \u00c7elebi Uzung\u00f6l Esnaf\u0131 ile bir araya gelerek durum de\u011ferlendirme toplant\u0131s\u0131 ger\u00e7ekle\u015ftirdi.<\/p>\n<p>26 Ekim 2025 Pazar G\u00fcn\u00fc Uzung\u00f6l DOBOS Restaurant\u2019ta ger\u00e7ekle\u015ftirilen toplant\u0131 yakla\u015f\u0131k 5 saat s\u00fcrd\u00fc.<\/p>\n<p>Trabzon Ticaret ve Sanayi Odas\u0131 Ba\u015fkan\u0131 Erkut \u00c7elebi Ba\u015fkanl\u0131\u011f\u0131nda ger\u00e7ekle\u015ftirilen toplant\u0131ya Uzung\u00f6l Muhtar\u0131 Selman Dilek,\u00c7aykara Belediyesi ve Trabzon B\u00fcy\u00fck\u015fehir Belediyesi Meclis \u00dcyesi Uzung\u00f6l Turizmciler Derne\u011fi Ba\u015fkan\u0131 Mehmet Kele\u015f,Uzung\u00f6l B\u0130RL\u0130K A.\u015e.Y\u00f6netim Kurulu Ba\u015fkan\u0131 Mustafa Kemal Zengin,Uzung\u00f6l Turizm \u0130\u015fletmeleri Derne\u011fi Ba\u015fkan\u0131 Metin \u0130nan,Uzung\u00f6l \u00c7evre Koruma K\u00fclt\u00fcr ve Turizm Derne\u011fi Ba\u015fkan\u0131 Abdullah \u00d6zen ile \u00e7ok kalabal\u0131k Turizm \u0130\u015fletmecileri kat\u0131l\u0131m sa\u011flad\u0131.<\/p>\n<figure><img decoding=\"async\" src=\"https:\/\/caykaragundem.com\/resimler\/2025-10\/26\/126928619421459.webp\"><\/figure>\n<p>Ger\u00e7ekle\u015ftirilen toplant\u0131da Uzung\u00f6l Turizmi masaya yat\u0131r\u0131ld\u0131.Toplant\u0131da s\u00f6z alan STK Ba\u015fkanlar\u0131 Uzung\u00f6l Turizminin mevcut durumu ve gelecek planlamas\u0131 ile ilgili olarak d\u00fc\u015f\u00fcncelerini ifade ettiler.<\/p>\n<p>Trabzon Ticaret ve Sanayi Odas\u0131 Ba\u015fkan\u0131 Erkut \u00c7elebi toplant\u0131da ger\u00e7ekle\u015ftirdi\u011fi konu\u015fmada Turizm Merkezi Uzung\u00f6l\u2019\u00fcn \u00dclkemizin ve D\u00fcnyan\u0131n en \u00f6nemli Turizm Merkezlerinden bir tanesi oldu\u011funu ifade ederek bunun yeterli olmad\u0131\u011f\u0131n\u0131 insanlar\u0131n sadece Uzung\u00f6l\u2019\u00fcn yaz mevsimini tan\u0131d\u0131klar\u0131n\u0131 k\u0131\u015f mevsiminin g\u00fczelli\u011fini bilmediklerini bu bak\u0131mdan Uzung\u00f6l\u2019de k\u0131\u015f turizminin tan\u0131t\u0131lmas\u0131 gerekti\u011fini ifade etti.<\/p>\n<figure><img decoding=\"async\" src=\"https:\/\/caykaragundem.com\/resimler\/2025-10\/26\/81365252087422.webp\"><\/figure>\n<p>Uzung\u00f6l\u2019de tesislerin k\u0131\u015f mevsiminde de a\u00e7\u0131k olmas\u0131 gerekti\u011fini ifade eden Ba\u015fkan \u00c7elebi bunun ba\u015flang\u0131\u00e7 olarak \u00e7etin olabilece\u011fini m\u00fccadele edilmesi gerekti\u011fini ancak Uzung\u00f6l\u2019dek\u0131\u015f mevsiminde de turizm faaliyetlerinin yap\u0131ld\u0131\u011f\u0131n\u0131 insanlar\u0131n g\u00f6rmesi gerekti\u011fini ifade etti.<\/p>\n<p>Ba\u015fkan Erkut \u00c7elebi Uzung\u00f6l\u2019de k\u0131\u015f mevsimi boyunca her hafta bir aktivite ger\u00e7ekle\u015ftirilmesi gerekti\u011fini,ate\u015f yakma,horon halkas\u0131 olu\u015fturma,y\u00fcr\u00fcy\u00fc\u015f etkinli\u011fi,Kalandar Etkinli\u011fi ,Mangal partisi,s\u00fctla\u00e7 etkinli\u011fi,\u00e7ay partisi gibi etkinlikler ger\u00e7ekle\u015ftirilerek Uzung\u00f6l\u2019\u00fcn k\u0131\u015f turizmine hareket getirilmesi gerekti\u011fini ifade etti.<\/p>\n<figure><img decoding=\"async\" src=\"https:\/\/caykaragundem.com\/resimler\/2025-10\/26\/105606203746220.webp\"><\/figure>\n<p>Sosyal medyada zaman zaman Uzung\u00f6l ile ilgili karalama kampanyalar\u0131n\u0131 ger\u00e7ekle\u015fti\u011fini,Uzung\u00f6l opahal\u0131,Uzung\u00f6l Arapla\u015ft\u0131,Uzung\u00f6l bitti gibi alg\u0131 operasyonlar\u0131na s\u0131k\u00e7a rastlan\u0131ld\u0131\u011f\u0131n\u0131 ifade eden Ba\u015fkan \u00c7elebi bunlara kulak as\u0131lmamas\u0131 gerekti\u011fini ve Uzung\u00f6l\u2019\u00fcnm kaliteli hizmet anlay\u0131\u015f\u0131 ile \u00dclke ve D\u00fcnya Turizmine hizmet vermesi gerekti\u011fini ifade etti\u00a0\u00a0\u00a0\u00a0\u00a0\u00a0\u00a0\u00a0\u00a0\u00a0<\/p>\n<p>Teleferik Projesinin Uzung\u00f6l i\u00e7in son derece \u00f6nemli bir proje oldu\u011funu ifade eden Ba\u015fkan Erkut \u00c7elebi Uzung\u00f6l \u0130mar Plan\u0131n\u0131n olmamas\u0131n\u0131n teleferik projesi \u00f6n\u00fcndeki en b\u00fcy\u00fck engel oldu\u011funu bu projenin hayata ge\u00e7mesi ile Uzung\u00f6l Turizminin \u00e7ok daha g\u00fc\u00e7l\u00fc bir \u015fekilde D\u00fcnya Turizmine hizmet vermeye devam edece\u011fini s\u00f6zlerine ekledi.<\/p>\n<p>Toplant\u0131da s\u00f6z alan Uzung\u00f6l Muhtar\u0131 Selman Dilek ile Uzung\u00f6l\u2019\u00fcn mevcut sorunlar\u0131,Uzung\u00f6l\u2019de bulunan STK Ba\u015fkanlar\u0131 Uzung\u00f6l Turizminin kar\u015f\u0131la\u015ft\u0131\u011f\u0131 sorunlar ve bu sorunlar\u0131n \u00e7\u00f6z\u00fcm \u00f6nerileri ile ilgili fikirlerini dile getirdiler.<\/p>\n<p>Toplant\u0131n\u0131n sonunda her hafta ger\u00e7ekle\u015ftirilmesi planlanan etkinlikler kapsam\u0131nda 2 Kas\u0131m 2025 Pazar G\u00fcn\u00fc Uzung\u00f6l\u2019de Hamsi Izgara etkinli\u011finin ger\u00e7ekle\u015ftirilmesi kararla\u015ft\u0131r\u0131ld\u0131.<\/p>\n<p>Toplant\u0131n\u0131n son b\u00f6l\u00fcm\u00fcnde s\u00f6z alan Uzung\u00f6l Turizm \u0130\u015fletmeleri Derne\u011fi Ba\u015fkan\u0131 Metin \u0130nan T\u00fcrkiye Turizm Tan\u0131t\u0131m ve Geli\u015ftirme Ajans\u0131 (TGA) Trabzon se\u00e7imleri i\u00e7in Adayl\u0131\u011f\u0131n\u0131 ilan etti\u011fini ve t\u00fcm turizm payda\u015flar\u0131ndan destek talebinde bulundu\u011funu ifade etti.<\/p>\n<p>          <\/div>\n","protected":false},"excerpt":{"rendered":"<p>Trabzon Ticaret ve Sanayi Odas\u0131 Ba\u015fkan\u0131 Erkut \u00c7elebi Uzung\u00f6l Esnaf\u0131 ile bir araya gelerek durum de\u011ferlendirme toplant\u0131s\u0131 ger\u00e7ekle\u015ftirdi. 26 Ekim 2025 Pazar G\u00fcn\u00fc Uzung\u00f6l DOBOS Restaurant\u2019ta ger\u00e7ekle\u015ftirilen toplant\u0131 yakla\u015f\u0131k 5 saat s\u00fcrd\u00fc. Trabzon Ticaret ve Sanayi Odas\u0131 Ba\u015fkan\u0131 Erkut \u00c7elebi Ba\u015fkanl\u0131\u011f\u0131nda ger\u00e7ekle\u015ftirilen toplant\u0131ya Uzung\u00f6l Muhtar\u0131 Selman Dilek,\u00c7aykara Belediyesi ve Trabzon B\u00fcy\u00fck\u015fehir Belediyesi Meclis \u00dcyesi Uzung\u00f6l [&hellip;]<\/p>\n","protected":false},"author":1,"featured_media":5198,"comment_status":"open","ping_status":"open","sticky":false,"template":"","format":"standard","meta":{"tdm_status":"","tdm_grid_status":"","footnotes":""},"categories":[40],"tags":[],"class_list":{"0":"post-5197","1":"post","2":"type-post","3":"status-publish","4":"format-standard","5":"has-post-thumbnail","7":"category-caykara"},"_links":{"self":[{"href":"https:\/\/zeleka.com\/index.php?rest_route=\/wp\/v2\/posts\/5197","targetHints":{"allow":["GET"]}}],"collection":[{"href":"https:\/\/zeleka.com\/index.php?rest_route=\/wp\/v2\/posts"}],"about":[{"href":"https:\/\/zeleka.com\/index.php?rest_route=\/wp\/v2\/types\/post"}],"author":[{"embeddable":true,"href":"https:\/\/zeleka.com\/index.php?rest_route=\/wp\/v2\/users\/1"}],"replies":[{"embeddable":true,"href":"https:\/\/zeleka.com\/index.php?rest_route=%2Fwp%2Fv2%2Fcomments&post=5197"}],"version-history":[{"count":0,"href":"https:\/\/zeleka.com\/index.php?rest_route=\/wp\/v2\/posts\/5197\/revisions"}],"wp:featuredmedia":[{"embeddable":true,"href":"https:\/\/zeleka.com\/index.php?rest_route=\/wp\/v2\/media\/5198"}],"wp:attachment":[{"href":"https:\/\/zeleka.com\/index.php?rest_route=%2Fwp%2Fv2%2Fmedia&parent=5197"}],"wp:term":[{"taxonomy":"category","embeddable":true,"href":"https:\/\/zeleka.com\/index.php?rest_route=%2Fwp%2Fv2%2Fcategories&post=5197"},{"taxonomy":"post_tag","embeddable":true,"href":"https:\/\/zeleka.com\/index.php?rest_route=%2Fwp%2Fv2%2Ftags&post=5197"}],"curies":[{"name":"wp","href":"https:\/\/api.w.org\/{rel}","templated":true}]}}