{"id":5195,"date":"2025-11-26T02:29:20","date_gmt":"2025-11-25T23:29:20","guid":{"rendered":"https:\/\/zeleka.com\/?p=5195"},"modified":"2025-11-26T02:29:20","modified_gmt":"2025-11-25T23:29:20","slug":"trabzonun-caykara-ilcesinde-ilce-protokolu-24-kasim-ogretmenler-gunu-dolayisi-ile-ogretmenler-ile-bir-araya-geldi-caykara-belediye-baskani-hanefi-tok","status":"publish","type":"post","link":"https:\/\/zeleka.com\/?p=5195","title":{"rendered":"<div id=\"detaymetin\">                            <p>Trabzon\u2019un \u00c7aykara \u0130l\u00e7esinde \u0130l\u00e7e Protokol\u00fc 24 Kas\u0131m \u00d6\u011fretmenler \u00a0G\u00fcn\u00fc dolay\u0131s\u0131 ile \u00f6\u011fretmenler ile bir araya geldi.<\/p><p>\u00c7aykara Belediye Ba\u015fkan\u0131 Hanefi Tok\u2019un organizasyonu ile ger\u00e7ekle\u015fen 24 Kas\u0131m \u00d6\u011f"},"content":{"rendered":"<div id=\"detaymetin\">\n<p>Trabzon\u2019un \u00c7aykara \u0130l\u00e7esinde \u0130l\u00e7e Protokol\u00fc 24 Kas\u0131m \u00d6\u011fretmenler \u00a0G\u00fcn\u00fc dolay\u0131s\u0131 ile \u00f6\u011fretmenler ile bir araya geldi.<\/p>\n<p>\u00c7aykara Belediye Ba\u015fkan\u0131 Hanefi Tok\u2019un organizasyonu ile ger\u00e7ekle\u015fen 24 Kas\u0131m \u00d6\u011fretmenler G\u00fcn\u00fc Resmi Program\u0131 Uzung\u00f6l \u0130nan Karde\u015fler Otel Restaurant\u2019ta 24 Kas\u0131m 2025 Pazartesi ak\u015fam\u0131 ger\u00e7ekle\u015ftirildi.<\/p>\n<figure><img decoding=\"async\" src=\"https:\/\/caykaragundem.com\/resimler\/2025-11\/25\/85651817393923.webp\"><\/figure>\n<p>\u00d6\u011fretmenler G\u00fcn\u00fc Program\u0131na \u00c7aykara Kaymakam\u0131 Ali Sapmaz,\u00c7aykara Belediye Ba\u015fkan\u0131 Hanefi Tok,\u00c7aykara \u0130l\u00e7e Jandarma Komutan\u0131 \u00dcste\u011fmen Emre Can Narin,\u00c7aykara \u0130l\u00e7e Milli E\u011fitim M\u00fcd\u00fcr\u00fc Ahmet \u00c7amurali,Uzung\u00f6l Muhtar\u0131 Selman Dilek,Uzung\u00f6l Turizmciler Derne\u011fi Ba\u015fkan\u0131 Mehmet Kele\u015f,Uzung\u00f6l \u00c7evre Koruma K\u00fclt\u00fcr ve Turizm Derne\u011fi Ba\u015fkan\u0131 Abdullah \u00d6zen ile \u00f6\u011fretmenler ve aileleri kat\u0131l\u0131m sa\u011flad\u0131.<\/p>\n<figure><img decoding=\"async\" src=\"https:\/\/caykaragundem.com\/resimler\/2025-11\/25\/58518928881070.webp\"><\/figure>\n<p>\u00c7aykara Belediye Ba\u015fkan\u0131 Hanefi Tok taraf\u0131ndan \u00f6\u011fretmenlere ve ailelerine karanfil takdimi ger\u00e7ekle\u015ftirildi.<\/p>\n<p>\u015eehit Mehmet Ayg\u00fcn \u0130lkokulu ile \u0130mam Hatip Ortaokulu taraf\u0131ndan ger\u00e7ekle\u015ftirilen Resmi Programda protokol konu\u015fmalar\u0131n\u0131n yan\u0131 s\u0131ra \u00e7e\u015fitli etkinlik ve organizasyonlar ger\u00e7ekle\u015ftirildi.<\/p>\n<figure><img decoding=\"async\" src=\"https:\/\/caykaragundem.com\/resimler\/2025-11\/25\/80682469177403.webp\"><\/figure>\n<p>Programda g\u00f6reve yeni ba\u015flay\u0131p adayl\u0131klar\u0131 kalkan \u00f6\u011fretmenler i\u00e7in yemin t\u00f6reni ger\u00e7ekle\u015ftirilirken ayr\u0131ca g\u00f6reve yeni ba\u015flay\u0131p adayl\u0131klar\u0131 kalkan \u00f6\u011fretmenlere Kaymakam Sapmaz ve Ba\u015fkan Tok taraf\u0131ndan \u00e7i\u00e7ek takdimi ger\u00e7ekle\u015ftirildi<\/p>\n<p>          <\/div>\n","protected":false},"excerpt":{"rendered":"<p>Trabzon\u2019un \u00c7aykara \u0130l\u00e7esinde \u0130l\u00e7e Protokol\u00fc 24 Kas\u0131m \u00d6\u011fretmenler \u00a0G\u00fcn\u00fc dolay\u0131s\u0131 ile \u00f6\u011fretmenler ile bir araya geldi. \u00c7aykara Belediye Ba\u015fkan\u0131 Hanefi Tok\u2019un organizasyonu ile ger\u00e7ekle\u015fen 24 Kas\u0131m \u00d6\u011fretmenler G\u00fcn\u00fc Resmi Program\u0131 Uzung\u00f6l \u0130nan Karde\u015fler Otel Restaurant\u2019ta 24 Kas\u0131m 2025 Pazartesi ak\u015fam\u0131 ger\u00e7ekle\u015ftirildi. \u00d6\u011fretmenler G\u00fcn\u00fc Program\u0131na \u00c7aykara Kaymakam\u0131 Ali Sapmaz,\u00c7aykara Belediye Ba\u015fkan\u0131 Hanefi Tok,\u00c7aykara \u0130l\u00e7e Jandarma Komutan\u0131 [&hellip;]<\/p>\n","protected":false},"author":1,"featured_media":5196,"comment_status":"open","ping_status":"open","sticky":false,"template":"","format":"standard","meta":{"tdm_status":"","tdm_grid_status":"","footnotes":""},"categories":[40],"tags":[],"class_list":{"0":"post-5195","1":"post","2":"type-post","3":"status-publish","4":"format-standard","5":"has-post-thumbnail","7":"category-caykara"},"_links":{"self":[{"href":"https:\/\/zeleka.com\/index.php?rest_route=\/wp\/v2\/posts\/5195","targetHints":{"allow":["GET"]}}],"collection":[{"href":"https:\/\/zeleka.com\/index.php?rest_route=\/wp\/v2\/posts"}],"about":[{"href":"https:\/\/zeleka.com\/index.php?rest_route=\/wp\/v2\/types\/post"}],"author":[{"embeddable":true,"href":"https:\/\/zeleka.com\/index.php?rest_route=\/wp\/v2\/users\/1"}],"replies":[{"embeddable":true,"href":"https:\/\/zeleka.com\/index.php?rest_route=%2Fwp%2Fv2%2Fcomments&post=5195"}],"version-history":[{"count":0,"href":"https:\/\/zeleka.com\/index.php?rest_route=\/wp\/v2\/posts\/5195\/revisions"}],"wp:featuredmedia":[{"embeddable":true,"href":"https:\/\/zeleka.com\/index.php?rest_route=\/wp\/v2\/media\/5196"}],"wp:attachment":[{"href":"https:\/\/zeleka.com\/index.php?rest_route=%2Fwp%2Fv2%2Fmedia&parent=5195"}],"wp:term":[{"taxonomy":"category","embeddable":true,"href":"https:\/\/zeleka.com\/index.php?rest_route=%2Fwp%2Fv2%2Fcategories&post=5195"},{"taxonomy":"post_tag","embeddable":true,"href":"https:\/\/zeleka.com\/index.php?rest_route=%2Fwp%2Fv2%2Ftags&post=5195"}],"curies":[{"name":"wp","href":"https:\/\/api.w.org\/{rel}","templated":true}]}}