{"id":5193,"date":"2025-11-26T02:29:21","date_gmt":"2025-11-25T23:29:21","guid":{"rendered":"https:\/\/zeleka.com\/?p=5193"},"modified":"2025-11-26T02:29:21","modified_gmt":"2025-11-25T23:29:21","slug":"trabzonun-caykara-ilcesinde-uzungol-sehit-mehmet-aygun-imam-hatip-ortaokulu-ogretmen-ve-ogrencileri-tarafindan-24-kasim-ogretmenler-gunu-dolayisi-ile-vefat-eden-og","status":"publish","type":"post","link":"https:\/\/zeleka.com\/?p=5193","title":{"rendered":"<div id=\"detaymetin\">                            <p>Trabzon\u2019un \u00c7aykara \u0130l\u00e7esinde Uzung\u00f6l \u015eehit Mehmet Ayg\u00fcn \u0130mam Hatip Ortaokulu \u00f6\u011fretmen ve \u00f6\u011frencileri taraf\u0131ndan 24 Kas\u0131m \u00d6\u011fretmenler G\u00fcn\u00fc dolay\u0131s\u0131 ile vefat eden \u00f6\u011fretmenler kabirleri ba\u015f\u0131nda ziyaret edi"},"content":{"rendered":"<div id=\"detaymetin\">\n<p>Trabzon\u2019un \u00c7aykara \u0130l\u00e7esinde Uzung\u00f6l \u015eehit Mehmet Ayg\u00fcn \u0130mam Hatip Ortaokulu \u00f6\u011fretmen ve \u00f6\u011frencileri taraf\u0131ndan 24 Kas\u0131m \u00d6\u011fretmenler G\u00fcn\u00fc dolay\u0131s\u0131 ile vefat eden \u00f6\u011fretmenler kabirleri ba\u015f\u0131nda ziyaret edildi.<\/p>\n<figure><img decoding=\"async\" src=\"https:\/\/caykaragundem.com\/resimler\/2025-11\/25\/946361892315975.webp\"><\/figure>\n<p>\u015eehit Mehmet Ayg\u00fcn \u0130mam Hatip Ortaokulu M\u00fcd\u00fcr\u00fc \u0130dris Hac\u0131mahmuto\u011flu,Uzung\u00f6l Muhtar\u0131 Selman Dilek ve Okul Aile Birli\u011fi Ba\u015fkan\u0131 Murat Sa\u011flam y\u00f6netiminde ger\u00e7ekle\u015ftirilen etkinli\u011fe Ortaokul \u00f6\u011frencileri kat\u0131l\u0131m sa\u011flad\u0131<\/p>\n<p>Etkinlik kapsam\u0131nda 1930 Y\u0131l\u0131nda Uzung\u00f6l\u2019\u00fcn ilk \u00f6\u011fretmeni olarak okulu a\u00e7an Emekli \u00d6\u011fretmen Merhum Mehmet \u015e\u00fckr\u00fc \u00d6zen ile 1957-1963 y\u0131llar\u0131 aras\u0131nda e\u015fi Fatma \u00d6zen ile birlikte \u00f6\u011fretmen ve y\u00f6netici olarak Uzung\u00f6l\u2019e hizmet veren ayr\u0131ca 1963 y\u0131l\u0131nda Uzung\u00f6l Belediye Te\u015fkilat\u0131n\u0131 kuran ve kurucu ilk Belediye Ba\u015fkan\u0131 olarak g\u00f6rev yapan Cafer Tayyar \u00d6zen ile Merhum Emekli\u015f \u00d6\u011fretmen \u015eakir \u015e\u00fckr\u00fc \u00d6zen\u2019in \u00f6zge\u00e7mi\u015fleri ve Uzung\u00f6l E\u011fitim camias\u0131 a\u00e7\u0131s\u0131ndan \u00f6nemleri \u00f6\u011frencilere anlat\u0131ld\u0131.<\/p>\n<figure><img decoding=\"async\" src=\"https:\/\/caykaragundem.com\/resimler\/2025-11\/25\/113888416354457.webp\"><\/figure>\n<p>Ger\u00e7ekle\u015ftirilen etkinlik kapsam\u0131nda Merhum \u00d6\u011fretmenler i\u00e7in \u00f6\u011frenciler taraf\u0131ndan dua okundu.<\/p>\n<p>Uzung\u00f6l Muhtar\u0131 Selman Dilek taraf\u0131ndan \u00f6\u011frencilere \u00e7e\u015fitli hediyeler takdim edildi.<\/p>\n<figure><img decoding=\"async\" src=\"https:\/\/caykaragundem.com\/resimler\/2025-11\/25\/68452132648174.webp\"><\/figure>\n<p>          <\/div>\n","protected":false},"excerpt":{"rendered":"<p>Trabzon\u2019un \u00c7aykara \u0130l\u00e7esinde Uzung\u00f6l \u015eehit Mehmet Ayg\u00fcn \u0130mam Hatip Ortaokulu \u00f6\u011fretmen ve \u00f6\u011frencileri taraf\u0131ndan 24 Kas\u0131m \u00d6\u011fretmenler G\u00fcn\u00fc dolay\u0131s\u0131 ile vefat eden \u00f6\u011fretmenler kabirleri ba\u015f\u0131nda ziyaret edildi. \u015eehit Mehmet Ayg\u00fcn \u0130mam Hatip Ortaokulu M\u00fcd\u00fcr\u00fc \u0130dris Hac\u0131mahmuto\u011flu,Uzung\u00f6l Muhtar\u0131 Selman Dilek ve Okul Aile Birli\u011fi Ba\u015fkan\u0131 Murat Sa\u011flam y\u00f6netiminde ger\u00e7ekle\u015ftirilen etkinli\u011fe Ortaokul \u00f6\u011frencileri kat\u0131l\u0131m sa\u011flad\u0131 Etkinlik kapsam\u0131nda [&hellip;]<\/p>\n","protected":false},"author":1,"featured_media":5194,"comment_status":"open","ping_status":"open","sticky":false,"template":"","format":"standard","meta":{"tdm_status":"","tdm_grid_status":"","footnotes":""},"categories":[40],"tags":[],"class_list":{"0":"post-5193","1":"post","2":"type-post","3":"status-publish","4":"format-standard","5":"has-post-thumbnail","7":"category-caykara"},"_links":{"self":[{"href":"https:\/\/zeleka.com\/index.php?rest_route=\/wp\/v2\/posts\/5193","targetHints":{"allow":["GET"]}}],"collection":[{"href":"https:\/\/zeleka.com\/index.php?rest_route=\/wp\/v2\/posts"}],"about":[{"href":"https:\/\/zeleka.com\/index.php?rest_route=\/wp\/v2\/types\/post"}],"author":[{"embeddable":true,"href":"https:\/\/zeleka.com\/index.php?rest_route=\/wp\/v2\/users\/1"}],"replies":[{"embeddable":true,"href":"https:\/\/zeleka.com\/index.php?rest_route=%2Fwp%2Fv2%2Fcomments&post=5193"}],"version-history":[{"count":0,"href":"https:\/\/zeleka.com\/index.php?rest_route=\/wp\/v2\/posts\/5193\/revisions"}],"wp:featuredmedia":[{"embeddable":true,"href":"https:\/\/zeleka.com\/index.php?rest_route=\/wp\/v2\/media\/5194"}],"wp:attachment":[{"href":"https:\/\/zeleka.com\/index.php?rest_route=%2Fwp%2Fv2%2Fmedia&parent=5193"}],"wp:term":[{"taxonomy":"category","embeddable":true,"href":"https:\/\/zeleka.com\/index.php?rest_route=%2Fwp%2Fv2%2Fcategories&post=5193"},{"taxonomy":"post_tag","embeddable":true,"href":"https:\/\/zeleka.com\/index.php?rest_route=%2Fwp%2Fv2%2Ftags&post=5193"}],"curies":[{"name":"wp","href":"https:\/\/api.w.org\/{rel}","templated":true}]}}