{"id":5191,"date":"2025-11-26T02:29:22","date_gmt":"2025-11-25T23:29:22","guid":{"rendered":"https:\/\/zeleka.com\/?p=5191"},"modified":"2025-11-26T02:29:22","modified_gmt":"2025-11-25T23:29:22","slug":"5191","status":"publish","type":"post","link":"https:\/\/zeleka.com\/?p=5191","title":{"rendered":"<div data-modulsure=\"22\" data-gs-x=\"0\" data-gs-y=\"0\" data-gs-width=\"36\" data-gs-height=\"100\" data-gs-autoh=\"1\" data-zeminrenk=\"-1\" data-spotrenk=\"0\" data-baslikrenk=\"0\" data-seritrenk=\"-1\" data-hoverrenk=\"-1\" data-font1=\"1\" data-baslikkalinlik=\"4\" data-sp"},"content":{"rendered":"<div data-modulsure=\"22\" data-gs-x=\"0\" data-gs-y=\"0\" data-gs-width=\"36\" data-gs-height=\"100\" data-gs-autoh=\"1\" data-zeminrenk=\"-1\" data-spotrenk=\"0\" data-baslikrenk=\"0\" data-seritrenk=\"-1\" data-hoverrenk=\"-1\" data-font1=\"1\" data-baslikkalinlik=\"4\" data-spotkalinlik=\"2\" data-baslikbold=\"4\" data-spotbold=\"3\" data-cogaltx=\"0\" data-cogalty=\"0\" data-border=\"0\" data-borderrenk=\"0\" data-baslikls=\"0\" data-basliklh=\"0\" data-spotls=\"0\" data-spotlh=\"0\" data-sticky=\"0\" id=\"sayfacontent\">\n<div>\n<p><nav>                               <a href=\"http:\/\/caykaragundem.com\/haber\/kategori\/guncel-22.html\">G\u00dcNCEL<\/a>          <\/nav>\n<\/p>\n<div>\n<p><time>Tarih: 25.11.2025 14:17:00 <\/time>                  <time> 0 Yorum  <\/time>              <\/p>\n<\/p><\/div>\n<div>\n<p><img decoding=\"async\" src=\"http:\/\/caykaragundem.com\/resimler\/2025-11\/25\/54183364496393.webp\" alt=\"Dernekpazar\u0131 \u0130l\u00e7esinde \u00d6\u011fretmenler G\u00fcn\u00fc Kutland\u0131.\"><\/p>\n<h2>              Dernekpazar\u0131 \u0130l\u00e7esinde \u00d6\u011fretmenler G\u00fcn\u00fc Kutland\u0131.          <\/h2>\n<div id=\"detaymetin\">\n<p>DERNEKPAZARINDA \u00d6\u011eRETMENLER G\u00dcN\u00dc<br \/>\u00a0 Fahri D\u00fczenli<br \/>24 Kas\u0131m \u00d6\u011fretmenler G\u00fcn\u00fc kutlamas\u0131 saat 10.00 da Hasan Cans\u0131z \u00c7ok Programl\u0131 Anadolu Lisesinin Bah\u00e7esindeki Atat\u00fcrk B\u00fcst\u00fcne Konan \u00c7elenk sayg\u0131 duru\u015fu ve \u0130stiklal Mar\u015f\u0131 e\u015fli\u011finde \u015eanl\u0131 Bayra\u011f\u0131m\u0131z\u0131n g\u00f6ndere \u00a0\u00e7ekilmesi ile ba\u015flad\u0131.\u00a0<br \/>\u00a0 \u00a0Saat 13.00 de Atat\u00fcrk \u0130lk\u00f6\u011fretim Okulu Konferans Salonunda sayg\u0131 Duru\u015fu ve \u0130stiklal Mar\u015f\u0131n\u0131n \u00a0okunmas\u0131 ile devam edildi.<br \/>\u00a0 \u00a0G\u00fcn\u00fcn anlam ve \u00f6nemi ile ilgili Ortaokullar M\u00fcd\u00fcr\u00fc, \u00d6mer Ayayd\u0131n, Milli E\u011fitim M\u00fcd\u00fcr\u00fc, Ya\u015far Osmano\u011flu ve Kaymakam \u00c7a\u011flar Ustao\u011flu nun yapt\u0131\u011f\u0131 konu\u015fmalardan sonra ,\u00f6\u011frencilerin okudu\u011fu \u015fiirlerle devam edildi. Oratoryo, video g\u00f6sterileri ve \u00a0\u00d6\u011fretmenlerden olu\u015fan M\u00fczik Korosu birbirinden g\u00fczel t\u00fcrk\u00fclerinden sonra \u00f6d\u00fcl t\u00f6renine ge\u00e7ildi. Ba\u015far\u0131l\u0131 \u00f6\u011frencilerin \u00f6d\u00fclleri verilerek toplu foto\u011fraf \u00e7ekimi ile program sona erdi.<\/p>\n<p>          <\/div>\n<\/p><\/div>\n<\/p><\/div>\n<p>          <\/div>\n","protected":false},"excerpt":{"rendered":"<p>G\u00dcNCEL Tarih: 25.11.2025 14:17:00 0 Yorum Dernekpazar\u0131 \u0130l\u00e7esinde \u00d6\u011fretmenler G\u00fcn\u00fc Kutland\u0131. DERNEKPAZARINDA \u00d6\u011eRETMENLER G\u00dcN\u00dc\u00a0 Fahri D\u00fczenli24 Kas\u0131m \u00d6\u011fretmenler G\u00fcn\u00fc kutlamas\u0131 saat 10.00 da Hasan Cans\u0131z \u00c7ok Programl\u0131 Anadolu Lisesinin Bah\u00e7esindeki Atat\u00fcrk B\u00fcst\u00fcne Konan \u00c7elenk sayg\u0131 duru\u015fu ve \u0130stiklal Mar\u015f\u0131 e\u015fli\u011finde \u015eanl\u0131 Bayra\u011f\u0131m\u0131z\u0131n g\u00f6ndere \u00a0\u00e7ekilmesi ile ba\u015flad\u0131.\u00a0\u00a0 \u00a0Saat 13.00 de Atat\u00fcrk \u0130lk\u00f6\u011fretim Okulu Konferans Salonunda sayg\u0131 [&hellip;]<\/p>\n","protected":false},"author":1,"featured_media":5192,"comment_status":"open","ping_status":"open","sticky":false,"template":"","format":"standard","meta":{"tdm_status":"","tdm_grid_status":"","footnotes":""},"categories":[40],"tags":[],"class_list":{"0":"post-5191","1":"post","2":"type-post","3":"status-publish","4":"format-standard","5":"has-post-thumbnail","7":"category-caykara"},"_links":{"self":[{"href":"https:\/\/zeleka.com\/index.php?rest_route=\/wp\/v2\/posts\/5191","targetHints":{"allow":["GET"]}}],"collection":[{"href":"https:\/\/zeleka.com\/index.php?rest_route=\/wp\/v2\/posts"}],"about":[{"href":"https:\/\/zeleka.com\/index.php?rest_route=\/wp\/v2\/types\/post"}],"author":[{"embeddable":true,"href":"https:\/\/zeleka.com\/index.php?rest_route=\/wp\/v2\/users\/1"}],"replies":[{"embeddable":true,"href":"https:\/\/zeleka.com\/index.php?rest_route=%2Fwp%2Fv2%2Fcomments&post=5191"}],"version-history":[{"count":0,"href":"https:\/\/zeleka.com\/index.php?rest_route=\/wp\/v2\/posts\/5191\/revisions"}],"wp:featuredmedia":[{"embeddable":true,"href":"https:\/\/zeleka.com\/index.php?rest_route=\/wp\/v2\/media\/5192"}],"wp:attachment":[{"href":"https:\/\/zeleka.com\/index.php?rest_route=%2Fwp%2Fv2%2Fmedia&parent=5191"}],"wp:term":[{"taxonomy":"category","embeddable":true,"href":"https:\/\/zeleka.com\/index.php?rest_route=%2Fwp%2Fv2%2Fcategories&post=5191"},{"taxonomy":"post_tag","embeddable":true,"href":"https:\/\/zeleka.com\/index.php?rest_route=%2Fwp%2Fv2%2Ftags&post=5191"}],"curies":[{"name":"wp","href":"https:\/\/api.w.org\/{rel}","templated":true}]}}