{"id":5187,"date":"2025-11-26T02:29:24","date_gmt":"2025-11-25T23:29:24","guid":{"rendered":"https:\/\/zeleka.com\/?p=5187"},"modified":"2025-11-26T02:29:24","modified_gmt":"2025-11-25T23:29:24","slug":"trabzonda-caykara-sehit-mehmet-aygun-imam-hatip-ortaokulu-ogrencileri-tarafindan-emekli-ogretmen-vahap-ozene-vefa-ziyareti-gerceklestirildi-okul-muduru-id","status":"publish","type":"post","link":"https:\/\/zeleka.com\/?p=5187","title":{"rendered":"<div id=\"detaymetin\">                            <p>Trabzon\u2019da \u00c7aykara \u015eehit Mehmet Ayg\u00fcn \u0130mam Hatip Ortaokulu \u00f6\u011frencileri taraf\u0131ndan emekli \u00d6\u011fretmen Vahap \u00d6zen\u2019e vefa ziyareti ger\u00e7ekle\u015ftirildi.<\/p><p>Okul M\u00fcd\u00fcr\u00fc \u0130dris Hac\u0131mahmuto\u011flu y\u00f6netiminde 24 Kas\u0131m"},"content":{"rendered":"<div id=\"detaymetin\">\n<p>Trabzon\u2019da \u00c7aykara \u015eehit Mehmet Ayg\u00fcn \u0130mam Hatip Ortaokulu \u00f6\u011frencileri taraf\u0131ndan emekli \u00d6\u011fretmen Vahap \u00d6zen\u2019e vefa ziyareti ger\u00e7ekle\u015ftirildi.<\/p>\n<p>Okul M\u00fcd\u00fcr\u00fc \u0130dris Hac\u0131mahmuto\u011flu y\u00f6netiminde 24 Kas\u0131m 2025 tarihinde ger\u00e7ekle\u015ftirilen ziyaret kapsam\u0131nda \u00f6\u011frenciler K\u00f6seli mahallesinde ikamet eden Vahap \u00d6zen\u2019i evinde ziyaret ettiler.<\/p>\n<p>Emekli \u00f6\u011fretmen \u00d6zen\u2019e \u00e7ikolata ikram\u0131nda bulunan \u00f6\u011frenciler 24 Kas\u0131m \u00d6\u011fretmenler G\u00fcn\u00fc\u2019n\u00fc kutlayarak tatl\u0131 bir s\u00fcrpriz ger\u00e7ekle\u015ftirdiler.<\/p>\n<p>Ziyaretten duydu\u011fu memnuniyeti ifade eden Emekli \u00d6\u011fretmen Vahap \u00d6zen40 y\u0131l boyunca \u00e7ok b\u00fcy\u00fck bir fedakarl\u0131k ile memleketimize ayd\u0131nl\u0131k nesiller yeti\u015ftirmi\u015f olman\u0131n hakl\u0131 gururu ile emekliye ayr\u0131ld\u0131\u011f\u0131n\u0131, ya\u015fl\u0131l\u0131k g\u00fcnlerini ya\u015fad\u0131\u011f\u0131 bu d\u00f6nemde \u00f6\u011frenciler taraf\u0131ndan ger\u00e7ekle\u015ftirilen bu tatl\u0131 ziyaret ile yeniden eski g\u00fcnlerini an\u0131msad\u0131\u011f\u0131n\u0131 bu anlamda bu anlaml\u0131 etkinli\u011fi ger\u00e7ekle\u015ftiren Okul M\u00fcd\u00fcr\u00fc \u0130dris Hac\u0131mahmuto\u011flu ve \u00f6\u011frencilere te\u015fekk\u00fcr ettiklerini s\u00f6zlerine ekledi<\/p>\n<p>          <\/div>\n","protected":false},"excerpt":{"rendered":"<p>Trabzon\u2019da \u00c7aykara \u015eehit Mehmet Ayg\u00fcn \u0130mam Hatip Ortaokulu \u00f6\u011frencileri taraf\u0131ndan emekli \u00d6\u011fretmen Vahap \u00d6zen\u2019e vefa ziyareti ger\u00e7ekle\u015ftirildi. Okul M\u00fcd\u00fcr\u00fc \u0130dris Hac\u0131mahmuto\u011flu y\u00f6netiminde 24 Kas\u0131m 2025 tarihinde ger\u00e7ekle\u015ftirilen ziyaret kapsam\u0131nda \u00f6\u011frenciler K\u00f6seli mahallesinde ikamet eden Vahap \u00d6zen\u2019i evinde ziyaret ettiler. Emekli \u00f6\u011fretmen \u00d6zen\u2019e \u00e7ikolata ikram\u0131nda bulunan \u00f6\u011frenciler 24 Kas\u0131m \u00d6\u011fretmenler G\u00fcn\u00fc\u2019n\u00fc kutlayarak tatl\u0131 bir s\u00fcrpriz ger\u00e7ekle\u015ftirdiler. [&hellip;]<\/p>\n","protected":false},"author":1,"featured_media":5188,"comment_status":"open","ping_status":"open","sticky":false,"template":"","format":"standard","meta":{"tdm_status":"","tdm_grid_status":"","footnotes":""},"categories":[40],"tags":[],"class_list":{"0":"post-5187","1":"post","2":"type-post","3":"status-publish","4":"format-standard","5":"has-post-thumbnail","7":"category-caykara"},"_links":{"self":[{"href":"https:\/\/zeleka.com\/index.php?rest_route=\/wp\/v2\/posts\/5187","targetHints":{"allow":["GET"]}}],"collection":[{"href":"https:\/\/zeleka.com\/index.php?rest_route=\/wp\/v2\/posts"}],"about":[{"href":"https:\/\/zeleka.com\/index.php?rest_route=\/wp\/v2\/types\/post"}],"author":[{"embeddable":true,"href":"https:\/\/zeleka.com\/index.php?rest_route=\/wp\/v2\/users\/1"}],"replies":[{"embeddable":true,"href":"https:\/\/zeleka.com\/index.php?rest_route=%2Fwp%2Fv2%2Fcomments&post=5187"}],"version-history":[{"count":0,"href":"https:\/\/zeleka.com\/index.php?rest_route=\/wp\/v2\/posts\/5187\/revisions"}],"wp:featuredmedia":[{"embeddable":true,"href":"https:\/\/zeleka.com\/index.php?rest_route=\/wp\/v2\/media\/5188"}],"wp:attachment":[{"href":"https:\/\/zeleka.com\/index.php?rest_route=%2Fwp%2Fv2%2Fmedia&parent=5187"}],"wp:term":[{"taxonomy":"category","embeddable":true,"href":"https:\/\/zeleka.com\/index.php?rest_route=%2Fwp%2Fv2%2Fcategories&post=5187"},{"taxonomy":"post_tag","embeddable":true,"href":"https:\/\/zeleka.com\/index.php?rest_route=%2Fwp%2Fv2%2Ftags&post=5187"}],"curies":[{"name":"wp","href":"https:\/\/api.w.org\/{rel}","templated":true}]}}