{"id":5185,"date":"2025-11-25T02:30:04","date_gmt":"2025-11-24T23:30:04","guid":{"rendered":"https:\/\/zeleka.com\/?p=5185"},"modified":"2025-11-25T02:30:04","modified_gmt":"2025-11-24T23:30:04","slug":"trabzonun-caykara-ilcesinde-24-kasim-ogretmenler-gunu-dolayisi-ile-egitim-camiasi-tarafindan-kaymakam-ali-sapmaz-ve-belediye-baskani-hanefi-tok-makamlarinda-ziyare","status":"publish","type":"post","link":"https:\/\/zeleka.com\/?p=5185","title":{"rendered":"<div id=\"detaymetin\">                            <p>Trabzon\u2019un \u00c7aykara \u0130l\u00e7esinde 24 Kas\u0131m \u00d6\u011fretmenler G\u00fcn\u00fc dolay\u0131s\u0131 ile E\u011fitim Camias\u0131 taraf\u0131ndan Kaymakam Ali Sapmaz ve Belediye Ba\u015fkan\u0131 Hanefi Tok makamlar\u0131nda ziyaret edildi.<\/p><figure><img src=\"https:\/\/"},"content":{"rendered":"<div id=\"detaymetin\">\n<p>Trabzon\u2019un \u00c7aykara \u0130l\u00e7esinde 24 Kas\u0131m \u00d6\u011fretmenler G\u00fcn\u00fc dolay\u0131s\u0131 ile E\u011fitim Camias\u0131 taraf\u0131ndan Kaymakam Ali Sapmaz ve Belediye Ba\u015fkan\u0131 Hanefi Tok makamlar\u0131nda ziyaret edildi.<\/p>\n<figure><img decoding=\"async\" src=\"https:\/\/caykaragundem.com\/resimler\/2025-11\/24\/78491787216969.webp\"><\/figure>\n<p>\u00c7aykara \u0130l\u00e7e Milli E\u011fitim M\u00fcd\u00fcr\u00fc Ahmet \u00c7amurali ba\u015fkanl\u0131\u011f\u0131nda ger\u00e7ekle\u015ftirilen ziyaretlere \u015eube M\u00fcd\u00fcr\u00fc Berk Eren,\u00d6zel B\u00fcro M\u00fcd\u00fcr\u00fc Numan Tuncer,\u015eehit Mehmet Ayg\u00fcn E\u011fitim Kurumlar\u0131 M\u00fcd\u00fcr\u00fc \u0130dris Hac\u0131mahmuto\u011flu ile \u00f6\u011fretmen ve \u00f6\u011frenciler kat\u0131l\u0131m sa\u011flad\u0131.<\/p>\n<p>\u00c7aykara Kaymakam\u0131 Ali Sapmaz,\u00c7aykara \u0130l\u00e7esinin \u00f6rnek ve farkl\u0131 bir e\u011fitim il\u00e7esi oldu\u011funu,bir toplumun geli\u015fmi\u015flik d\u00fczeyinin e\u011fitime verilen \u00f6nem ile \u00f6l\u00e7\u00fcld\u00fc\u011f\u00fcn\u00fc bu bak\u0131mdan \u00f6\u011fretmenlerin toplumda \u00e7ok \u00f6zel bir yere sahip olduklar\u0131n\u0131 bu anlamda bu \u00f6zel g\u00fcn dolay\u0131s\u0131 ile t\u00fcm \u00f6\u011fretmenlerin 24 Kas\u0131m \u00f6\u011fretmenler g\u00fcn\u00fcn\u00fc tebrik ettiklerini s\u00f6zlerine ekledi.<\/p>\n<figure><img decoding=\"async\" src=\"https:\/\/caykaragundem.com\/resimler\/2025-11\/24\/52990254586616.webp\"><\/figure>\n<p>Ziyaretten duydu\u011fu memnuniyeti ifade eden \u00c7aykara Belediye Ba\u015fkan\u0131 Hanefi Tok ise \u00c7aykara \u0130l\u00e7esinde sadece akademik ba\u015far\u0131n\u0131n hedeflenmedi\u011fini ayn\u0131 zamanda \u00f6\u011frencilerin sosyal ve k\u00fclt\u00fcrel anlamda da kendilerini yeti\u015ftirmelerine \u00e7ok b\u00fcy\u00fck bir \u00f6nem verildi\u011fini ifade etti.<\/p>\n<p>Kaymakam Sapmaz ve Ba\u015fkan Tok ziyarette \u00f6\u011frencilere \u00e7e\u015fitli hediyeler takdim ettiler.<\/p>\n<figure><img decoding=\"async\" src=\"https:\/\/caykaragundem.com\/resimler\/2025-11\/24\/72333694224462.webp\"><\/figure>\n<p>          <\/div>\n","protected":false},"excerpt":{"rendered":"<p>Trabzon\u2019un \u00c7aykara \u0130l\u00e7esinde 24 Kas\u0131m \u00d6\u011fretmenler G\u00fcn\u00fc dolay\u0131s\u0131 ile E\u011fitim Camias\u0131 taraf\u0131ndan Kaymakam Ali Sapmaz ve Belediye Ba\u015fkan\u0131 Hanefi Tok makamlar\u0131nda ziyaret edildi. \u00c7aykara \u0130l\u00e7e Milli E\u011fitim M\u00fcd\u00fcr\u00fc Ahmet \u00c7amurali ba\u015fkanl\u0131\u011f\u0131nda ger\u00e7ekle\u015ftirilen ziyaretlere \u015eube M\u00fcd\u00fcr\u00fc Berk Eren,\u00d6zel B\u00fcro M\u00fcd\u00fcr\u00fc Numan Tuncer,\u015eehit Mehmet Ayg\u00fcn E\u011fitim Kurumlar\u0131 M\u00fcd\u00fcr\u00fc \u0130dris Hac\u0131mahmuto\u011flu ile \u00f6\u011fretmen ve \u00f6\u011frenciler kat\u0131l\u0131m sa\u011flad\u0131. \u00c7aykara [&hellip;]<\/p>\n","protected":false},"author":1,"featured_media":5186,"comment_status":"open","ping_status":"open","sticky":false,"template":"","format":"standard","meta":{"tdm_status":"","tdm_grid_status":"","footnotes":""},"categories":[40],"tags":[],"class_list":{"0":"post-5185","1":"post","2":"type-post","3":"status-publish","4":"format-standard","5":"has-post-thumbnail","7":"category-caykara"},"_links":{"self":[{"href":"https:\/\/zeleka.com\/index.php?rest_route=\/wp\/v2\/posts\/5185","targetHints":{"allow":["GET"]}}],"collection":[{"href":"https:\/\/zeleka.com\/index.php?rest_route=\/wp\/v2\/posts"}],"about":[{"href":"https:\/\/zeleka.com\/index.php?rest_route=\/wp\/v2\/types\/post"}],"author":[{"embeddable":true,"href":"https:\/\/zeleka.com\/index.php?rest_route=\/wp\/v2\/users\/1"}],"replies":[{"embeddable":true,"href":"https:\/\/zeleka.com\/index.php?rest_route=%2Fwp%2Fv2%2Fcomments&post=5185"}],"version-history":[{"count":0,"href":"https:\/\/zeleka.com\/index.php?rest_route=\/wp\/v2\/posts\/5185\/revisions"}],"wp:featuredmedia":[{"embeddable":true,"href":"https:\/\/zeleka.com\/index.php?rest_route=\/wp\/v2\/media\/5186"}],"wp:attachment":[{"href":"https:\/\/zeleka.com\/index.php?rest_route=%2Fwp%2Fv2%2Fmedia&parent=5185"}],"wp:term":[{"taxonomy":"category","embeddable":true,"href":"https:\/\/zeleka.com\/index.php?rest_route=%2Fwp%2Fv2%2Fcategories&post=5185"},{"taxonomy":"post_tag","embeddable":true,"href":"https:\/\/zeleka.com\/index.php?rest_route=%2Fwp%2Fv2%2Ftags&post=5185"}],"curies":[{"name":"wp","href":"https:\/\/api.w.org\/{rel}","templated":true}]}}