{"id":5183,"date":"2025-11-24T02:29:37","date_gmt":"2025-11-23T23:29:37","guid":{"rendered":"https:\/\/zeleka.com\/?p=5183"},"modified":"2025-11-24T02:29:37","modified_gmt":"2025-11-23T23:29:37","slug":"caykaraspor-yonetim-kurulu-tarafindan-organize-edilen-caykara-ilcesi-birlik-beraberlik-ve-kaynasma-gecesi-trabzonda-muhtesem-bir-katilim-ile-gerceklesti-caykaraspo","status":"publish","type":"post","link":"https:\/\/zeleka.com\/?p=5183","title":{"rendered":"<div id=\"detaymetin\">                            <p>\u00c7aykaraspor Y\u00f6netim Kurulu taraf\u0131ndan organize edilen \u00c7aykara \u0130l\u00e7esi Birlik beraberlik ve Kayna\u015fma Gecesi Trabzon\u2019da muhte\u015fem bir kat\u0131l\u0131m ile ger\u00e7ekle\u015fti.<\/p><p>\u00c7aykaraspor Kul\u00fcb\u00fcn\u00fcn kurulu\u015funun 40. Y\u0131l"},"content":{"rendered":"<div id=\"detaymetin\">\n<p>\u00c7aykaraspor Y\u00f6netim Kurulu taraf\u0131ndan organize edilen \u00c7aykara \u0130l\u00e7esi Birlik beraberlik ve Kayna\u015fma Gecesi Trabzon\u2019da muhte\u015fem bir kat\u0131l\u0131m ile ger\u00e7ekle\u015fti.<\/p>\n<p>\u00c7aykaraspor Kul\u00fcb\u00fcn\u00fcn kurulu\u015funun 40. Y\u0131l d\u00f6n\u00fcm\u00fc dolay\u0131s\u0131 ile Kul\u00fcb\u00fcn Gelece\u011fini birlikte \u015fekillendirmek,hedefe omuz omuza y\u00fcr\u00fcmek ve 40.Y\u0131l\u0131m\u0131zda \u00c7aykara ailesinin birlik ruhunu daha da g\u00fc\u00e7lendirmek amac\u0131 ile 22 Kas\u0131m 2025 Cumartesi ak\u015fam\u0131 Trabzon Radisson Blu Otel\u2019de ger\u00e7ekle\u015ftirilen muhte\u015fem geceye hem protokol hem de \u00c7aykara Halk\u0131 yo\u011fun bir ilgi g\u00f6sterdi.<\/p>\n<figure><img decoding=\"async\" src=\"https:\/\/caykaragundem.com\/resimler\/2025-11\/23\/973141262492022.webp\"><\/figure>\n<p>\u00c7aykara Kaymakam\u0131 Ali Sapmaz,Dernekpazar\u0131 Kaymakam\u0131 \u00c7a\u011flar Ustao\u011flu,\u00c7aykara Belediye Ba\u015fkan\u0131 Hanefi Tok,Dernekpazar\u0131 Belediye Ba\u015fkan\u0131 Dr. Mehmet A\u015f\u0131k,\u00c7aykaraspor Kul\u00fcb\u00fc Y\u00f6netim Kurulu Ba\u015fkan\u0131 Mustafa Ko\u00e7in ,\u00c7aykara Muhtarlar Derne\u011fi Ba\u015fkan\u0131 Naci Kele\u015f ve \u00c7aykara Mahalle Muhtarlar\u0131,ve yo\u011fun bir bir protokol kat\u0131l\u0131m\u0131 \u00c7aykarspor\u2019un muhte\u015fem gecesine bir ba\u015fka g\u00fczellik katt\u0131.<\/p>\n<p>Mustafa Ko\u00e7in Ba\u015fkanl\u0131\u011f\u0131nda 2025-2026 Futbol sezonunda Trabzon 1.Amat\u00f6r K\u00fcmede \u015eampiyonluk hedefi ile yola \u00e7\u0131kan ve yapm\u0131\u015f oldu\u011fu fla\u015f transferler ile isminden fazlaca s\u00f6z ettiren \u00c7aykaraspor Futbol tak\u0131m\u0131z ligin ilk 10 haftal\u0131k periyodunda tabiri caiz ise rakipsiz kald\u0131.<\/p>\n<figure><img decoding=\"async\" src=\"https:\/\/caykaragundem.com\/resimler\/2025-11\/23\/102604445532509.webp\"><\/figure>\n<p>\u00c7aykaraspor 10 Ma\u00e7 sonunda elde etti\u011fi 9 galibiyet\u00a0 ve 1 beraberlik ile en yak\u0131n rakibi Yomraspor tak\u0131m\u0131n\u0131n 5 puan \u00f6n\u00fcnde ligde lider olarak yer al\u0131yor ve \u015eampiyonlu\u011fun en kuvvetli aday\u0131 olarak g\u00f6steriliyor.<\/p>\n<p>Ba\u015fkan Mustafa Ko\u00e7in ve ekibi sadece saha ba\u015far\u0131s\u0131 ile de\u011fil ayn\u0131 zamanda t\u00fcm \u00c7aykara Sevdal\u0131lar\u0131n\u0131 ortak payda olan \u00c7aykaraspor sevdas\u0131 etraf\u0131nda toplayarak b\u00fcy\u00fck bir birlikteli\u011fin de alt\u0131na imza atm\u0131\u015f oldu.<\/p>\n<p>\u00c7aykaraspor Kul\u00fcb\u00fc Y\u00f6netim Kurulu Ba\u015fkan\u0131 Mustafa Ko\u00e7in gecede ger\u00e7ekle\u015ftirdi\u011fi te\u015fekk\u00fcr konu\u015fmas\u0131nda hem \u00c7aykara Halk\u0131na hem de kat\u0131l\u0131mlar\u0131 ile geceye renk katan protokol ve misafirlere te\u015fekk\u00fcr etti.<\/p>\n<p>Programda bir selamlama konu\u015fmas\u0131 yapan \u00c7aykara Belediye Ba\u015fkan\u0131 Hanefi Tok \u00c7aykara \u0130l\u00e7esinin \u00f6rnek ve farkl\u0131 bir e\u011fitim il\u00e7esi oldu\u011funu,e\u011fitimin yan\u0131 s\u0131ra \u00c7aykara \u0130l\u00e7esinde sosyal,k\u00fclt\u00fcrel ve sportif etkinliklere \u00e7ok b\u00fcy\u00fck \u00f6nem verildi\u011fini ifade etti.<\/p>\n<figure><img decoding=\"async\" src=\"https:\/\/caykaragundem.com\/resimler\/2025-11\/23\/85442783929512.webp\"><\/figure>\n<p>\u00c7aykara Gen\u00e7lik Merkezini \u00c7aykara \u0130l\u00e7esine kazand\u0131rm\u0131\u015f olman\u0131n mutlulu\u011funu ya\u015fad\u0131klar\u0131n\u0131 ifade eden Ba\u015fkan Tok \u00c7aykara Gen\u00e7li\u011finin her t\u00fcrl\u00fc sporu gen\u00e7lik merkezinde yapma imkan\u0131na sahip oldu\u011funu bunun yan\u0131 s\u0131ra \u00c7aykara \u0130l\u00e7e Stadyumunu en modern \u015fekilde haz\u0131rlayarak ve \u0131\u015f\u0131kland\u0131rma sistemini tamamlayarak \u00c7aykara Gen\u00e7li\u011finin hizmetine kazand\u0131rd\u0131klar\u0131n\u0131 ifade etti.<\/p>\n<p>\u00c7aykaraspor tak\u0131m\u0131na \u00e7ok b\u00fcy\u00fck \u00f6nem v erdiklerini ifade eden Ba\u015fkan Tok,sadece A Tak\u0131m\u0131n\u0131n \u015eampiyonluk m\u00fccadelesi i\u00e7inde olmad\u0131\u011f\u0131n\u0131 di\u011fer altyap\u0131 tak\u0131mlar\u0131n\u0131n da \u00f6rnek ba\u015far\u0131lart\u0131 ile \u00c7aykara \u0130l\u00e7esinin gurur kayna\u011f\u0131 olduklar\u0131n\u0131 bu \u00f6rnek gen\u00e7leri \u015fu ana kadar oldu\u011fu gibi bundan sonra da desteklemeye devam edeceklerini s\u00f6zlerine ekledi.<\/p>\n<figure><img decoding=\"async\" src=\"https:\/\/caykaragundem.com\/resimler\/2025-11\/23\/120672027890419.webp\"><\/figure>\n<p>Gece i\u00e7in \u00c7aykarspor Y\u00f6netim Kuruluna te\u015fekk\u00fcr eden Ba\u015fkan Tok \u00c7aykara insan\u0131 olarak birlik,beraberlik ve karde\u015flik ilkeleri \u00e7er\u00e7evesinde birlikte y\u00fcr\u00fcyerek \u00c7aykara \u0130l\u00e7esini \u00e7ok daha g\u00fczel g\u00fcnlere hep birlikte ta\u015f\u0131yacaklar\u0131n\u0131 s\u00f6zlerine ekledi.<\/p>\n<p>Trabzon\u2019da \u00c7aykara K\u00fclt\u00fcr\u00fcn\u00fc b\u00fcy\u00fck bir ba\u015far\u0131 ile ya\u015fatan KT\u00dc \u00d6\u011fretim \u00dcyesi Prof. Dr. Orhan Durgun y\u00f6netimindeki \u00c7aykara Halk Oyunlar\u0131 ekibi programda muhte\u015fem bir sahne perfoprmans\u0131 ile kat\u0131l\u0131mc\u0131lasra unutulmaz bir ak\u015fam ya\u015fatt\u0131.<\/p>\n<p>Programda Ulusal M\u00fczik D\u00fcnyas\u0131nda Karadeniz M\u00fczi\u011fini \u00e7ok b\u00fcy\u00fck bir ba\u015far\u0131 ile temsil eden, Sanat\u00e7\u0131 kimli\u011finin yan\u0131 s\u0131ra iyi bir \u00f6\u011fretmen ve \u00f6rnek bir toplum insan\u0131 olarak herkesin b\u00fcy\u00fck bir sevgi ve sayg\u0131 g\u00f6sterdi\u011fi \u00c7aykara\u2019l\u0131 Sanat\u00e7\u0131 Onay \u015eAH\u0130N muhte\u015fem bir konser organizasyonu ile \u00c7aykara sevdal\u0131lar\u0131 ile bulu\u015ftu.<\/p>\n<figure><img decoding=\"async\" src=\"https:\/\/caykaragundem.com\/resimler\/2025-11\/23\/879391640658674.webp\"><\/figure>\n<p>Uzung\u00f6l ve \u00c7aykara \u0130l\u00e7esinin do\u011fal g\u00fczelliklerini,yaylalar\u0131n\u0131 mezirelerini resim yolu ile ifade ederek muhte\u015fem eserler ortaya koyan Uzung\u00f6l\u2019l\u00fc \u00a0Resim Sanat\u00e7\u0131s\u0131 Havva Aky\u00fcz programda sahneye davet edilerek \u00c7aykara K\u00fclt\u00fcr\u00fcne katk\u0131lar\u0131ndan dolay\u0131 te\u015fekk\u00fcr plati takdimi ger\u00e7ekle\u015ftirildi.<\/p>\n<p>          <\/div>\n","protected":false},"excerpt":{"rendered":"<p>\u00c7aykaraspor Y\u00f6netim Kurulu taraf\u0131ndan organize edilen \u00c7aykara \u0130l\u00e7esi Birlik beraberlik ve Kayna\u015fma Gecesi Trabzon\u2019da muhte\u015fem bir kat\u0131l\u0131m ile ger\u00e7ekle\u015fti. \u00c7aykaraspor Kul\u00fcb\u00fcn\u00fcn kurulu\u015funun 40. Y\u0131l d\u00f6n\u00fcm\u00fc dolay\u0131s\u0131 ile Kul\u00fcb\u00fcn Gelece\u011fini birlikte \u015fekillendirmek,hedefe omuz omuza y\u00fcr\u00fcmek ve 40.Y\u0131l\u0131m\u0131zda \u00c7aykara ailesinin birlik ruhunu daha da g\u00fc\u00e7lendirmek amac\u0131 ile 22 Kas\u0131m 2025 Cumartesi ak\u015fam\u0131 Trabzon Radisson Blu Otel\u2019de ger\u00e7ekle\u015ftirilen [&hellip;]<\/p>\n","protected":false},"author":1,"featured_media":5184,"comment_status":"open","ping_status":"open","sticky":false,"template":"","format":"standard","meta":{"tdm_status":"","tdm_grid_status":"","footnotes":""},"categories":[40],"tags":[],"class_list":{"0":"post-5183","1":"post","2":"type-post","3":"status-publish","4":"format-standard","5":"has-post-thumbnail","7":"category-caykara"},"_links":{"self":[{"href":"https:\/\/zeleka.com\/index.php?rest_route=\/wp\/v2\/posts\/5183","targetHints":{"allow":["GET"]}}],"collection":[{"href":"https:\/\/zeleka.com\/index.php?rest_route=\/wp\/v2\/posts"}],"about":[{"href":"https:\/\/zeleka.com\/index.php?rest_route=\/wp\/v2\/types\/post"}],"author":[{"embeddable":true,"href":"https:\/\/zeleka.com\/index.php?rest_route=\/wp\/v2\/users\/1"}],"replies":[{"embeddable":true,"href":"https:\/\/zeleka.com\/index.php?rest_route=%2Fwp%2Fv2%2Fcomments&post=5183"}],"version-history":[{"count":0,"href":"https:\/\/zeleka.com\/index.php?rest_route=\/wp\/v2\/posts\/5183\/revisions"}],"wp:featuredmedia":[{"embeddable":true,"href":"https:\/\/zeleka.com\/index.php?rest_route=\/wp\/v2\/media\/5184"}],"wp:attachment":[{"href":"https:\/\/zeleka.com\/index.php?rest_route=%2Fwp%2Fv2%2Fmedia&parent=5183"}],"wp:term":[{"taxonomy":"category","embeddable":true,"href":"https:\/\/zeleka.com\/index.php?rest_route=%2Fwp%2Fv2%2Fcategories&post=5183"},{"taxonomy":"post_tag","embeddable":true,"href":"https:\/\/zeleka.com\/index.php?rest_route=%2Fwp%2Fv2%2Ftags&post=5183"}],"curies":[{"name":"wp","href":"https:\/\/api.w.org\/{rel}","templated":true}]}}