{"id":5181,"date":"2025-11-24T02:29:38","date_gmt":"2025-11-23T23:29:38","guid":{"rendered":"https:\/\/zeleka.com\/?p=5181"},"modified":"2025-11-24T02:29:38","modified_gmt":"2025-11-23T23:29:38","slug":"askon-trabzon-subesi-turizm-sektor-baskani-mustafa-akyuzkaradeniz-ve-ulke-turizminin-en-onemli-merkezlerinden-uzungolde-kis-turizminin-aktif-olarak-degerlendirilm","status":"publish","type":"post","link":"https:\/\/zeleka.com\/?p=5181","title":{"rendered":"<div id=\"detaymetin\">                            <p>ASKON Trabzon \u015eubesi Turizm Sekt\u00f6r Ba\u015fkan\u0131 Mustafa Aky\u00fcz,Karadeniz ve \u00dclke Turizminin en \u00f6nemli merkezlerinden Uzung\u00f6l\u2019de K\u0131\u015f Turizminin aktif olarak de\u011ferlendirilmesi ve s\u00fcrd\u00fcr\u00fclebilir Turizm ile ilgili"},"content":{"rendered":"<div id=\"detaymetin\">\n<p>ASKON Trabzon \u015eubesi Turizm Sekt\u00f6r Ba\u015fkan\u0131 Mustafa Aky\u00fcz,Karadeniz ve \u00dclke Turizminin en \u00f6nemli merkezlerinden Uzung\u00f6l\u2019de K\u0131\u015f Turizminin aktif olarak de\u011ferlendirilmesi ve s\u00fcrd\u00fcr\u00fclebilir Turizm ile ilgili bir Bas\u0131n A\u00e7\u0131klamas\u0131 ger\u00e7ekle\u015ftirdi.<\/p>\n<p>Ba\u015fkan Aky\u00fcz\u2019\u00fcn Bas\u0131n A\u00e7\u0131klamas\u0131 \u015fu \u015fekilde;<\/p>\n<p>Trabzon ve Uzung\u00f6l Turizminin 12 Aya Yay\u0131lmas\u0131 \u0130\u00e7in Ortak Harekete Ge\u00e7me \u00c7a\u011fr\u0131s\u0131<\/p>\n<figure><img decoding=\"async\" src=\"https:\/\/caykaragundem.com\/resimler\/2025-11\/23\/703531677041049.webp\"><\/figure>\n<p>ASKON Trabzon \u015eubesi Turizm Sekt\u00f6r Ba\u015fkan\u0131 olarak, Trabzon ve Uzung\u00f6l\u2019\u00fcn turizm potansiyelinin yaln\u0131zca belirli d\u00f6nemlerde de\u011fil, y\u0131l\u0131n 12 ay\u0131 boyunca s\u00fcrd\u00fcr\u00fclebilir bir \u015fekilde de\u011ferlendirilmesi gerekti\u011fini kamuoyunun dikkatine sunuyorum.<\/p>\n<p>Trabzon ve Uzung\u00f6l, \u00fclkemizin en \u00f6nemli do\u011fal ve k\u00fclt\u00fcrel de\u011ferleri aras\u0131nda yer almaktad\u0131r. Buna ra\u011fmen turizm hareketlili\u011fi \u00f6zellikle yaz aylar\u0131nda yo\u011funla\u015fmakta, k\u0131\u015f ve ara sezonlarda ise b\u00f6lge ekonomisi ciddi bir yava\u015flama ya\u015famaktad\u0131r. Bu tablonun de\u011fi\u015fmesi i\u00e7in g\u00fc\u00e7l\u00fc bir stratejiye, ortak akla ve t\u00fcm payda\u015flar\u0131n i\u015f birli\u011fine ihtiya\u00e7 vard\u0131r.<\/p>\n<p>Bu kapsamda \u00f6ncelikli g\u00f6rd\u00fc\u011f\u00fcm\u00fcz ba\u015fl\u0131klar a\u015fa\u011f\u0131daki gibidir:<\/p>\n<figure><img decoding=\"async\" src=\"https:\/\/caykaragundem.com\/resimler\/2025-11\/23\/887371840350196.webp\"><\/figure>\n<p>1. K\u0131\u015f Turizmi \u0130\u00e7in Altyap\u0131n\u0131n G\u00fc\u00e7lendirilmesi<\/p>\n<p>Uzung\u00f6l ve \u00e7evresi, k\u0131\u015f aylar\u0131nda da cazibe merkezi olabilecek \u00f6nemli do\u011fal de\u011ferlere sahiptir. Bunun etkin \u015fekilde de\u011ferlendirilebilmesi i\u00e7in:<\/p>\n<p>K\u0131\u015f \u015fartlar\u0131na uygun ula\u015f\u0131m ve yol g\u00fcvenli\u011fi,<\/p>\n<p>Ayd\u0131nlat\u0131lm\u0131\u015f y\u00fcr\u00fcy\u00fc\u015f yollar\u0131 ve seyir teraslar\u0131,<\/p>\n<p>Kar temizli\u011fi, otopark ve \u00e7evre d\u00fczenlemeleri<\/p>\n<p>gibi altyap\u0131 \u00e7al\u0131\u015fmalar\u0131n\u0131n h\u0131zla tamamlanmas\u0131 gerekmektedir.<\/p>\n<figure><img decoding=\"async\" src=\"https:\/\/caykaragundem.com\/resimler\/2025-11\/23\/108537865510727.webp\"><\/figure>\n<p>2. Turizm \u00c7e\u015fitlili\u011finin Art\u0131r\u0131lmas\u0131<\/p>\n<p>B\u00f6lgenin yaln\u0131zca yaz turizmine ba\u011fl\u0131 kalmamas\u0131 ad\u0131na \u015fu alanlar desteklenmelidir:<\/p>\n<p>Yayla ve do\u011fa sporlar\u0131, trekking, foto\u011fraf ve kamp turlar\u0131,<\/p>\n<p>K\u00fclt\u00fcr ve gastronomi festivalleri,<\/p>\n<p>Sa\u011fl\u0131k, spa ve wellness turizmine y\u00f6nelik yat\u0131r\u0131mlar.<\/p>\n<p>Bu alanlarda te\u015fvik ve profesyonel organizasyonlara ihtiya\u00e7 bulunmaktad\u0131r.<\/p>\n<p>3. 12 Ayl\u0131k Etkinlik Takviminin Olu\u015fturulmas\u0131<\/p>\n<p>Trabzon ve Uzung\u00f6l\u2019de her ay d\u00fczenlenecek tematik etkinlikler, turizmin t\u00fcm y\u0131la yay\u0131lmas\u0131 i\u00e7in b\u00fcy\u00fck bir f\u0131rsatt\u0131r.<\/p>\n<p>Gastronomi g\u00fcnleri, k\u0131\u015f festivalleri, sonbahar foto\u011fraf etkinlikleri, spor organizasyonlar\u0131 ve yayla \u015fenlikleri b\u00f6lgeyi y\u0131l boyunca canl\u0131 tutacakt\u0131r.<\/p>\n<figure><img decoding=\"async\" src=\"https:\/\/caykaragundem.com\/resimler\/2025-11\/23\/1223271075835560.webp\"><\/figure>\n<p>4. Tan\u0131t\u0131m ve Dijital Pazarlaman\u0131n G\u00fc\u00e7lendirilmesi<\/p>\n<p>Dijital platformlar, sosyal medya, uluslararas\u0131 seyahat siteleri ve tur operat\u00f6rleri arac\u0131l\u0131\u011f\u0131yla Trabzon ve Uzung\u00f6l\u2019\u00fcn d\u00f6rt mevsim tan\u0131t\u0131m\u0131 yap\u0131lmal\u0131d\u0131r.<\/p>\n<p>\u00d6zellikle K\u00f6rfez \u00fclkeleri, Avrupa ve Uzak Do\u011fu pazarlar\u0131na y\u00f6nelik \u00f6zel tur paketleri haz\u0131rlanmas\u0131 b\u00fcy\u00fck \u00f6nem ta\u015f\u0131maktad\u0131r.<\/p>\n<p>5. Konaklama ve Hizmet Kalitesinin Standartla\u015ft\u0131r\u0131lmas\u0131<\/p>\n<p>B\u00f6lgedeki otel, pansiyon ve bungalov i\u015fletmelerinin k\u0131\u015f \u015fartlar\u0131na uygun hale getirilmesi, hizmet niteli\u011finin y\u00fckseltilmesi ve fiyat politikalar\u0131n\u0131n netle\u015ftirilmesi; hem turist memnuniyeti hem de b\u00f6lgenin marka de\u011feri a\u00e7\u0131s\u0131ndan kritik \u00f6neme sahiptir.<\/p>\n<p>6. Kurumlar Aras\u0131 G\u00fc\u00e7l\u00fc \u0130\u015f Birli\u011fi<\/p>\n<p>Turizmin 12 aya yay\u0131lmas\u0131 ancak yerel y\u00f6netimler, kamu kurumlar\u0131, \u00f6zel sekt\u00f6r ve sivil toplum kurulu\u015flar\u0131n\u0131n ortak hareket etmesiyle m\u00fcmk\u00fcn olacakt\u0131r.<\/p>\n<p>ASKON Turizm Komisyonu olarak bu s\u00fcre\u00e7te aktif rol almaya, katk\u0131 sunmaya ve gerekli koordinasyonu sa\u011flamaya haz\u0131r\u0131z.<\/p>\n<p>Sonu\u00e7 ve \u00c7a\u011fr\u0131<\/p>\n<p>Trabzon ve Uzung\u00f6l, y\u0131l\u0131n her mevsiminde benzersiz g\u00fczellikler sunan \u00f6zel bir destinasyondur. Turizmin 12 aya yay\u0131lmas\u0131; hem ekonomik kalk\u0131nmay\u0131 g\u00fc\u00e7lendirecek hem de b\u00f6lgenin uluslararas\u0131 marka de\u011ferini daha ileriye ta\u015f\u0131yacakt\u0131r.<\/p>\n<p>ASKON Trabzon \u015eubesi Turizm Komisyonu olarak t\u00fcm payda\u015flar\u0131 bu vizyon do\u011frultusunda ortak \u00e7al\u0131\u015fma ve planlamaya davet ediyoruz.<\/p>\n<p>ASKON Anadolu Aslanlar\u0131 \u0130\u015f Adamlar\u0131 Derne\u011fi<\/p>\n<p>Trabzon \u015eube Turizm Sekt\u00f6r Ba\u015fkan\u0131<\/p>\n<p>Mustafa Aky\u00fcz<\/p>\n<p>          <\/div>\n","protected":false},"excerpt":{"rendered":"<p>ASKON Trabzon \u015eubesi Turizm Sekt\u00f6r Ba\u015fkan\u0131 Mustafa Aky\u00fcz,Karadeniz ve \u00dclke Turizminin en \u00f6nemli merkezlerinden Uzung\u00f6l\u2019de K\u0131\u015f Turizminin aktif olarak de\u011ferlendirilmesi ve s\u00fcrd\u00fcr\u00fclebilir Turizm ile ilgili bir Bas\u0131n A\u00e7\u0131klamas\u0131 ger\u00e7ekle\u015ftirdi. Ba\u015fkan Aky\u00fcz\u2019\u00fcn Bas\u0131n A\u00e7\u0131klamas\u0131 \u015fu \u015fekilde; Trabzon ve Uzung\u00f6l Turizminin 12 Aya Yay\u0131lmas\u0131 \u0130\u00e7in Ortak Harekete Ge\u00e7me \u00c7a\u011fr\u0131s\u0131 ASKON Trabzon \u015eubesi Turizm Sekt\u00f6r Ba\u015fkan\u0131 olarak, Trabzon [&hellip;]<\/p>\n","protected":false},"author":1,"featured_media":5182,"comment_status":"open","ping_status":"open","sticky":false,"template":"","format":"standard","meta":{"tdm_status":"","tdm_grid_status":"","footnotes":""},"categories":[40],"tags":[],"class_list":{"0":"post-5181","1":"post","2":"type-post","3":"status-publish","4":"format-standard","5":"has-post-thumbnail","7":"category-caykara"},"_links":{"self":[{"href":"https:\/\/zeleka.com\/index.php?rest_route=\/wp\/v2\/posts\/5181","targetHints":{"allow":["GET"]}}],"collection":[{"href":"https:\/\/zeleka.com\/index.php?rest_route=\/wp\/v2\/posts"}],"about":[{"href":"https:\/\/zeleka.com\/index.php?rest_route=\/wp\/v2\/types\/post"}],"author":[{"embeddable":true,"href":"https:\/\/zeleka.com\/index.php?rest_route=\/wp\/v2\/users\/1"}],"replies":[{"embeddable":true,"href":"https:\/\/zeleka.com\/index.php?rest_route=%2Fwp%2Fv2%2Fcomments&post=5181"}],"version-history":[{"count":0,"href":"https:\/\/zeleka.com\/index.php?rest_route=\/wp\/v2\/posts\/5181\/revisions"}],"wp:featuredmedia":[{"embeddable":true,"href":"https:\/\/zeleka.com\/index.php?rest_route=\/wp\/v2\/media\/5182"}],"wp:attachment":[{"href":"https:\/\/zeleka.com\/index.php?rest_route=%2Fwp%2Fv2%2Fmedia&parent=5181"}],"wp:term":[{"taxonomy":"category","embeddable":true,"href":"https:\/\/zeleka.com\/index.php?rest_route=%2Fwp%2Fv2%2Fcategories&post=5181"},{"taxonomy":"post_tag","embeddable":true,"href":"https:\/\/zeleka.com\/index.php?rest_route=%2Fwp%2Fv2%2Ftags&post=5181"}],"curies":[{"name":"wp","href":"https:\/\/api.w.org\/{rel}","templated":true}]}}