{"id":5179,"date":"2025-11-23T02:29:10","date_gmt":"2025-11-22T23:29:10","guid":{"rendered":"https:\/\/zeleka.com\/?p=5179"},"modified":"2025-11-23T02:29:10","modified_gmt":"2025-11-22T23:29:10","slug":"caykaraspor-yonetim-kurulu-tarafindan-gerceklestirilen-geleneksel-caykaralilar-gecesi-22-kasim-2025-cumartesi-aksami-saat-19-00da-trabzon-radisson-blu-ote","status":"publish","type":"post","link":"https:\/\/zeleka.com\/?p=5179","title":{"rendered":"<div id=\"detaymetin\">                            <p>\u00c7aykaraspor Y\u00f6netim Kurulu taraf\u0131ndan ger\u00e7ekle\u015ftirilen Geleneksel \u00c7aykara\u2019l\u0131lar Gecesi 22 Kas\u0131m 2025 Cumartesi ak\u015fam\u0131 saat 19.00\u2019da trabzon Radisson Blu Otel\u2019de ger\u00e7ekle\u015ftiriliyor.<\/p><p>Organizasyonu \u00c7a"},"content":{"rendered":"<div id=\"detaymetin\">\n<p>\u00c7aykaraspor Y\u00f6netim Kurulu taraf\u0131ndan ger\u00e7ekle\u015ftirilen Geleneksel \u00c7aykara\u2019l\u0131lar Gecesi 22 Kas\u0131m 2025 Cumartesi ak\u015fam\u0131 saat 19.00\u2019da trabzon Radisson Blu Otel\u2019de ger\u00e7ekle\u015ftiriliyor.<\/p>\n<p>Organizasyonu \u00c7aykaraspor Y\u00f6netim Kurulu taraf\u0131ndan ger\u00e7ekle\u015ftirilen geceye Trabzon B\u00fcrokrasisinin yan\u0131 s\u0131ra \u00c7aykara Halk\u0131n\u0131n da yo\u011fun bir kat\u0131l\u0131m sa\u011flamas\u0131 bekleniyor.<\/p>\n<p>Mustafa Ko\u00e7in Ba\u015fkanl\u0131\u011f\u0131nda 2025-2026 Futbol sezonunda Trabzon 1.Amat\u00f6r K\u00fcmede \u015eampiyonluk hedefi ile yola \u00e7\u0131kan ve yapm\u0131\u015f oldu\u011fu fla\u015f transferler ile isminden fazlaca s\u00f6z ettiren \u00c7aykaraspor Futbol tak\u0131m\u0131z ligin ilk 10 haftal\u0131k periyodunda tabiri caiz ise rakipsiz kald\u0131.<\/p>\n<p>\u00c7aykaraspor 10 Ma\u00e7 sonunda elde etti\u011fi 9 galibiyet\u00a0 ve 1 beraberlik ile en yak\u0131n rakibi Yomraspor tak\u0131m\u0131n\u0131n 5 puan \u00f6n\u00fcnde ligde lider olarak yer al\u0131yor ve \u015eampiyonlu\u011fun en kuvvetli aday\u0131 olarak g\u00f6steriliyor.<\/p>\n<p>Ba\u015fkan Mustafa Ko\u00e7in ve ekibi sadece saha ba\u015far\u0131s\u0131 ile de\u011fil ayn\u0131 zamanda t\u00fcm \u00c7aykara Sevdal\u0131lar\u0131n\u0131 ortak payda olan \u00c7aykaraspor sevdas\u0131 etraf\u0131nda toplayarak b\u00fcy\u00fck bir birlikteli\u011fin de alt\u0131na imza atm\u0131\u015f oldu.<\/p>\n<p>\u00c7aykara sevdal\u0131lar\u0131n\u0131n \u00e7ok yo\u011fun bir kat\u0131l\u0131m sa\u011flayaca\u011f\u0131 tahmin edilen muhte\u015fem gecede birbirinden zengin etkinliklere yer veriliyor.<\/p>\n<p>Programda Ulusal M\u00fczik D\u00fcnyas\u0131nda Karadeniz M\u00fczi\u011fini \u00e7ok b\u00fcy\u00fck bir ba\u015far\u0131 ile temsil eden, Sanat\u00e7\u0131 kimli\u011finin yan\u0131 s\u0131rfa iyi bir \u00f6\u011fretmen ve \u00f6rnek bir toplum insan\u0131 olarak herkesin b\u00fcy\u00fck bir sevgi ve sayg\u0131 g\u00f6sterdi\u011fi \u00c7aykara\u2019l\u0131 Sanat\u00e7\u0131 Onay \u015eAH\u0130N muhte\u015fem bir konser organizasyonu ile \u00c7aykara sevdal\u0131lar\u0131 ile bulu\u015facak<\/p>\n<p>\u00c7aykara G\u00fcndem Gazetesi olarak bu \u00f6zel geceye t\u00fcm \u00c7aykara sevdal\u0131lar\u0131n\u0131 davet ediyoruz.<\/p>\n<p>\u00c7aykara spor Y\u00f6netim Kurulu taraf\u0131ndan sosyal medya hesab\u0131ndan t\u00fcm \u00c7aykara sevdal\u0131lar\u0131 geceye davet edildi.<\/p>\n<p>\u0130\u015fte o payla\u015f\u0131m\u2026<\/p>\n<p>Bu y\u0131l geleneksel \u00c7aykaral\u0131lar Gecesi \u00e7ok daha \u00f6zel!<\/p>\n<p>Karadeniz\u2019in g\u00fc\u00e7l\u00fc sesi, sahnenin efsanesi ONAY \u015eAH\u0130N, Radisson Blu otelde co\u015fku dolu bir geceye imza atacak!<\/p>\n<p>\ud83d\udccd Radisson Blu Otel<\/p>\n<p>\ud83c\udfa4 ONAY \u015eAH\u0130N \u00d6ZEL KONSER\u0130<\/p>\n<p>\ud83c\udf7d\ufe0f Zengin Yemek Organizasyonu<\/p>\n<p>\ud83e\udd1d \u00c7aykaraspor ile Bulu\u015fma &#038; Dayan\u0131\u015fma<\/p>\n<p>Hem\u015fehrilerimizi, memleketimizin sesini d\u00fcnyaya duyuran Onay \u015eahin\u2019in dillerde iz b\u0131rakacak performans\u0131 ile dolu, unutulmaz bir ak\u015fam bekliyor.<\/p>\n<p>T\u00fcrk\u00fcye, horona, muhabbet ve birlik ruhuna doyaca\u011f\u0131m\u0131z bu gece;<\/p>\n<p>\u00c7aykarasporumuzun 40. y\u0131l co\u015fkusuyla daha da anlam kazanacak.<\/p>\n<p>T\u00fcm \u00c7aykaral\u0131 hem\u015fehrilerimiz davetlidir.<\/p>\n<p>Bu gece, sahnenin y\u0131ld\u0131z\u0131 Onay \u015eahin, salonun ruhu \u00c7aykara!<\/p>\n<p>          <\/div>\n","protected":false},"excerpt":{"rendered":"<p>\u00c7aykaraspor Y\u00f6netim Kurulu taraf\u0131ndan ger\u00e7ekle\u015ftirilen Geleneksel \u00c7aykara\u2019l\u0131lar Gecesi 22 Kas\u0131m 2025 Cumartesi ak\u015fam\u0131 saat 19.00\u2019da trabzon Radisson Blu Otel\u2019de ger\u00e7ekle\u015ftiriliyor. Organizasyonu \u00c7aykaraspor Y\u00f6netim Kurulu taraf\u0131ndan ger\u00e7ekle\u015ftirilen geceye Trabzon B\u00fcrokrasisinin yan\u0131 s\u0131ra \u00c7aykara Halk\u0131n\u0131n da yo\u011fun bir kat\u0131l\u0131m sa\u011flamas\u0131 bekleniyor. Mustafa Ko\u00e7in Ba\u015fkanl\u0131\u011f\u0131nda 2025-2026 Futbol sezonunda Trabzon 1.Amat\u00f6r K\u00fcmede \u015eampiyonluk hedefi ile yola \u00e7\u0131kan ve yapm\u0131\u015f [&hellip;]<\/p>\n","protected":false},"author":1,"featured_media":5180,"comment_status":"open","ping_status":"open","sticky":false,"template":"","format":"standard","meta":{"tdm_status":"","tdm_grid_status":"","footnotes":""},"categories":[40],"tags":[],"class_list":{"0":"post-5179","1":"post","2":"type-post","3":"status-publish","4":"format-standard","5":"has-post-thumbnail","7":"category-caykara"},"_links":{"self":[{"href":"https:\/\/zeleka.com\/index.php?rest_route=\/wp\/v2\/posts\/5179","targetHints":{"allow":["GET"]}}],"collection":[{"href":"https:\/\/zeleka.com\/index.php?rest_route=\/wp\/v2\/posts"}],"about":[{"href":"https:\/\/zeleka.com\/index.php?rest_route=\/wp\/v2\/types\/post"}],"author":[{"embeddable":true,"href":"https:\/\/zeleka.com\/index.php?rest_route=\/wp\/v2\/users\/1"}],"replies":[{"embeddable":true,"href":"https:\/\/zeleka.com\/index.php?rest_route=%2Fwp%2Fv2%2Fcomments&post=5179"}],"version-history":[{"count":0,"href":"https:\/\/zeleka.com\/index.php?rest_route=\/wp\/v2\/posts\/5179\/revisions"}],"wp:featuredmedia":[{"embeddable":true,"href":"https:\/\/zeleka.com\/index.php?rest_route=\/wp\/v2\/media\/5180"}],"wp:attachment":[{"href":"https:\/\/zeleka.com\/index.php?rest_route=%2Fwp%2Fv2%2Fmedia&parent=5179"}],"wp:term":[{"taxonomy":"category","embeddable":true,"href":"https:\/\/zeleka.com\/index.php?rest_route=%2Fwp%2Fv2%2Fcategories&post=5179"},{"taxonomy":"post_tag","embeddable":true,"href":"https:\/\/zeleka.com\/index.php?rest_route=%2Fwp%2Fv2%2Ftags&post=5179"}],"curies":[{"name":"wp","href":"https:\/\/api.w.org\/{rel}","templated":true}]}}