{"id":5175,"date":"2025-11-22T02:29:21","date_gmt":"2025-11-21T23:29:21","guid":{"rendered":"https:\/\/zeleka.com\/?p=5175"},"modified":"2025-11-22T02:29:21","modified_gmt":"2025-11-21T23:29:21","slug":"uzerine-cekiyor-istanbuldaki-ilk-buyuk-sergisi-icin-gun-sayiyor-trabzonun-caykara-ilcesine-bagli-uzungolde-yasayan-genc-ressam-ve-resim-ogretmen-2","status":"publish","type":"post","link":"https:\/\/zeleka.com\/?p=5175","title":{"rendered":"<div id=\"detaymetin\">                            <p>\u00fczerine \u00e7ekiyor.\u0130stanbul\u2019daki ilk b\u00fcy\u00fck sergisi i\u00e7in g\u00fcn say\u0131yor..<\/p><p>Trabzon\u2019un \u00c7aykara il\u00e7esine ba\u011fl\u0131 Uzung\u00f6l\u2019de ya\u015fayan gen\u00e7 ressam ve resim \u00f6\u011fretmeni Havva Aky\u00fcz, Karadeniz\u2019in zengin k\u00fclt\u00fcr\u00fcn\u00fc, ya"},"content":{"rendered":"<div id=\"detaymetin\">\n<p>\u00fczerine \u00e7ekiyor.\u0130stanbul\u2019daki ilk b\u00fcy\u00fck sergisi i\u00e7in g\u00fcn say\u0131yor..<\/p>\n<p>Trabzon\u2019un \u00c7aykara il\u00e7esine ba\u011fl\u0131 Uzung\u00f6l\u2019de ya\u015fayan gen\u00e7 ressam ve resim \u00f6\u011fretmeni Havva Aky\u00fcz, Karadeniz\u2019in zengin k\u00fclt\u00fcr\u00fcn\u00fc, yayla ya\u015fam\u0131n\u0131, mezra hat\u0131ralar\u0131n\u0131 ve do\u011fal hayat\u0131n en saf h\u00e2llerini tuvale ustal\u0131kla aktaran \u00e7al\u0131\u015fmalar\u0131yla dikkatleri \u00fczerine \u00e7ekiyor. Aky\u00fcz\u2019\u00fcn at\u00f6lyesinde yapt\u0131\u011f\u0131 eserler, yaln\u0131zca birer tablo olman\u0131n \u00f6tesinde, b\u00f6lgenin ya\u015fayan haf\u0131zas\u0131na d\u00f6n\u00fc\u015f\u00fcyor.<\/p>\n<p>Yayla \u00e7ocuklar\u0131n\u0131n unutulmaz hik\u00e2yeleri resimlerde hayat buluyor<\/p>\n<p>Aky\u00fcz\u2019\u00fcn eserlerinde en \u00e7arp\u0131c\u0131 temalardan biri, yaylalarda b\u00fcy\u00fcyen \u00e7ocuklar\u0131n samimiyeti ve masumiyeti. Y\u00f6rede y\u0131llar \u00f6nce \u00e7ekilmi\u015f foto\u011fraflardan yola \u00e7\u0131karak \u00e7izdi\u011fi \u00e7ocuk portrelerinde;<br \/>\u2022 yayla patikalar\u0131nda oyun oynayan,<br \/>\u2022 kom kap\u0131lar\u0131nda g\u00fcl\u00fcmseyen,<br \/>\u2022 sisli sabahlarda okul yoluna \u00e7\u0131kan<br \/>\u00e7ocuklar\u0131n hik\u00e2yeleri yeniden canlan\u0131yor.<br \/>Bu \u00e7al\u0131\u015fmalar, Karadeniz\u2019de giderek azalan yayla k\u00fclt\u00fcr\u00fcn\u00fcn duygusal bir belgesi niteli\u011finde.<\/p>\n<p>Karadeniz kad\u0131n\u0131n\u0131n eme\u011fi, y\u00fcz \u00e7izgilerinde yeniden yorumlan\u0131yor<\/p>\n<p>Aky\u00fcz\u2019\u00fcn tablolar\u0131 aras\u0131nda geni\u015f yer tutan bir di\u011fer konu ise, b\u00f6lgenin g\u00fc\u00e7l\u00fc kad\u0131n fig\u00fcrleri. S\u0131rt\u0131nda odun ta\u015f\u0131yan, tarlalarda \u00e7al\u0131\u015fan, y\u0131llar\u0131n a\u011f\u0131rl\u0131\u011f\u0131n\u0131 y\u00fcz \u00e7izgilerinde ta\u015f\u0131yan ya\u015fl\u0131 kad\u0131nlar; sanat\u00e7\u0131n\u0131n f\u0131r\u00e7as\u0131nda hem ger\u00e7e\u011fe yak\u0131n hem de tarihi bir derinlikle resmediliyor.<br \/>Bu portreler, Karadeniz kad\u0131n\u0131n\u0131n eme\u011fini, m\u00fccadelesini ve geleneksel ya\u015fam\u0131n izlerini sanat d\u00fcnyas\u0131na g\u00fc\u00e7l\u00fc bir \u015fekilde aktar\u0131yor.<\/p>\n<figure><img decoding=\"async\" src=\"https:\/\/caykaragundem.com\/resimler\/2025-11\/20\/262631825194999.webp\"><\/figure>\n<p>Do\u011fan\u0131n en saf h\u00e2li: Boz ay\u0131 \u2013 alabal\u0131k ili\u015fkisi<\/p>\n<p>Aky\u00fcz, do\u011fa g\u00f6zlemlerini de resimlerine ta\u015f\u0131yor. Boz ay\u0131n\u0131n derede alabal\u0131k avlad\u0131\u011f\u0131 sahneyi betimledi\u011fi tablosu, b\u00f6lgenin yaban hayat\u0131na dair en \u00f6zg\u00fcn eserlerinden biri olarak \u00f6ne \u00e7\u0131k\u0131yor. Y\u00f6rede y\u0131llard\u0131r anlat\u0131lan bu do\u011fal d\u00f6ng\u00fcy\u00fc tuvale ta\u015f\u0131yan gen\u00e7 sanat\u00e7\u0131, do\u011fa ve hayvan ili\u015fkisine dair g\u00fc\u00e7l\u00fc bir anlat\u0131m sergiliyor.<\/p>\n<p>Komlar, mezralar ve ah\u015fap mimari tablolar\u0131nda k\u00fclt\u00fcrel bir ar\u015five d\u00f6n\u00fc\u015f\u00fcyor<\/p>\n<figure><\/figure>\n<p>Aky\u00fcz\u2019\u00fcn eserlerinde Uzung\u00f6l\u2019\u00fcn ah\u015fap komlar\u0131, ta\u015f duvarlar\u0131, \u00e7i\u00e7eklerle \u00e7evrili mezra yollar\u0131 ve sisle b\u00fct\u00fcnle\u015fen yaylalar ayr\u0131 bir yer tutuyor. Bu yap\u0131lar yaln\u0131zca bir fon de\u011fil; sanat\u00e7\u0131n\u0131n yorumuyla Karadeniz\u2019in k\u00fclt\u00fcrel miras\u0131n\u0131n ya\u015fayan temsili h\u00e2line geliyor.<\/p>\n<p>Detaylarda sakl\u0131 bir d\u00fcnya<\/p>\n<p>Eserlerdeki detaylar da dikkat \u00e7ekiyor:<br \/>\u2022 a\u011fa\u00e7 kovu\u011funda uyuyan kediler,<br \/>\u2022 dere kenar\u0131nda a\u00e7an yabani \u00e7i\u00e7ekler,<br \/>\u2022 eski yayla evlerinin pencerelerine yans\u0131yan \u0131\u015f\u0131klar\u2026<br \/>Her bir ayr\u0131nt\u0131, Aky\u00fcz\u2019\u00fcn g\u00fc\u00e7l\u00fc g\u00f6zlem yetene\u011fini ve do\u011fayla kurdu\u011fu ba\u011f\u0131 ortaya koyuyor.<\/p>\n<p>\u0130stanbul\u2019da ilk b\u00fcy\u00fck sergi<\/p>\n<p>Havva Aky\u00fcz, \u00f6n\u00fcm\u00fczdeki aylarda \u0130stanbul Avrupa Yakas\u0131 Uzung\u00f6ller Derne\u011fi lokalinin yenilenen salonunda ilk kapsaml\u0131 sergisini a\u00e7maya haz\u0131rlan\u0131yor. Sergide yayla ya\u015fam\u0131ndan do\u011fa kompozisyonlar\u0131na, \u00e7ocuk portrelerinden yaban hayat\u0131na kadar bir\u00e7ok eser sanatseverlerin be\u011fenisine sunulacak.<\/p>\n<p>Karadeniz\u2019in yeni nesil sanat y\u00fcz\u00fc<\/p>\n<p>Sanat \u00e7evreleri, gen\u00e7 ya\u015f\u0131na ra\u011fmen bu denli g\u00fc\u00e7l\u00fc bir \u00fcslup yakalayan Aky\u00fcz\u2019\u00fcn ilerleyen y\u0131llarda hem Trabzon hem de ulusal \u00f6l\u00e7ekte dikkat \u00e7eken bir isim olaca\u011f\u0131 g\u00f6r\u00fc\u015f\u00fcnde.<br \/>\u00c7aykara ve Uzung\u00f6l k\u00fclt\u00fcr\u00fcn\u00fc resimlerinde ya\u015fatan gen\u00e7 sanat\u00e7\u0131, b\u00f6lgenin sanat alan\u0131nda y\u00fckselen yeni de\u011feri olarak g\u00f6steriliyor.<\/p>\n<p>Havva Aky\u00fcz, Uzung\u00f6l\u2019\u00fcn haf\u0131zas\u0131n\u0131, do\u011fas\u0131n\u0131 ve k\u00fclt\u00fcr\u00fcn\u00fc tuvale i\u015fleyen gen\u00e7 bir sanat\u00e7\u0131 olarak T\u00fcrkiye\u2019nin sanat g\u00fcndemine ad\u0131n\u0131 yazd\u0131rmaya haz\u0131rlan\u0131yor.<\/p>\n<p>Kaynak : \u0130HA<\/p>\n<p>          <\/div>\n","protected":false},"excerpt":{"rendered":"<p>\u00fczerine \u00e7ekiyor.\u0130stanbul\u2019daki ilk b\u00fcy\u00fck sergisi i\u00e7in g\u00fcn say\u0131yor.. Trabzon\u2019un \u00c7aykara il\u00e7esine ba\u011fl\u0131 Uzung\u00f6l\u2019de ya\u015fayan gen\u00e7 ressam ve resim \u00f6\u011fretmeni Havva Aky\u00fcz, Karadeniz\u2019in zengin k\u00fclt\u00fcr\u00fcn\u00fc, yayla ya\u015fam\u0131n\u0131, mezra hat\u0131ralar\u0131n\u0131 ve do\u011fal hayat\u0131n en saf h\u00e2llerini tuvale ustal\u0131kla aktaran \u00e7al\u0131\u015fmalar\u0131yla dikkatleri \u00fczerine \u00e7ekiyor. Aky\u00fcz\u2019\u00fcn at\u00f6lyesinde yapt\u0131\u011f\u0131 eserler, yaln\u0131zca birer tablo olman\u0131n \u00f6tesinde, b\u00f6lgenin ya\u015fayan haf\u0131zas\u0131na d\u00f6n\u00fc\u015f\u00fcyor. Yayla [&hellip;]<\/p>\n","protected":false},"author":1,"featured_media":5176,"comment_status":"open","ping_status":"open","sticky":false,"template":"","format":"standard","meta":{"tdm_status":"","tdm_grid_status":"","footnotes":""},"categories":[40],"tags":[],"class_list":{"0":"post-5175","1":"post","2":"type-post","3":"status-publish","4":"format-standard","5":"has-post-thumbnail","7":"category-caykara"},"_links":{"self":[{"href":"https:\/\/zeleka.com\/index.php?rest_route=\/wp\/v2\/posts\/5175","targetHints":{"allow":["GET"]}}],"collection":[{"href":"https:\/\/zeleka.com\/index.php?rest_route=\/wp\/v2\/posts"}],"about":[{"href":"https:\/\/zeleka.com\/index.php?rest_route=\/wp\/v2\/types\/post"}],"author":[{"embeddable":true,"href":"https:\/\/zeleka.com\/index.php?rest_route=\/wp\/v2\/users\/1"}],"replies":[{"embeddable":true,"href":"https:\/\/zeleka.com\/index.php?rest_route=%2Fwp%2Fv2%2Fcomments&post=5175"}],"version-history":[{"count":0,"href":"https:\/\/zeleka.com\/index.php?rest_route=\/wp\/v2\/posts\/5175\/revisions"}],"wp:featuredmedia":[{"embeddable":true,"href":"https:\/\/zeleka.com\/index.php?rest_route=\/wp\/v2\/media\/5176"}],"wp:attachment":[{"href":"https:\/\/zeleka.com\/index.php?rest_route=%2Fwp%2Fv2%2Fmedia&parent=5175"}],"wp:term":[{"taxonomy":"category","embeddable":true,"href":"https:\/\/zeleka.com\/index.php?rest_route=%2Fwp%2Fv2%2Fcategories&post=5175"},{"taxonomy":"post_tag","embeddable":true,"href":"https:\/\/zeleka.com\/index.php?rest_route=%2Fwp%2Fv2%2Ftags&post=5175"}],"curies":[{"name":"wp","href":"https:\/\/api.w.org\/{rel}","templated":true}]}}