{"id":5167,"date":"2025-11-17T01:29:34","date_gmt":"2025-11-16T22:29:34","guid":{"rendered":"https:\/\/zeleka.com\/?p=5167"},"modified":"2025-11-17T01:29:34","modified_gmt":"2025-11-16T22:29:34","slug":"uzungol-mahallesinden-ramazan-karaca-ile-elif-turhan-trabzonda-gerceklestirilen-muhtesem-bir-dugun-toreni-ile-bir-omur-boyu-mutluluga-evet-dediler-genc-ciftl","status":"publish","type":"post","link":"https:\/\/zeleka.com\/?p=5167","title":{"rendered":"<div id=\"detaymetin\">                            <p>Uzung\u00f6l Mahallesinden Ramazan Karaca ile Elif Turhan Trabzon\u2019da ger\u00e7ekle\u015ftirilen muhte\u015fem bir d\u00fc\u011f\u00fcn t\u00f6reni ile bir \u00f6m\u00fcr boyu mutlulu\u011fa evet dediler.\u00a0<\/p><p>Gen\u00e7 \u00e7iftlerin Nikah T\u00f6renleri 15 Kas\u0131m 2025 Cu"},"content":{"rendered":"<div id=\"detaymetin\">\n<p>Uzung\u00f6l Mahallesinden Ramazan Karaca ile Elif Turhan Trabzon\u2019da ger\u00e7ekle\u015ftirilen muhte\u015fem bir d\u00fc\u011f\u00fcn t\u00f6reni ile bir \u00f6m\u00fcr boyu mutlulu\u011fa evet dediler.\u00a0<\/p>\n<p>Gen\u00e7 \u00e7iftlerin Nikah T\u00f6renleri 15 Kas\u0131m 2025 Cumartesi g\u00fcn\u00fc Trabzon Hamamizade \u0130hsan Bey K\u00fclt\u00fcr Merkezinde ger\u00e7ekle\u015ftirildi.<\/p>\n<figure><img decoding=\"async\" src=\"https:\/\/caykaragundem.com\/resimler\/2025-11\/16\/634461404589985.webp\"><\/figure>\n<p>Gen\u00e7 \u00e7iftlerin Resmi Nikahlar\u0131 Salonda k\u0131y\u0131l\u0131rken Nikah \u015fahitlikleri Zeki Ayg\u00fcn ve taraf\u0131ndan ger\u00e7ekle\u015ftirildi.<\/p>\n<p>Gen\u00e7 \u00e7iftlerin d\u00fc\u011f\u00fcn t\u00f6renleri \u00e7ok yo\u011fun bir kat\u0131l\u0131m ile ger\u00e7ekle\u015ftirilirken Trabzon Merkez ve Uzung\u00f6l\u2019\u00fcn yan\u0131 s\u0131ra gelin taraf\u0131ndan \u0130stanbul\u2019dan gelen misafirlerin de d\u00fc\u011f\u00fcn t\u00f6renine yo\u011fun bir kat\u0131l\u0131m g\u00f6sterdikleri dikkatlerden ka\u00e7mad\u0131.<\/p>\n<figure><img decoding=\"async\" src=\"https:\/\/caykaragundem.com\/resimler\/2025-11\/16\/37748984356307.webp\"><\/figure>\n<p>Damad\u0131n babas\u0131 Sabit Karaca ile Gelinin Babas\u0131 Sabri Turhan\u2019\u0131n tatl\u0131 heyecanlar\u0131 y\u00fczlerinden okunurken d\u00fc\u011f\u00fcn t\u00f6reni \u00f6ncesinde misafirleri kap\u0131da kar\u015f\u0131lamlar\u0131,d\u00fc\u011f\u00fcn t\u00f6reninin sonunda yine kap\u0131da u\u011furlamalar\u0131 ve d\u00fc\u011f\u00fcn t\u00f6reni boyunca misafirler ile yak\u0131ndan ilgilenmeleri d\u00fc\u011f\u00fcn t\u00f6renine kat\u0131l\u0131m sa\u011flayan misafirler taraf\u0131ndan takdir ile kar\u015f\u0131land\u0131.<\/p>\n<p>Uzung\u00f6l Merkez Camii \u0130mam Hatibi Mehmet Sezgin taraf\u0131ndan sohbet ve dua merasimi\u00a0 ger\u00e7ekle\u015ftirildi.<\/p>\n<figure><img decoding=\"async\" src=\"https:\/\/caykaragundem.com\/resimler\/2025-11\/16\/69887400190605.webp\"><\/figure>\n<p>Gen\u00e7 \u00e7iftlerin Tak\u0131 T\u00f6renlerinde t\u00f6rene kat\u0131l\u0131m sa\u011flayan misafirler uzun kuyruklar olu\u015fturarak gen\u00e7 \u00e7iftlerin\u00a0 mutluluklar\u0131na ortak oldular.<\/p>\n<p>Gen\u00e7 \u00e7iftlerin d\u00fc\u011f\u00fcn t\u00f6renleri aile foto\u011fraflar\u0131n\u0131n \u00e7ekilmesi ile sona erdi.<\/p>\n<figure><img decoding=\"async\" src=\"https:\/\/caykaragundem.com\/resimler\/2025-11\/16\/52871494933670.webp\"><\/figure>\n<p>\u00c7aykara G\u00fcndem Gazetesi olarak evlilik karar\u0131 ile \u00f6m\u00fcrlerinin en g\u00fczel,en mutlu ve en anlam\u0131 kararlar\u0131n\u0131 veren Elif &#038; Ramazan Karaca \u00e7iftini bu anlaml\u0131 ve g\u00fczel kararlar\u0131ndan dolay\u0131 tebrik ediyor,gen\u00e7 \u00e7iftlerimize sa\u011fl\u0131k,mutluluk ve ba\u015far\u0131 dolu uzun bir ya\u015fam diliyoruz.<\/p>\n<figure><img decoding=\"async\" src=\"https:\/\/caykaragundem.com\/resimler\/2025-11\/16\/424801060647463.webp\"><\/figure>\n<p>          <\/div>\n","protected":false},"excerpt":{"rendered":"<p>Uzung\u00f6l Mahallesinden Ramazan Karaca ile Elif Turhan Trabzon\u2019da ger\u00e7ekle\u015ftirilen muhte\u015fem bir d\u00fc\u011f\u00fcn t\u00f6reni ile bir \u00f6m\u00fcr boyu mutlulu\u011fa evet dediler.\u00a0 Gen\u00e7 \u00e7iftlerin Nikah T\u00f6renleri 15 Kas\u0131m 2025 Cumartesi g\u00fcn\u00fc Trabzon Hamamizade \u0130hsan Bey K\u00fclt\u00fcr Merkezinde ger\u00e7ekle\u015ftirildi. Gen\u00e7 \u00e7iftlerin Resmi Nikahlar\u0131 Salonda k\u0131y\u0131l\u0131rken Nikah \u015fahitlikleri Zeki Ayg\u00fcn ve taraf\u0131ndan ger\u00e7ekle\u015ftirildi. Gen\u00e7 \u00e7iftlerin d\u00fc\u011f\u00fcn t\u00f6renleri \u00e7ok yo\u011fun [&hellip;]<\/p>\n","protected":false},"author":1,"featured_media":5168,"comment_status":"open","ping_status":"open","sticky":false,"template":"","format":"standard","meta":{"tdm_status":"","tdm_grid_status":"","footnotes":""},"categories":[40],"tags":[],"class_list":{"0":"post-5167","1":"post","2":"type-post","3":"status-publish","4":"format-standard","5":"has-post-thumbnail","7":"category-caykara"},"_links":{"self":[{"href":"https:\/\/zeleka.com\/index.php?rest_route=\/wp\/v2\/posts\/5167","targetHints":{"allow":["GET"]}}],"collection":[{"href":"https:\/\/zeleka.com\/index.php?rest_route=\/wp\/v2\/posts"}],"about":[{"href":"https:\/\/zeleka.com\/index.php?rest_route=\/wp\/v2\/types\/post"}],"author":[{"embeddable":true,"href":"https:\/\/zeleka.com\/index.php?rest_route=\/wp\/v2\/users\/1"}],"replies":[{"embeddable":true,"href":"https:\/\/zeleka.com\/index.php?rest_route=%2Fwp%2Fv2%2Fcomments&post=5167"}],"version-history":[{"count":0,"href":"https:\/\/zeleka.com\/index.php?rest_route=\/wp\/v2\/posts\/5167\/revisions"}],"wp:featuredmedia":[{"embeddable":true,"href":"https:\/\/zeleka.com\/index.php?rest_route=\/wp\/v2\/media\/5168"}],"wp:attachment":[{"href":"https:\/\/zeleka.com\/index.php?rest_route=%2Fwp%2Fv2%2Fmedia&parent=5167"}],"wp:term":[{"taxonomy":"category","embeddable":true,"href":"https:\/\/zeleka.com\/index.php?rest_route=%2Fwp%2Fv2%2Fcategories&post=5167"},{"taxonomy":"post_tag","embeddable":true,"href":"https:\/\/zeleka.com\/index.php?rest_route=%2Fwp%2Fv2%2Ftags&post=5167"}],"curies":[{"name":"wp","href":"https:\/\/api.w.org\/{rel}","templated":true}]}}