{"id":5165,"date":"2025-11-16T01:29:25","date_gmt":"2025-11-15T22:29:25","guid":{"rendered":"https:\/\/zeleka.com\/?p=5165"},"modified":"2025-11-16T01:29:25","modified_gmt":"2025-11-15T22:29:25","slug":"trabzonun-caykara-ilcesinde-soner-sevinc-adindaki-vatandas-kendi-imkanlari-ile-besledigi-hayvanlar-ile-kucuk-ve-buyukbas-hayvanciligi-yasatiyor-34-yasinda-olan-ve","status":"publish","type":"post","link":"https:\/\/zeleka.com\/?p=5165","title":{"rendered":"<div id=\"detaymetin\">                            <p>Trabzon\u2019un \u00c7aykara \u0130l\u00e7esinde Soner sevin\u00e7 ad\u0131ndaki vatanda\u015f kendi imkanlar\u0131 ile besledi\u011fi hayvanlar ile k\u00fc\u00e7\u00fck ve b\u00fcy\u00fckba\u015f hayvanc\u0131l\u0131\u011f\u0131 ya\u015fat\u0131yor.<\/p><p>34 Ya\u015f\u0131nda olan ve \u0130l\u00e7enin Kara\u00e7am Mahallesi do\u011fuml"},"content":{"rendered":"<div id=\"detaymetin\">\n<p>Trabzon\u2019un \u00c7aykara \u0130l\u00e7esinde Soner sevin\u00e7 ad\u0131ndaki vatanda\u015f kendi imkanlar\u0131 ile besledi\u011fi hayvanlar ile k\u00fc\u00e7\u00fck ve b\u00fcy\u00fckba\u015f hayvanc\u0131l\u0131\u011f\u0131 ya\u015fat\u0131yor.<\/p>\n<p>34 Ya\u015f\u0131nda olan ve \u0130l\u00e7enin Kara\u00e7am Mahallesi do\u011fumlu olan Soner Sevin\u00e7 \u00c7aykara Kara\u00e7am ve K\u00f6knar Mahalleleri taraf\u0131ndan ortak olarak kullan\u0131lan \u015eeyhi Yaylas\u0131nda hayvanc\u0131l\u0131k k\u00fclt\u00fcr\u00fcn\u00fc ya\u015fat\u0131yor.<\/p>\n<figure><img decoding=\"async\" src=\"https:\/\/caykaragundem.com\/resimler\/2025-11\/15\/2393432804018.webp\"><\/figure>\n<p>40 B\u00fcy\u00fckba\u015f ve 50 K\u00fc\u00e7\u00fckba\u015f hayvan besleyen Soner Sevin\u00e7 karde\u015fleri ile birlikte y\u0131l\u0131n on iki ay\u0131n\u0131 hayvanlar\u0131 ile birlikte ge\u00e7iriyor.<\/p>\n<p>Hayvanlar\u0131 ile aras\u0131nda m\u00fckemmel bir g\u00f6n\u00fcl ba\u011f\u0131 kurmay\u0131 ba\u015faran Soner Sevin\u00e7 bo\u015f zamanlar\u0131n\u0131 hayvanlar\u0131n\u0131n bak\u0131m\u0131 ile ge\u00e7iriyor.<\/p>\n<p>Aileden hayvanc\u0131l\u0131k yapmaya ba\u015flad\u0131klar\u0131n\u0131 ifade eden Soner Sevin\u00e7 Kara\u00e7am Mahallesinde k\u0131\u015f \u015fartlar\u0131n\u0131n \u00e7ok zor ge\u00e7ti\u011fini bu y\u00fczden de Bayburt\u2019ta 20 d\u00f6n\u00fcml\u00fck bir arazi sat\u0131n ald\u0131klar\u0131n\u0131 burada hayvanlar i\u00e7in fiziki mekan haz\u0131rlad\u0131klar\u0131n\u0131 ve k\u0131\u015f mevsiminde Bayburt\u2019a gittiklerini s\u00f6zlerine ekledi.<\/p>\n<p>Y\u0131l\u0131n 6 ay\u0131 Bayburt\u2019ta alt\u0131 ay\u0131n\u0131 ise \u015eeyhi Yaylas\u0131nda ge\u00e7irdiklerini an\u0131msatan Soner Sevin\u00e7 \u015eeyhi Yaylas\u0131n\u0131n fiziki yap\u0131 olarak \u00e7ok \u00e7etin ve engebeli bir yayla oldu\u011funu,hayvanlar\u0131n yuvarlanma riski ve yabani hayvan sald\u0131r\u0131lar\u0131 kar\u015f\u0131s\u0131nda hayvanlar ile s\u00fcrekli birlikte olma zorunlulu\u011fu bulundu\u011funu s\u00f6yledi.<\/p>\n<figure><img decoding=\"async\" src=\"https:\/\/caykaragundem.com\/resimler\/2025-11\/15\/478601017137577.webp\"><\/figure>\n<p>\u015eeyhi Yaylas\u0131nda yakla\u015f\u0131k 60 hane bulundu\u011funu ifade eden Soner Sevin\u00e7 yaz boyunca sadece kendisinin yaylada s\u00fcrekli bulundu\u011funu di\u011fer yaylalar\u0131n nerede ise \u0131ss\u0131z oldu\u011funu ifade etti.<\/p>\n<p>Hayvanc\u0131l\u0131\u011f\u0131n en g\u00fczel mevsiminin ilkbahar,en zor mevsiminin ise sonbahar oldu\u011funu ifade eden Soner Sevin\u00e7 sonbahar mevsiminde i\u015f y\u00fck\u00fcn\u00fcn \u00e7ok azald\u0131\u011f\u0131n\u0131 ancak yaylalar\u0131n garip ve \u0131ss\u0131z hallerinin kendisini \u00e7ok \u00fczd\u00fc\u011f\u00fcn\u00fc s\u00f6zlerine ekledi.<\/p>\n<p>Hayvan \u00fcr\u00fcnlerini kendisinin de\u011ferlendirildi\u011fini ifade eden Son er Sevin\u00e7 hayvanlardan elde ettikleri \u00fcr\u00fcnleri kendi imkanlar\u0131 ile i\u015fleyerek hayvansal \u00fcr\u00fcnlere d\u00f6n\u00fc\u015ft\u00fcrd\u00fcklerini ihtiya\u00e7 sahiplerinin de \u015eeyhi Yaylas\u0131nda kendisine ula\u015farak hayvansal \u00fcr\u00fcnleri temin ettiklerini s\u00f6zlerine ekledi.<\/p>\n<figure><img decoding=\"async\" src=\"https:\/\/caykaragundem.com\/resimler\/2025-11\/15\/71452038824619.webp\"><\/figure>\n<p>Gen\u00e7lere tavsiyelerde bulunan Soner Sevin\u00e7 gen\u00e7lerin korkmamalar\u0131 gerekti\u011fini cesaretli olmalar\u0131 gerekti\u011fini \u00e7ok b\u00fcy\u00fck yat\u0131r\u0131mlar ile de\u011fil \u00f6nce 2-3 hayvan ile ba\u015flayarak zaman i\u00e7inde bu say\u0131y\u0131 b\u00fcy\u00fctebileceklerini bu \u015fekilde hayvanc\u0131l\u0131k alan\u0131nda ad\u0131m ad\u0131m b\u00fcy\u00fcyebileceklerini ifade etti.<\/p>\n<p>Hayvanlar\u0131n bak\u0131m\u0131 i\u00e7in Bayburt\u2019tan ot ve saman da sat\u0131n ald\u0131\u011f\u0131n\u0131 ifade eden Soner Sevin\u00e7 ancak otlar\u0131n b\u00fcy\u00fck bir b\u00f6l\u00fcm\u00fcn\u00fc \u015eeyhi Yaylas\u0131 ve \u00e7evrfede bulunan yaylalardan temin etti\u011fini yaz boyu \u00e7evredeki t\u00fcm \u00e7ay\u0131r ve otlaklar\u0131 kendisinin kesti\u011fini bu \u015fekilde k\u0131\u015fa haz\u0131rl\u0131k yaparak hayvanlar\u0131n ot ihtiya\u00e7lar\u0131n\u0131 kar\u015f\u0131lad\u0131klar\u0131n\u0131 ifade etti.<\/p>\n<figure><img decoding=\"async\" src=\"https:\/\/caykaragundem.com\/resimler\/2025-11\/15\/346351346365917.webp\"><\/figure>\n<p>Son Yaylac\u0131 \u00fcnvan\u0131 ile Sosyal medyada ger\u00e7ekle\u015ftirmi\u015f oldu\u011fu payla\u015f\u0131mlar ile herkes taraf\u0131ndan tan\u0131nan bir insan oldu\u011funu,bu durumun kendisini \u00e7ok fazla mutlu etti\u011fini ifade eden Soner Sevin\u00e7,hedefinin \u00c7aykara \u0130l\u00e7esinde hayvanc\u0131l\u0131k k\u00fclt\u00fcr\u00fcn\u00fcn yeniden canlanmas\u0131n\u0131 sa\u011flamak oldu\u011funu ayr\u0131ca gen\u00e7lere \u00f6rnek olarak gen\u00e7lerin bu i\u015fi yapabileceklerini g\u00f6stermek oldu\u011funu s\u00f6zlerine ekledi.<\/p>\n<p>Yaylalar\u0131n eskiden hayvanc\u0131l\u0131k amac\u0131 ile kullan\u0131ld\u0131\u011f\u0131n\u0131 her yaylada en az 6-7hayvan bulundu\u011funu an\u0131msatan Soner Sevin\u00e7 g\u00fcn\u00fcm\u00fczde ise t\u00fcm yhaylalar\u0131n bombo\u015f oldu\u011funu kimsenin hayvanc\u0131l\u0131k ile u\u011fra\u015fm ad\u0131\u011f\u0131n\u0131 hatta yaylaya tatil i\u00e7in gelen vatanda\u015flar\u0131n hayvanlardan rahats\u0131z olduklar\u0131n\u0131 bu durumun kendisini \u00e7ok \u00fczd\u00fc\u011f\u00fcn\u00fc s\u00f6zlerine ekledi.<\/p>\n<p>Sosyal medyada hayvanc\u0131l\u0131k ile ilgili ger\u00e7ekle\u015ftirdi\u011fi \u00f6rnek \u00e7al\u0131\u015fmalar\u0131ndan dolay\u0131 Soner Sevin\u00e7 \u015eeyhi Yaylas\u0131nda yo\u011fun bir ziyaret\u00e7i ak\u0131n\u0131na u\u011fruyor.Her g\u00fcn g\u00fcn boyunca bir \u00e7ok ziyaret\u00e7i \u015eeyhi Yaylas\u0131nda hem hayvanc\u0131l\u0131k \u00e7al\u0131\u015fmalar\u0131n\u0131 yerinde g\u00f6r\u00fcyor hem de sat\u0131n ald\u0131\u011f\u0131 hayvansal \u00fcr\u00fcnleri yerinde ve g\u00f6rerek sat\u0131n al\u0131yor.<\/p>\n<p>\u00c7aykara Kaymakam\u0131 Ali Sapmaz,\u00c7aykara \u0130l\u00e7e Jandarma Komutan\u0131 Emre Can Narin,\u00c7aykara \u0130l\u00e7e Emniyet Amiri Alparslan Albayrak ve Kara\u00e7am Muhtar\u0131 Alaaddin \u015eeker ile birlikte 12 Kas\u0131m 2025 \u00c7ar\u015famba G\u00fcn\u00fc \u015eeyhi Yaylas\u0131nda Soner Sevin\u00e7\u2019i ziyaret ederek Plaket Takdimi ger\u00e7ekle\u015ftirdi ve Hayvanc\u0131l\u0131\u011fa olan katk\u0131s\u0131 ve sosyal medyada ger\u00e7ekle\u015ftirmi\u015f oldu\u011fu hayvanc\u0131l\u0131\u011fa \u00f6zendirici \u00f6rnek \u00e7al\u0131\u015fmalar\u0131ndan dolay\u0131 \u00c7aykara \u0130l\u00e7esi ad\u0131na te\u015fekk\u00fcr etti.<\/p>\n<p>          <\/div>\n","protected":false},"excerpt":{"rendered":"<p>Trabzon\u2019un \u00c7aykara \u0130l\u00e7esinde Soner sevin\u00e7 ad\u0131ndaki vatanda\u015f kendi imkanlar\u0131 ile besledi\u011fi hayvanlar ile k\u00fc\u00e7\u00fck ve b\u00fcy\u00fckba\u015f hayvanc\u0131l\u0131\u011f\u0131 ya\u015fat\u0131yor. 34 Ya\u015f\u0131nda olan ve \u0130l\u00e7enin Kara\u00e7am Mahallesi do\u011fumlu olan Soner Sevin\u00e7 \u00c7aykara Kara\u00e7am ve K\u00f6knar Mahalleleri taraf\u0131ndan ortak olarak kullan\u0131lan \u015eeyhi Yaylas\u0131nda hayvanc\u0131l\u0131k k\u00fclt\u00fcr\u00fcn\u00fc ya\u015fat\u0131yor. 40 B\u00fcy\u00fckba\u015f ve 50 K\u00fc\u00e7\u00fckba\u015f hayvan besleyen Soner Sevin\u00e7 karde\u015fleri ile birlikte [&hellip;]<\/p>\n","protected":false},"author":1,"featured_media":5166,"comment_status":"open","ping_status":"open","sticky":false,"template":"","format":"standard","meta":{"tdm_status":"","tdm_grid_status":"","footnotes":""},"categories":[40],"tags":[],"class_list":{"0":"post-5165","1":"post","2":"type-post","3":"status-publish","4":"format-standard","5":"has-post-thumbnail","7":"category-caykara"},"_links":{"self":[{"href":"https:\/\/zeleka.com\/index.php?rest_route=\/wp\/v2\/posts\/5165","targetHints":{"allow":["GET"]}}],"collection":[{"href":"https:\/\/zeleka.com\/index.php?rest_route=\/wp\/v2\/posts"}],"about":[{"href":"https:\/\/zeleka.com\/index.php?rest_route=\/wp\/v2\/types\/post"}],"author":[{"embeddable":true,"href":"https:\/\/zeleka.com\/index.php?rest_route=\/wp\/v2\/users\/1"}],"replies":[{"embeddable":true,"href":"https:\/\/zeleka.com\/index.php?rest_route=%2Fwp%2Fv2%2Fcomments&post=5165"}],"version-history":[{"count":0,"href":"https:\/\/zeleka.com\/index.php?rest_route=\/wp\/v2\/posts\/5165\/revisions"}],"wp:featuredmedia":[{"embeddable":true,"href":"https:\/\/zeleka.com\/index.php?rest_route=\/wp\/v2\/media\/5166"}],"wp:attachment":[{"href":"https:\/\/zeleka.com\/index.php?rest_route=%2Fwp%2Fv2%2Fmedia&parent=5165"}],"wp:term":[{"taxonomy":"category","embeddable":true,"href":"https:\/\/zeleka.com\/index.php?rest_route=%2Fwp%2Fv2%2Fcategories&post=5165"},{"taxonomy":"post_tag","embeddable":true,"href":"https:\/\/zeleka.com\/index.php?rest_route=%2Fwp%2Fv2%2Ftags&post=5165"}],"curies":[{"name":"wp","href":"https:\/\/api.w.org\/{rel}","templated":true}]}}