{"id":5163,"date":"2025-11-16T01:29:26","date_gmt":"2025-11-15T22:29:26","guid":{"rendered":"https:\/\/zeleka.com\/?p=5163"},"modified":"2025-11-16T01:29:26","modified_gmt":"2025-11-15T22:29:26","slug":"uzungol-mahallesinden-ramazan-karaca-ile-elif-turhan-trabzonda-gerceklestirilecek-olan-nikah-torenlerine-tum-gonul-dostlarini-davet-ediyorlar-uzungol","status":"publish","type":"post","link":"https:\/\/zeleka.com\/?p=5163","title":{"rendered":"<div id=\"detaymetin\">                            <p>Uzung\u00f6l Mahallesinden Ramazan Karaca ile Elif Turhan Trabzon\u2019da ger\u00e7ekle\u015ftirilecek olan Nikah T\u00f6renlerine t\u00fcm g\u00f6n\u00fcl dostlar\u0131n\u0131 davet ediyorlar\u00a0<\/p><p>Uzung\u00f6l\u2019\u00fcn sevilen isimlerinden Sabit &#038; Emine Karaca"},"content":{"rendered":"<div id=\"detaymetin\">\n<p>Uzung\u00f6l Mahallesinden Ramazan Karaca ile Elif Turhan Trabzon\u2019da ger\u00e7ekle\u015ftirilecek olan Nikah T\u00f6renlerine t\u00fcm g\u00f6n\u00fcl dostlar\u0131n\u0131 davet ediyorlar\u00a0<\/p>\n<p>Uzung\u00f6l\u2019\u00fcn sevilen isimlerinden Sabit &#038; Emine Karaca \u00e7iftinin yak\u0131\u015f\u0131kl\u0131 o\u011fullar\u0131,Uzung\u00f6l\u2019\u00fcn sevilen \u0130lim Adamlar\u0131ndan Hanefi \u015eahin Hocam\u0131z\u0131n ye\u011feni, Uzung\u00f6l\u2019\u00fcn Gen\u00e7 ve \u00e7ok sevilen \u00a0Turizm Rehberlerinden Ramazan Karaca ile \u0130stanbul\u2019dan Sabri &#038;Hatice Turhan \u00e7iftinin D\u00fcnyalar g\u00fczeli k\u0131zlar\u0131 Elif G\u00f6n\u00fcl Dostlar\u0131na \u015fu \u015fekilde sesleniyorlar.<\/p>\n<p>Bir \u00d6m\u00fcr boyu birlikteli\u011fe imza ataca\u011f\u0131m\u0131z \u00f6mr\u00fcm\u00fcz\u00fcn en g\u00fczel g\u00fcn\u00fcnde siz G\u00f6n\u00fcl Dostlar\u0131m\u0131z\u0131n yan\u0131m\u0131zda olduklar\u0131n\u0131 g\u00f6rmek mutlulu\u011fumuzu ikiye katlayacakt\u0131r.<\/p>\n<p>Damad\u0131n babas\u0131 Sabit Karaca gazetemize yapt\u0131\u011f\u0131 a\u00e7\u0131klamada \u015fu ifadelere yer verdi.<\/p>\n<p>Turhan ve Karaca aileleri olarak aylard\u0131r tatl\u0131 bir tela\u015f ve ko\u015fu\u015fturma s\u00fcreci i\u00e7erisindeyiz. Her iki aile olarak bu tatl\u0131 tela\u015f ve ko\u015fu\u015fturma s\u00fcreci i\u00e7inde imkanlar\u0131m\u0131z \u00f6l\u00e7\u00fcs\u00fcnde t\u00fcm g\u00f6n\u00fcl dostlar\u0131m\u0131za ula\u015farak mutlulu\u011fumuzu payla\u015fmalar\u0131n\u0131 sa\u011flamaya \u00e7al\u0131\u015ft\u0131k.<\/p>\n<p>Ancak sizler de takdir edersiniz ki bu yo\u011funluk i\u00e7inde g\u00f6zden ka\u00e7m\u0131\u015f olan g\u00f6n\u00fcl dostlar\u0131m\u0131z olabilir.<\/p>\n<p>Bu vesile ile \u00c7aykara G\u00fcndem Gazetemizde yay\u0131nlanan bu d\u00fc\u011f\u00fcn haberimizin g\u00f6n\u00fcl dostlar\u0131m\u0131z olarak bir d\u00fc\u011f\u00fcn davetiyesi olarak kabul edilmesini ve bu haberi okuyan t\u00fcm g\u00f6n\u00fcl dostlar\u0131m\u0131z\u0131n 15 Kas\u0131m 2025 Cumartesi G\u00fcn\u00fc saat 15.00\u2019da Trabzon Hamamizade \u0130hsan Bey K\u00fclt\u00fcr Merkezinde ger\u00e7ekle\u015fecek olan Resmi Nikah T\u00f6renimizde davetli olduklar\u0131n\u0131 her iki aile olarak ifade etmek istiyoruz.<\/p>\n<p>Gen\u00e7 \u00e7iftlerin K\u0131na merasimleri 12 Kas\u0131m 2025 tarihinde \u0130stanbulEsenler\u2019de Ezgi D\u00fc\u011f\u00fcn Salonunda ger\u00e7ekle\u015ftirildi.<\/p>\n<p>N\u0130KAH<\/p>\n<p>TAR\u0130H:15 Kas\u0131m 2025-Cumartesi<\/p>\n<p>SAAT:15.00<\/p>\n<p>YER:Hamamizade \u0130hsan Bey K\u00fclt\u00fcr Merkezi<\/p>\n<p>\u0130skenderpa\u015fa Mahallesi S\u00fcmer Sokak No:6 Merkez-TRABZON<\/p>\n<p>\u0130LET\u0130\u015e\u0130M:05539085998<\/p>\n<p>          <\/div>\n","protected":false},"excerpt":{"rendered":"<p>Uzung\u00f6l Mahallesinden Ramazan Karaca ile Elif Turhan Trabzon\u2019da ger\u00e7ekle\u015ftirilecek olan Nikah T\u00f6renlerine t\u00fcm g\u00f6n\u00fcl dostlar\u0131n\u0131 davet ediyorlar\u00a0 Uzung\u00f6l\u2019\u00fcn sevilen isimlerinden Sabit &#038; Emine Karaca \u00e7iftinin yak\u0131\u015f\u0131kl\u0131 o\u011fullar\u0131,Uzung\u00f6l\u2019\u00fcn sevilen \u0130lim Adamlar\u0131ndan Hanefi \u015eahin Hocam\u0131z\u0131n ye\u011feni, Uzung\u00f6l\u2019\u00fcn Gen\u00e7 ve \u00e7ok sevilen \u00a0Turizm Rehberlerinden Ramazan Karaca ile \u0130stanbul\u2019dan Sabri &#038;Hatice Turhan \u00e7iftinin D\u00fcnyalar g\u00fczeli k\u0131zlar\u0131 Elif G\u00f6n\u00fcl Dostlar\u0131na [&hellip;]<\/p>\n","protected":false},"author":1,"featured_media":5164,"comment_status":"open","ping_status":"open","sticky":false,"template":"","format":"standard","meta":{"tdm_status":"","tdm_grid_status":"","footnotes":""},"categories":[40],"tags":[],"class_list":{"0":"post-5163","1":"post","2":"type-post","3":"status-publish","4":"format-standard","5":"has-post-thumbnail","7":"category-caykara"},"_links":{"self":[{"href":"https:\/\/zeleka.com\/index.php?rest_route=\/wp\/v2\/posts\/5163","targetHints":{"allow":["GET"]}}],"collection":[{"href":"https:\/\/zeleka.com\/index.php?rest_route=\/wp\/v2\/posts"}],"about":[{"href":"https:\/\/zeleka.com\/index.php?rest_route=\/wp\/v2\/types\/post"}],"author":[{"embeddable":true,"href":"https:\/\/zeleka.com\/index.php?rest_route=\/wp\/v2\/users\/1"}],"replies":[{"embeddable":true,"href":"https:\/\/zeleka.com\/index.php?rest_route=%2Fwp%2Fv2%2Fcomments&post=5163"}],"version-history":[{"count":0,"href":"https:\/\/zeleka.com\/index.php?rest_route=\/wp\/v2\/posts\/5163\/revisions"}],"wp:featuredmedia":[{"embeddable":true,"href":"https:\/\/zeleka.com\/index.php?rest_route=\/wp\/v2\/media\/5164"}],"wp:attachment":[{"href":"https:\/\/zeleka.com\/index.php?rest_route=%2Fwp%2Fv2%2Fmedia&parent=5163"}],"wp:term":[{"taxonomy":"category","embeddable":true,"href":"https:\/\/zeleka.com\/index.php?rest_route=%2Fwp%2Fv2%2Fcategories&post=5163"},{"taxonomy":"post_tag","embeddable":true,"href":"https:\/\/zeleka.com\/index.php?rest_route=%2Fwp%2Fv2%2Ftags&post=5163"}],"curies":[{"name":"wp","href":"https:\/\/api.w.org\/{rel}","templated":true}]}}