{"id":5161,"date":"2025-11-16T01:29:27","date_gmt":"2025-11-15T22:29:27","guid":{"rendered":"https:\/\/zeleka.com\/?p=5161"},"modified":"2025-11-16T01:29:27","modified_gmt":"2025-11-15T22:29:27","slug":"caykarali-sanatci-muhammet-ali-yilmazin-annesi-fatma-yilmaz-tedavi-gordugu-hastanede-hayatini-kaybetti-cesitli-hastaliklari-bulunan-ve-hastanede-tedavi-go","status":"publish","type":"post","link":"https:\/\/zeleka.com\/?p=5161","title":{"rendered":"<div id=\"detaymetin\">                            <p>\u00c7aykara\u2019l\u0131 Sanat\u00e7\u0131 Muhammet Ali Y\u0131lmaz\u2019\u0131n annesi Fatma Y\u0131lmaz tedavi g\u00f6rd\u00fc\u011f\u00fc hastanede hayat\u0131n\u0131 kaybetti.<\/p><p>\u00c7e\u015fitli hastal\u0131klar\u0131 bulunan ve hastanede tedavi g\u00f6ren Fatma Y\u0131lmaz tedavi g\u00f6rd\u00fc\u011f\u00fc hastaned"},"content":{"rendered":"<div id=\"detaymetin\">\n<p>\u00c7aykara\u2019l\u0131 Sanat\u00e7\u0131 Muhammet Ali Y\u0131lmaz\u2019\u0131n annesi Fatma Y\u0131lmaz tedavi g\u00f6rd\u00fc\u011f\u00fc hastanede hayat\u0131n\u0131 kaybetti.<\/p>\n<p>\u00c7e\u015fitli hastal\u0131klar\u0131 bulunan ve hastanede tedavi g\u00f6ren Fatma Y\u0131lmaz tedavi g\u00f6rd\u00fc\u011f\u00fc hastanede ya\u015fam sava\u015f\u0131n\u0131 kaybetti.<\/p>\n<figure><img decoding=\"async\" src=\"https:\/\/caykaragundem.com\/resimler\/2025-11\/15\/121294851799522.webp\"><\/figure>\n<p>\u0130l\u00e7emiz \u015eahinkaya Mahallesinden Merhum Fahri Y\u0131lmaz\u2019\u0131n e\u015fi olan Fatma Y\u0131lmaz Fahrettin ve Muhammet Ali Y\u0131lmaz\u2019\u0131n anneleriydi.<\/p>\n<p>Ulusal M\u00fczik D\u00fcnyas\u0131nda Karadeniz M\u00fczi\u011fini \u00e7ok b\u00fcy\u00fck bir ba\u015far\u0131 ile temsil eden ve Sanat\u00e7\u0131 kimli\u011finin yan\u0131 s\u0131ra \u00f6rnek bir toplum insan\u0131 olarak da herkes taraf\u0131ndan \u00e7ok sevilen annesine olan a\u015f\u0131r\u0131 ba\u011fl\u0131l\u0131\u011f\u0131 ve anne sevgisi ile herkes taraf\u0131ndan takdir edilen Sanat\u00e7\u0131 Muhammet Ali Y\u0131lmaz\u2019\u0131n annesinin vefat haberi \u00c7aykara \u0130l\u00e7esini g\u00f6z ya\u015flar\u0131na bo\u011fdu.<\/p>\n<figure><img decoding=\"async\" src=\"https:\/\/caykaragundem.com\/resimler\/2025-11\/15\/826381325516942.webp\"><\/figure>\n<p>Merhume Fatma Y\u0131lmaz,16 Kas\u0131m 2025 Pazar G\u00fcn\u00fc \u00f6\u011fle namaz\u0131na m\u00fcteakip \u00c7aykara Hurmal\u0131k Camiinde k\u0131l\u0131nacak olan cenaze namaz\u0131n\u0131n ard\u0131ndan \u015eahinkaya Mahallesinde bulunan aile kabristanl\u0131\u011f\u0131nda son yolculu\u011funa u\u011furlanacak.<\/p>\n<p>\u00c7aykara G\u00fcndem Gazetesi olarak Merhume Fatma Y\u0131lmaz\u2019a Allah\u2019tan rahmet,kederli ailesine ba\u015f sa\u011fl\u0131\u011f\u0131 dileklerimizi iletiyoruz.<\/p>\n<p>          <\/div>\n","protected":false},"excerpt":{"rendered":"<p>\u00c7aykara\u2019l\u0131 Sanat\u00e7\u0131 Muhammet Ali Y\u0131lmaz\u2019\u0131n annesi Fatma Y\u0131lmaz tedavi g\u00f6rd\u00fc\u011f\u00fc hastanede hayat\u0131n\u0131 kaybetti. \u00c7e\u015fitli hastal\u0131klar\u0131 bulunan ve hastanede tedavi g\u00f6ren Fatma Y\u0131lmaz tedavi g\u00f6rd\u00fc\u011f\u00fc hastanede ya\u015fam sava\u015f\u0131n\u0131 kaybetti. \u0130l\u00e7emiz \u015eahinkaya Mahallesinden Merhum Fahri Y\u0131lmaz\u2019\u0131n e\u015fi olan Fatma Y\u0131lmaz Fahrettin ve Muhammet Ali Y\u0131lmaz\u2019\u0131n anneleriydi. Ulusal M\u00fczik D\u00fcnyas\u0131nda Karadeniz M\u00fczi\u011fini \u00e7ok b\u00fcy\u00fck bir ba\u015far\u0131 ile temsil [&hellip;]<\/p>\n","protected":false},"author":1,"featured_media":5162,"comment_status":"open","ping_status":"open","sticky":false,"template":"","format":"standard","meta":{"tdm_status":"","tdm_grid_status":"","footnotes":""},"categories":[40],"tags":[],"class_list":{"0":"post-5161","1":"post","2":"type-post","3":"status-publish","4":"format-standard","5":"has-post-thumbnail","7":"category-caykara"},"_links":{"self":[{"href":"https:\/\/zeleka.com\/index.php?rest_route=\/wp\/v2\/posts\/5161","targetHints":{"allow":["GET"]}}],"collection":[{"href":"https:\/\/zeleka.com\/index.php?rest_route=\/wp\/v2\/posts"}],"about":[{"href":"https:\/\/zeleka.com\/index.php?rest_route=\/wp\/v2\/types\/post"}],"author":[{"embeddable":true,"href":"https:\/\/zeleka.com\/index.php?rest_route=\/wp\/v2\/users\/1"}],"replies":[{"embeddable":true,"href":"https:\/\/zeleka.com\/index.php?rest_route=%2Fwp%2Fv2%2Fcomments&post=5161"}],"version-history":[{"count":0,"href":"https:\/\/zeleka.com\/index.php?rest_route=\/wp\/v2\/posts\/5161\/revisions"}],"wp:featuredmedia":[{"embeddable":true,"href":"https:\/\/zeleka.com\/index.php?rest_route=\/wp\/v2\/media\/5162"}],"wp:attachment":[{"href":"https:\/\/zeleka.com\/index.php?rest_route=%2Fwp%2Fv2%2Fmedia&parent=5161"}],"wp:term":[{"taxonomy":"category","embeddable":true,"href":"https:\/\/zeleka.com\/index.php?rest_route=%2Fwp%2Fv2%2Fcategories&post=5161"},{"taxonomy":"post_tag","embeddable":true,"href":"https:\/\/zeleka.com\/index.php?rest_route=%2Fwp%2Fv2%2Ftags&post=5161"}],"curies":[{"name":"wp","href":"https:\/\/api.w.org\/{rel}","templated":true}]}}