{"id":5159,"date":"2025-11-14T00:30:27","date_gmt":"2025-11-13T21:30:27","guid":{"rendered":"https:\/\/zeleka.com\/?p=5159"},"modified":"2025-11-14T00:30:27","modified_gmt":"2025-11-13T21:30:27","slug":"caykara-kaymakami-ali-sapmaz-caykara-ilcesinin-hayvancilik-alanindaki-ornek-gayret-ve-mucadelesinden-dolayi-ornek-mutesebbis-soner-sevince-plaket-takdimi-gercekles","status":"publish","type":"post","link":"https:\/\/zeleka.com\/?p=5159","title":{"rendered":"<div id=\"detaymetin\">                            <p>\u00c7aykara Kaymakam\u0131 Ali Sapmaz \u00c7aykara \u0130l\u00e7esinin hayvanc\u0131l\u0131k alan\u0131ndaki \u00f6rnek gayret ve m\u00fccadelesinden dolay\u0131 \u00f6rnek m\u00fcte\u015febbis Soner Sevin\u00e7\u2019e plaket takdimi ger\u00e7ekle\u015ftirildi.<\/p><p>\u00c7aykara Kara\u00e7am Mahalles"},"content":{"rendered":"<div id=\"detaymetin\">\n<p>\u00c7aykara Kaymakam\u0131 Ali Sapmaz \u00c7aykara \u0130l\u00e7esinin hayvanc\u0131l\u0131k alan\u0131ndaki \u00f6rnek gayret ve m\u00fccadelesinden dolay\u0131 \u00f6rnek m\u00fcte\u015febbis Soner Sevin\u00e7\u2019e plaket takdimi ger\u00e7ekle\u015ftirildi.<\/p>\n<p>\u00c7aykara Kara\u00e7am Mahallesinden olup Kara\u00e7am Mahallesi \u015eeyhi Yaylas\u0131nda hayvanc\u0131l\u0131k ile me\u015fgul olan 35 ya\u015f\u0131ndaki Soner Sevin\u00e7 yakla\u015f\u0131k 50 b\u00fcy\u00fckba\u015f ve 50 civar\u0131nda k\u00fc\u00e7\u00fckba\u015f hayvan besleyerek bu alanda \u00f6rnek gen\u00e7lere oluyor.<\/p>\n<figure><img decoding=\"async\" src=\"https:\/\/caykaragundem.com\/resimler\/2025-11\/13\/104633116697658.webp\"><\/figure>\n<p>Hayvanlar\u0131 \u00e7ok seven ve bo\u015f zamanlar\u0131n\u0131n tamam\u0131n\u0131 hayvanlar\u0131na ay\u0131ran tabiri caiz ise hayvanlara kendi \u00f6z \u00e7ocuklar\u0131 gibi yak\u0131nl\u0131k g\u00f6steren Soner Sevin\u00e7 bu \u00f6zellikleri ile takdir ediliyor.<\/p>\n<p>Ayn\u0131 zamanda \u00c7aykara \u0130l\u00e7esinde Son Yaylac\u0131 olarak tan\u0131nan yaylaya ilk \u00e7\u0131kan ve en son inen Soner Sevin\u00e7 2025 y\u0131l\u0131nda 14 May\u0131s 2025 tarihinde yaylaya ilk \u00e7\u0131kan yaylac\u0131 olurken 13 Kas\u0131m 2025 tarihinde ise yayladan k\u0131\u015f\u0131n ikamet edece\u011fi Bayburt \u0130line do\u011fru yola \u00e7\u0131kt\u0131.<\/p>\n<p>\u00c7aykara Kaymakam\u0131 Ali Sapmaz, 12 Kas\u0131m 2025 tarihinde Son Yaylac\u0131 Soner Sevin\u00e7\u2019i \u015eeyhi Yaylas\u0131nda ziyaret ederek hayvanc\u0131l\u0131\u011f\u0131n geli\u015fmesine yapm\u0131\u015f oldu\u011fu katk\u0131dan dolay\u0131 plaket takdimi ger\u00e7ekle\u015ftirdi.<\/p>\n<figure><img decoding=\"async\" src=\"https:\/\/caykaragundem.com\/resimler\/2025-11\/13\/11846100735512.webp\"><\/figure>\n<p>Kaymakam Ali Sapmaz\u2019\u0131n \u015eeyhi Yaylas\u0131 ziyaretine \u00c7aykara \u0130l\u00e7e Jandarma Komutan\u0131 \u00dcste\u011fmen Emre Can Narin,\u00c7aykara \u0130l\u00e7e Emniyet Amiri Komiser Alparslan Albayrak ,\u00c7aykara Kaymakaml\u0131\u011f\u0131 Yaz\u0131 \u0130\u015fleri M\u00fcd\u00fcr\u00fc Resul Semiz ve Kara\u00e7am Muhtar\u0131 Alaaddin \u015eeker kat\u0131l\u0131m sa\u011flad\u0131.<\/p>\n<p>Ziyaret esnas\u0131nda Kaymakam Sapmaz \u00a0\u00c7aykara \u0130l\u00e7esinde Hayvanc\u0131l\u0131k K\u00fclt\u00fcr\u00fcn\u00fcn geli\u015fmesi i\u00e7in yapm\u0131\u015f oldu\u011fu katk\u0131lardan dolay\u0131 Soner Sevin\u00e7\u2019e te\u015fekk\u00fcr ederken ayr\u0131ca Plaket takdimi ger\u00e7ekle\u015ftirildi.<\/p>\n<figure><img decoding=\"async\" src=\"https:\/\/caykaragundem.com\/resimler\/2025-11\/13\/79991141115029.webp\"><\/figure>\n<p>          <\/div>\n","protected":false},"excerpt":{"rendered":"<p>\u00c7aykara Kaymakam\u0131 Ali Sapmaz \u00c7aykara \u0130l\u00e7esinin hayvanc\u0131l\u0131k alan\u0131ndaki \u00f6rnek gayret ve m\u00fccadelesinden dolay\u0131 \u00f6rnek m\u00fcte\u015febbis Soner Sevin\u00e7\u2019e plaket takdimi ger\u00e7ekle\u015ftirildi. \u00c7aykara Kara\u00e7am Mahallesinden olup Kara\u00e7am Mahallesi \u015eeyhi Yaylas\u0131nda hayvanc\u0131l\u0131k ile me\u015fgul olan 35 ya\u015f\u0131ndaki Soner Sevin\u00e7 yakla\u015f\u0131k 50 b\u00fcy\u00fckba\u015f ve 50 civar\u0131nda k\u00fc\u00e7\u00fckba\u015f hayvan besleyerek bu alanda \u00f6rnek gen\u00e7lere oluyor. Hayvanlar\u0131 \u00e7ok seven ve bo\u015f [&hellip;]<\/p>\n","protected":false},"author":1,"featured_media":5160,"comment_status":"open","ping_status":"open","sticky":false,"template":"","format":"standard","meta":{"tdm_status":"","tdm_grid_status":"","footnotes":""},"categories":[40],"tags":[],"class_list":{"0":"post-5159","1":"post","2":"type-post","3":"status-publish","4":"format-standard","5":"has-post-thumbnail","7":"category-caykara"},"_links":{"self":[{"href":"https:\/\/zeleka.com\/index.php?rest_route=\/wp\/v2\/posts\/5159","targetHints":{"allow":["GET"]}}],"collection":[{"href":"https:\/\/zeleka.com\/index.php?rest_route=\/wp\/v2\/posts"}],"about":[{"href":"https:\/\/zeleka.com\/index.php?rest_route=\/wp\/v2\/types\/post"}],"author":[{"embeddable":true,"href":"https:\/\/zeleka.com\/index.php?rest_route=\/wp\/v2\/users\/1"}],"replies":[{"embeddable":true,"href":"https:\/\/zeleka.com\/index.php?rest_route=%2Fwp%2Fv2%2Fcomments&post=5159"}],"version-history":[{"count":0,"href":"https:\/\/zeleka.com\/index.php?rest_route=\/wp\/v2\/posts\/5159\/revisions"}],"wp:featuredmedia":[{"embeddable":true,"href":"https:\/\/zeleka.com\/index.php?rest_route=\/wp\/v2\/media\/5160"}],"wp:attachment":[{"href":"https:\/\/zeleka.com\/index.php?rest_route=%2Fwp%2Fv2%2Fmedia&parent=5159"}],"wp:term":[{"taxonomy":"category","embeddable":true,"href":"https:\/\/zeleka.com\/index.php?rest_route=%2Fwp%2Fv2%2Fcategories&post=5159"},{"taxonomy":"post_tag","embeddable":true,"href":"https:\/\/zeleka.com\/index.php?rest_route=%2Fwp%2Fv2%2Ftags&post=5159"}],"curies":[{"name":"wp","href":"https:\/\/api.w.org\/{rel}","templated":true}]}}