{"id":5157,"date":"2025-11-13T00:29:19","date_gmt":"2025-11-12T21:29:19","guid":{"rendered":"https:\/\/zeleka.com\/?p=5157"},"modified":"2025-11-13T00:29:19","modified_gmt":"2025-11-12T21:29:19","slug":"caykara-ilcesinin-muzik-dunyasina-kazandirdigi-karadeniz-muziginin-guclu-sesi-kerim-aydinin-esi-hakime-aydin-istanbulda-hayatini-kaybetti-cesitli-rahatsiz","status":"publish","type":"post","link":"https:\/\/zeleka.com\/?p=5157","title":{"rendered":"<div id=\"detaymetin\">                            <p>\u00c7aykara \u0130l\u00e7esinin M\u00fczik D\u00fcnyas\u0131na kazand\u0131rd\u0131\u011f\u0131 Karadeniz M\u00fczi\u011finin g\u00fc\u00e7l\u00fc sesi Kerim Ayd\u0131n\u2019\u0131n e\u015fi Hakime Ayd\u0131n \u0130stanbul\u2019da hayat\u0131n\u0131 kaybetti.<\/p><p>\u00c7e\u015fitli rahats\u0131zl\u0131klar\u0131 bulunan ve \u0130stanbul\u2019da hastanede"},"content":{"rendered":"<div id=\"detaymetin\">\n<p>\u00c7aykara \u0130l\u00e7esinin M\u00fczik D\u00fcnyas\u0131na kazand\u0131rd\u0131\u011f\u0131 Karadeniz M\u00fczi\u011finin g\u00fc\u00e7l\u00fc sesi Kerim Ayd\u0131n\u2019\u0131n e\u015fi Hakime Ayd\u0131n \u0130stanbul\u2019da hayat\u0131n\u0131 kaybetti.<\/p>\n<p>\u00c7e\u015fitli rahats\u0131zl\u0131klar\u0131 bulunan ve \u0130stanbul\u2019da hastanede tedavi g\u00f6ren Hakime Ayd\u0131n, tedavi g\u00f6rd\u00fc\u011f\u00fc hastanede ya\u015fam sava\u015f\u0131n\u0131 kaybetti.<\/p>\n<p>Kaval entr\u00fcnman\u0131n\u0131 ulusal ve uluslaras\u0131 m\u00fczik d\u00fcnyas\u0131nda \u00e7ok b\u00fcy\u00fck bir ba\u015far\u0131 ile tan\u0131tan ve Kaval enstr\u00fcnman\u0131n\u0131 T\u00fcrkiye\u2019ye sevdiren Devlet Sanat\u00e7\u0131s\u0131 Kerim\u00a0 Ayd\u0131n \u00d6rnek Sanat\u00e7\u0131 kimli\u011finin yan\u0131 s\u0131ra karakteri,ki\u015fili\u011fi,toplumda her kesim ile kurmu\u015f oldu\u011fu \u00f6rnek ileti\u015fimi,sade ve s\u0131radan bir insan ol\u00f6arak s\u00fcrekli toplum i\u00e7inde yer almas\u0131 ve \u00f6rnek toplum insan\u0131 olma \u00f6zellikleri ile t\u00fcm toplum taraf\u0131ndan \u00f6rnek bir insan olarak tan\u0131n\u0131yor.<\/p>\n<p>Kerim Ayd\u0131n\u2019\u0131n e\u015fi Hakime Ayd\u0131n\u2019\u0131n gen\u00e7 ya\u015fta hayat\u0131n\u0131 kaybetmesi t\u00fcm \u00c7aykara insan\u0131n\u0131 g\u00f6z ya\u015flar\u0131na bo\u011fdu.<\/p>\n<p>Merhume Hakime Ayd\u0131n 12 Kas\u0131m 2025 \u00c7ar\u015famb a G\u00fcn\u00fc \u0130stanbul\u2019da son yolculu\u011funa u\u011furlanacak.<\/p>\n<p>\u00c7aykara G\u00fcndem Gazetesi olarak Merhume Hakime Ayd\u0131n\u2019a Allah\u2019tan rahmet kederli ailesine ba\u015f sa\u011fl\u0131\u011f\u0131 dileklerimizi iletiyoruz.<\/p>\n<p><strong>\u0130LET\u0130\u015e\u0130M<\/strong><\/p>\n<p><strong>Kerim Ayd\u0131n-E\u015fi-0 532 3636872<\/strong><\/p>\n<p>          <\/div>\n","protected":false},"excerpt":{"rendered":"<p>\u00c7aykara \u0130l\u00e7esinin M\u00fczik D\u00fcnyas\u0131na kazand\u0131rd\u0131\u011f\u0131 Karadeniz M\u00fczi\u011finin g\u00fc\u00e7l\u00fc sesi Kerim Ayd\u0131n\u2019\u0131n e\u015fi Hakime Ayd\u0131n \u0130stanbul\u2019da hayat\u0131n\u0131 kaybetti. \u00c7e\u015fitli rahats\u0131zl\u0131klar\u0131 bulunan ve \u0130stanbul\u2019da hastanede tedavi g\u00f6ren Hakime Ayd\u0131n, tedavi g\u00f6rd\u00fc\u011f\u00fc hastanede ya\u015fam sava\u015f\u0131n\u0131 kaybetti. Kaval entr\u00fcnman\u0131n\u0131 ulusal ve uluslaras\u0131 m\u00fczik d\u00fcnyas\u0131nda \u00e7ok b\u00fcy\u00fck bir ba\u015far\u0131 ile tan\u0131tan ve Kaval enstr\u00fcnman\u0131n\u0131 T\u00fcrkiye\u2019ye sevdiren Devlet Sanat\u00e7\u0131s\u0131 Kerim\u00a0 Ayd\u0131n [&hellip;]<\/p>\n","protected":false},"author":1,"featured_media":5158,"comment_status":"open","ping_status":"open","sticky":false,"template":"","format":"standard","meta":{"tdm_status":"","tdm_grid_status":"","footnotes":""},"categories":[40],"tags":[],"class_list":{"0":"post-5157","1":"post","2":"type-post","3":"status-publish","4":"format-standard","5":"has-post-thumbnail","7":"category-caykara"},"_links":{"self":[{"href":"https:\/\/zeleka.com\/index.php?rest_route=\/wp\/v2\/posts\/5157","targetHints":{"allow":["GET"]}}],"collection":[{"href":"https:\/\/zeleka.com\/index.php?rest_route=\/wp\/v2\/posts"}],"about":[{"href":"https:\/\/zeleka.com\/index.php?rest_route=\/wp\/v2\/types\/post"}],"author":[{"embeddable":true,"href":"https:\/\/zeleka.com\/index.php?rest_route=\/wp\/v2\/users\/1"}],"replies":[{"embeddable":true,"href":"https:\/\/zeleka.com\/index.php?rest_route=%2Fwp%2Fv2%2Fcomments&post=5157"}],"version-history":[{"count":0,"href":"https:\/\/zeleka.com\/index.php?rest_route=\/wp\/v2\/posts\/5157\/revisions"}],"wp:featuredmedia":[{"embeddable":true,"href":"https:\/\/zeleka.com\/index.php?rest_route=\/wp\/v2\/media\/5158"}],"wp:attachment":[{"href":"https:\/\/zeleka.com\/index.php?rest_route=%2Fwp%2Fv2%2Fmedia&parent=5157"}],"wp:term":[{"taxonomy":"category","embeddable":true,"href":"https:\/\/zeleka.com\/index.php?rest_route=%2Fwp%2Fv2%2Fcategories&post=5157"},{"taxonomy":"post_tag","embeddable":true,"href":"https:\/\/zeleka.com\/index.php?rest_route=%2Fwp%2Fv2%2Ftags&post=5157"}],"curies":[{"name":"wp","href":"https:\/\/api.w.org\/{rel}","templated":true}]}}