{"id":5155,"date":"2025-11-13T00:29:20","date_gmt":"2025-11-12T21:29:20","guid":{"rendered":"https:\/\/zeleka.com\/?p=5155"},"modified":"2025-11-13T00:29:20","modified_gmt":"2025-11-12T21:29:20","slug":"5155","status":"publish","type":"post","link":"https:\/\/zeleka.com\/?p=5155","title":{"rendered":"<div data-modulsure=\"19\" data-gs-x=\"0\" data-gs-y=\"0\" data-gs-width=\"36\" data-gs-height=\"100\" data-gs-autoh=\"1\" data-zeminrenk=\"-1\" data-spotrenk=\"0\" data-baslikrenk=\"0\" data-seritrenk=\"-1\" data-hoverrenk=\"-1\" data-font1=\"1\" data-baslikkalinlik=\"4\" data-sp"},"content":{"rendered":"<div data-modulsure=\"19\" data-gs-x=\"0\" data-gs-y=\"0\" data-gs-width=\"36\" data-gs-height=\"100\" data-gs-autoh=\"1\" data-zeminrenk=\"-1\" data-spotrenk=\"0\" data-baslikrenk=\"0\" data-seritrenk=\"-1\" data-hoverrenk=\"-1\" data-font1=\"1\" data-baslikkalinlik=\"4\" data-spotkalinlik=\"2\" data-baslikbold=\"4\" data-spotbold=\"3\" data-cogaltx=\"0\" data-cogalty=\"0\" data-border=\"0\" data-borderrenk=\"0\" data-baslikls=\"0\" data-basliklh=\"0\" data-spotls=\"0\" data-spotlh=\"0\" data-sticky=\"0\" id=\"sayfacontent\">\n<div>\n<p><nav>                               <a href=\"http:\/\/caykaragundem.com\/haber\/kategori\/guncel-22.html\">G\u00dcNCEL<\/a>          <\/nav>\n<\/p>\n<div>\n<p><time>Tarih: 12.11.2025 14:32:00 <\/time>                  <time> 0 Yorum  <\/time>              <\/p>\n<\/p><\/div>\n<div>\n<p><img decoding=\"async\" src=\"http:\/\/caykaragundem.com\/resimler\/2025-11\/12\/1061182109547318.webp\" alt=\"Dernekpazar\u0131\" nda kas\u0131m anma><\/p>\n<h2>              Dernekpazar\u0131&#8217;nda 10 Kas\u0131m Atat\u00fcrk&#8217;\u00fc Anma T\u00f6reni          <\/h2>\n<div id=\"detaymetin\">\n<p>\u00a0 \u00a0 \u00a0Fahri D\u00fczenli<\/p>\n<p>\u00a0 \u00a0 \u00a0Okullar\u0131n birinci d\u00f6nem tatile girmesi nedeni ile 10 Kas\u0131m Atat\u00fcrk \u00fcn \u00f6l\u00fcm\u00fcn\u00fcn 87.ci y\u0131l\u0131 anma t\u00f6renin k\u00fclt\u00fcrel etkinli\u011fi bug\u00fcn (07.11.2025) saat 14.00 de Hasan Cans\u0131z Kom \u00c7PL konferans salonunda sayg\u0131 duru\u015fu ve \u0130stiklal Mar\u015f\u0131n\u0131n s\u00f6ylenmesi ile ba\u015flad\u0131.<\/p>\n<figure><img decoding=\"async\" src=\"https:\/\/caykaragundem.com\/resimler\/2025-11\/12\/1079331693794527.webp\"><\/figure>\n<p>\u00a0 \u00a0 G\u00fcn\u00fcn anlam ve \u00f6nemini belirten konu\u015fma Tarih \u00f6\u011fretmeni Faruk \u00c7avu\u015f taraf\u0131ndan yap\u0131ld\u0131.<\/p>\n<figure><img decoding=\"async\" src=\"https:\/\/caykaragundem.com\/resimler\/2025-11\/12\/60692815428363.webp\"><\/figure>\n<p>\u00a0 \u00a0 \u00d6\u011frencilerin okuduklar\u0131 \u015fiir ve metinlerle devam edildi.<\/p>\n<p>\u00a0 \u00a0 Video sunumu sonunda Atat\u00fcrk le ilgili yap\u0131lan yar\u0131\u015fmalarda kazanan \u00f6\u011frenciler, Milli E\u011fitim M\u00fcd\u00fcr\u00fc-Belediye Ba\u015fkan\u0131 ve Kaymakam taraf\u0131ndan \u00f6d\u00fcllendirildi.<\/p>\n<figure><img decoding=\"async\" src=\"https:\/\/caykaragundem.com\/resimler\/2025-11\/12\/76137897849139.webp\"><\/figure>\n<p>          <\/div>\n<\/p><\/div>\n<\/p><\/div>\n<p>          <\/div>\n","protected":false},"excerpt":{"rendered":"<p>G\u00dcNCEL Tarih: 12.11.2025 14:32:00 0 Yorum Dernekpazar\u0131&#8217;nda 10 Kas\u0131m Atat\u00fcrk&#8217;\u00fc Anma T\u00f6reni \u00a0 \u00a0 \u00a0Fahri D\u00fczenli \u00a0 \u00a0 \u00a0Okullar\u0131n birinci d\u00f6nem tatile girmesi nedeni ile 10 Kas\u0131m Atat\u00fcrk \u00fcn \u00f6l\u00fcm\u00fcn\u00fcn 87.ci y\u0131l\u0131 anma t\u00f6renin k\u00fclt\u00fcrel etkinli\u011fi bug\u00fcn (07.11.2025) saat 14.00 de Hasan Cans\u0131z Kom \u00c7PL konferans salonunda sayg\u0131 duru\u015fu ve \u0130stiklal Mar\u015f\u0131n\u0131n s\u00f6ylenmesi ile ba\u015flad\u0131. [&hellip;]<\/p>\n","protected":false},"author":1,"featured_media":5156,"comment_status":"open","ping_status":"open","sticky":false,"template":"","format":"standard","meta":{"tdm_status":"","tdm_grid_status":"","footnotes":""},"categories":[40],"tags":[],"class_list":{"0":"post-5155","1":"post","2":"type-post","3":"status-publish","4":"format-standard","5":"has-post-thumbnail","7":"category-caykara"},"_links":{"self":[{"href":"https:\/\/zeleka.com\/index.php?rest_route=\/wp\/v2\/posts\/5155","targetHints":{"allow":["GET"]}}],"collection":[{"href":"https:\/\/zeleka.com\/index.php?rest_route=\/wp\/v2\/posts"}],"about":[{"href":"https:\/\/zeleka.com\/index.php?rest_route=\/wp\/v2\/types\/post"}],"author":[{"embeddable":true,"href":"https:\/\/zeleka.com\/index.php?rest_route=\/wp\/v2\/users\/1"}],"replies":[{"embeddable":true,"href":"https:\/\/zeleka.com\/index.php?rest_route=%2Fwp%2Fv2%2Fcomments&post=5155"}],"version-history":[{"count":0,"href":"https:\/\/zeleka.com\/index.php?rest_route=\/wp\/v2\/posts\/5155\/revisions"}],"wp:featuredmedia":[{"embeddable":true,"href":"https:\/\/zeleka.com\/index.php?rest_route=\/wp\/v2\/media\/5156"}],"wp:attachment":[{"href":"https:\/\/zeleka.com\/index.php?rest_route=%2Fwp%2Fv2%2Fmedia&parent=5155"}],"wp:term":[{"taxonomy":"category","embeddable":true,"href":"https:\/\/zeleka.com\/index.php?rest_route=%2Fwp%2Fv2%2Fcategories&post=5155"},{"taxonomy":"post_tag","embeddable":true,"href":"https:\/\/zeleka.com\/index.php?rest_route=%2Fwp%2Fv2%2Ftags&post=5155"}],"curies":[{"name":"wp","href":"https:\/\/api.w.org\/{rel}","templated":true}]}}