{"id":5153,"date":"2025-11-13T00:29:21","date_gmt":"2025-11-12T21:29:21","guid":{"rendered":"https:\/\/zeleka.com\/?p=5153"},"modified":"2025-11-13T00:29:21","modified_gmt":"2025-11-12T21:29:21","slug":"trabzonun-caykara-ilcesinde-11-kasim-milli-agaclandirma-gununde-fidanlar-toprak-ile-bulustu-caykara-kaymakamligi-ve-caykara-belediyesi-tarafindan-daha-once-fidan-d","status":"publish","type":"post","link":"https:\/\/zeleka.com\/?p=5153","title":{"rendered":"<div id=\"detaymetin\">                            <p>Trabzon\u2019un \u00c7aykara \u0130l\u00e7esinde 11 Kas\u0131m Milli A\u011fa\u00e7land\u0131rma G\u00fcn\u00fcnde Fidanlar toprak ile bulu\u015ftu.<\/p><p>\u00c7aykara Kaymakaml\u0131\u011f\u0131 ve \u00c7aykara Belediyesi taraf\u0131ndan daha \u00f6nce Fidan Dikme alan\u0131 olarak belirlenen \u00c7ay"},"content":{"rendered":"<div id=\"detaymetin\">\n<p>Trabzon\u2019un \u00c7aykara \u0130l\u00e7esinde 11 Kas\u0131m Milli A\u011fa\u00e7land\u0131rma G\u00fcn\u00fcnde Fidanlar toprak ile bulu\u015ftu.<\/p>\n<p>\u00c7aykara Kaymakaml\u0131\u011f\u0131 ve \u00c7aykara Belediyesi taraf\u0131ndan daha \u00f6nce Fidan Dikme alan\u0131 olarak belirlenen \u00c7aykara Otagar B\u00e7\u00f6lgesinin kar\u015f\u0131s\u0131nda yer alan \u00c7aykarapark alan\u0131nda fidan dikme organizasyonu ger\u00e7ekle\u015ftirildi.<\/p>\n<figure><img decoding=\"async\" src=\"https:\/\/caykaragundem.com\/resimler\/2025-11\/12\/1002151774287253.webp\"><\/figure>\n<p>Fidan dikme Organizasyonuna \u00c7aykara Kaymakam\u0131 Ali Sapmaz,\u00c7aykara Belediye Ba\u015fkan\u0131 Hanefi Tok,\u0130l\u00e7e Jandarma Komutan\u0131 \u00dcste\u011fmen Emre Can Narin,\u0130l\u00e7e Emniyet Amiri Komiser Alparslan Albayrak,\u00c7aykara Esnaf Kefalet Kooperatifi Ba\u015fkan\u0131 Mehmet Sava\u015f D\u00fcndar,\u0130l\u00e7e Milli E\u011fitim M\u00fcd\u00fcr\u00fc Ahmet \u00c7amurali,\u00f6\u011fretmenler,\u00f6\u011frenciler ve vatanda\u015flar kat\u0131l\u0131m sa\u011flad\u0131.<\/p>\n<p>Ger\u00e7ekle\u015ftirilen fidan dikme etkinli\u011finde Kaymakam Sapmaz ve Ba\u015fkan Tok ile Birlikte protokol taraf\u0131ndan fidanlar temsili olarak toprak ile bulu\u015fturulurken t\u00f6rene kat\u0131lan \u00f6\u011frenciler taraf\u0131ndan da fidan dikme etkinli\u011fi ger\u00e7ekle\u015ftirildi.<\/p>\n<p>\u00c7aykara Kaymakam\u0131 Ali Sapmaz,Fidan Dikme etkinli\u011fi ile ilgili olarak yapt\u0131\u011f\u0131 a\u00e7\u0131klamada \u015fu ifadelere yer verdi.<\/p>\n<figure><img decoding=\"async\" src=\"https:\/\/caykaragundem.com\/resimler\/2025-11\/12\/11961725477834.webp\"><\/figure>\n<p>11 Kas\u0131m Milli A\u011fa\u00e7land\u0131rma G\u00fcn\u00fcnde \u00c7aykara \u0130l\u00e7esi olarak fark\u0131m\u0131z\u0131 ortaya koyduk.Ger\u00e7ekle\u015ftirmi\u015f oldu\u011fumuz etkinlik ile \u00f6\u011frencilerimiz ve vatanda\u015flar\u0131m\u0131z\u0131n kat\u0131l\u0131mlar\u0131 ile y\u00fczlerce fidan\u0131 toprak ile bulu\u015fturman\u0131n mutlulu\u011funu ve g\u00fczelli\u011fini ya\u015fad\u0131k.<\/p>\n<p>\u00c7aykara \u0130l\u00e7esi \u00f6rnek ve farkl\u0131 bir e\u011fitim il\u00e7esi.\u00d6\u011frencilerimize \u00a0sadece akademik ba\u015far\u0131 anlam\u0131nda e\u011fitim verilmiyor.Bunun yan\u0131 s\u0131ra \u00f6\u011frencilerin sosyal ve k\u00fclt\u00fcrfel anlamda da topluma faydal\u0131 bireyler olarak yeti\u015febilmeleri i\u00e7in e\u011fitim veriliyor.<\/p>\n<figure><img decoding=\"async\" src=\"https:\/\/caykaragundem.com\/resimler\/2025-11\/12\/818621180666237.webp\"><\/figure>\n<p>Bu g\u00fcn ger\u00e7ekle\u015ftirilen Fidanlar\u0131n toprak ile bulu\u015fmas\u0131 etkinli\u011fine \u00f6\u011frencilerin yo\u011fun bir kat\u0131l\u0131m sa\u011flamas\u0131 bu a\u00e7\u0131dan \u00e7ok \u00f6nemli.<\/p>\n<p>Program\u0131n haz\u0131rlanmas\u0131nda eme\u011fi ge\u00e7en herkese \u00c7aykara \u0130l\u00e7esi ad\u0131na te\u015fekk\u00fcr ediyoruz.<\/p>\n<figure><img decoding=\"async\" src=\"https:\/\/caykaragundem.com\/resimler\/2025-11\/12\/1289841809731119.webp\"><\/figure>\n<p>          <\/div>\n","protected":false},"excerpt":{"rendered":"<p>Trabzon\u2019un \u00c7aykara \u0130l\u00e7esinde 11 Kas\u0131m Milli A\u011fa\u00e7land\u0131rma G\u00fcn\u00fcnde Fidanlar toprak ile bulu\u015ftu. \u00c7aykara Kaymakaml\u0131\u011f\u0131 ve \u00c7aykara Belediyesi taraf\u0131ndan daha \u00f6nce Fidan Dikme alan\u0131 olarak belirlenen \u00c7aykara Otagar B\u00e7\u00f6lgesinin kar\u015f\u0131s\u0131nda yer alan \u00c7aykarapark alan\u0131nda fidan dikme organizasyonu ger\u00e7ekle\u015ftirildi. Fidan dikme Organizasyonuna \u00c7aykara Kaymakam\u0131 Ali Sapmaz,\u00c7aykara Belediye Ba\u015fkan\u0131 Hanefi Tok,\u0130l\u00e7e Jandarma Komutan\u0131 \u00dcste\u011fmen Emre Can Narin,\u0130l\u00e7e Emniyet [&hellip;]<\/p>\n","protected":false},"author":1,"featured_media":5154,"comment_status":"open","ping_status":"open","sticky":false,"template":"","format":"standard","meta":{"tdm_status":"","tdm_grid_status":"","footnotes":""},"categories":[40],"tags":[],"class_list":{"0":"post-5153","1":"post","2":"type-post","3":"status-publish","4":"format-standard","5":"has-post-thumbnail","7":"category-caykara"},"_links":{"self":[{"href":"https:\/\/zeleka.com\/index.php?rest_route=\/wp\/v2\/posts\/5153","targetHints":{"allow":["GET"]}}],"collection":[{"href":"https:\/\/zeleka.com\/index.php?rest_route=\/wp\/v2\/posts"}],"about":[{"href":"https:\/\/zeleka.com\/index.php?rest_route=\/wp\/v2\/types\/post"}],"author":[{"embeddable":true,"href":"https:\/\/zeleka.com\/index.php?rest_route=\/wp\/v2\/users\/1"}],"replies":[{"embeddable":true,"href":"https:\/\/zeleka.com\/index.php?rest_route=%2Fwp%2Fv2%2Fcomments&post=5153"}],"version-history":[{"count":0,"href":"https:\/\/zeleka.com\/index.php?rest_route=\/wp\/v2\/posts\/5153\/revisions"}],"wp:featuredmedia":[{"embeddable":true,"href":"https:\/\/zeleka.com\/index.php?rest_route=\/wp\/v2\/media\/5154"}],"wp:attachment":[{"href":"https:\/\/zeleka.com\/index.php?rest_route=%2Fwp%2Fv2%2Fmedia&parent=5153"}],"wp:term":[{"taxonomy":"category","embeddable":true,"href":"https:\/\/zeleka.com\/index.php?rest_route=%2Fwp%2Fv2%2Fcategories&post=5153"},{"taxonomy":"post_tag","embeddable":true,"href":"https:\/\/zeleka.com\/index.php?rest_route=%2Fwp%2Fv2%2Ftags&post=5153"}],"curies":[{"name":"wp","href":"https:\/\/api.w.org\/{rel}","templated":true}]}}