{"id":5151,"date":"2025-11-12T00:29:22","date_gmt":"2025-11-11T21:29:22","guid":{"rendered":"https:\/\/zeleka.com\/?p=5151"},"modified":"2025-11-12T00:29:22","modified_gmt":"2025-11-11T21:29:22","slug":"trabzonun-caykara-ilcesinde-meydana-gelen-trafik-kazasinda-ak-parti-caykara-ilce-kadin-kollari-yoneticisi-songul-ozcan-hayatini-kaybetti-arac-5-metred","status":"publish","type":"post","link":"https:\/\/zeleka.com\/?p=5151","title":{"rendered":"<div id=\"detaymetin\">                            <p><span>Trabzon\u2019un \u00c7aykara il\u00e7esinde meydana gelen trafik kazas\u0131nda, AK Parti \u00c7aykara \u00a0\u0130l\u00e7e Kad\u0131n Kollar\u0131 y\u00f6neticisi Song\u00fcl \u00d6zcan hayat\u0131n\u0131 kaybetti.<\/span><span>\u00a0<\/span><\/p><p><span><strong>Ara\u00e7 5 Metreden"},"content":{"rendered":"<div id=\"detaymetin\">\n<p><span>Trabzon\u2019un \u00c7aykara il\u00e7esinde meydana gelen trafik kazas\u0131nda, AK Parti \u00c7aykara \u00a0\u0130l\u00e7e Kad\u0131n Kollar\u0131 y\u00f6neticisi Song\u00fcl \u00d6zcan hayat\u0131n\u0131 kaybetti.<\/span><span>\u00a0<\/span><\/p>\n<p><span><strong>Ara\u00e7 5 Metreden D\u00fc\u015ft\u00fc<\/strong><\/span><\/p>\n<p><span>30 ya\u015f\u0131ndaki \u00d6zcan\u2019\u0131n kulland\u0131\u011f\u0131 pick-up tipi ara\u00e7, il\u00e7e merkezinde seyir halindeyken kontrolden \u00e7\u0131karak yakla\u015f\u0131k\u00a0<strong>5 metre y\u00fckseklikten a\u015fa\u011f\u0131ya d\u00fc\u015ft\u00fc<\/strong>.<\/span><\/p>\n<figure><img decoding=\"async\" src=\"https:\/\/caykaragundem.com\/resimler\/2025-9\/21\/339461221973134.webp\"><\/figure>\n<p><span>\u0130\u015f \u00e7\u0131k\u0131\u015f\u0131 \u00c7aykara \u0130l\u00e7e Merkezinden Mara\u015fl\u0131 mahallesine kendi \u00f6zel arac\u0131 ile d\u00f6nmekte olan Song\u00fcl \u00d6zcan\u2019\u0131n \u00a0bilinmeyen bir sebeple ara\u00e7 hakimiyetini kaybetmesi sonucu ara\u00e7 yakla\u015f\u0131k 5 metre y\u00fcksekli\u011findeki duvardan a\u015fa\u011f\u0131 d\u00fc\u015ft\u00fc.\u00a0<\/span><\/p>\n<p><span><strong>Olay Yerinde Hayat\u0131n\u0131 Kaybetti<\/strong><\/span><\/p>\n<p><span>Kazada a\u011f\u0131r \u015fekilde yaralanan Song\u00fcl \u00d6zcan\u2019\u0131n, t\u00fcm m\u00fcdahalelere ra\u011fmen\u00a0<strong>olay yerinde ya\u015fam\u0131n\u0131 yitirdi\u011fi<\/strong>\u00a0\u00f6\u011frenildi.<\/span><\/p>\n<figure><img decoding=\"async\" src=\"https:\/\/caykaragundem.com\/resimler\/2025-9\/21\/458381564305699.webp\"><\/figure>\n<p><span><strong>\u00c7aykara\u2019da B\u00fcy\u00fck \u00dcz\u00fcnt\u00fc<\/strong><\/span><\/p>\n<p><span>Gen\u00e7 ya\u015fta ya\u015fam\u0131n\u0131 yitiren \u00d6zcan\u2019\u0131n vefat\u0131, \u00c7aykara\u2019da b\u00fcy\u00fck \u00fcz\u00fcnt\u00fc yaratt\u0131. Olayla ilgili incelemeler s\u00fcr\u00fcyor.<\/span><\/p>\n<p>          <\/div>\n","protected":false},"excerpt":{"rendered":"<p>Trabzon\u2019un \u00c7aykara il\u00e7esinde meydana gelen trafik kazas\u0131nda, AK Parti \u00c7aykara \u00a0\u0130l\u00e7e Kad\u0131n Kollar\u0131 y\u00f6neticisi Song\u00fcl \u00d6zcan hayat\u0131n\u0131 kaybetti.\u00a0 Ara\u00e7 5 Metreden D\u00fc\u015ft\u00fc 30 ya\u015f\u0131ndaki \u00d6zcan\u2019\u0131n kulland\u0131\u011f\u0131 pick-up tipi ara\u00e7, il\u00e7e merkezinde seyir halindeyken kontrolden \u00e7\u0131karak yakla\u015f\u0131k\u00a05 metre y\u00fckseklikten a\u015fa\u011f\u0131ya d\u00fc\u015ft\u00fc. \u0130\u015f \u00e7\u0131k\u0131\u015f\u0131 \u00c7aykara \u0130l\u00e7e Merkezinden Mara\u015fl\u0131 mahallesine kendi \u00f6zel arac\u0131 ile d\u00f6nmekte olan Song\u00fcl \u00d6zcan\u2019\u0131n [&hellip;]<\/p>\n","protected":false},"author":1,"featured_media":5152,"comment_status":"open","ping_status":"open","sticky":false,"template":"","format":"standard","meta":{"tdm_status":"","tdm_grid_status":"","footnotes":""},"categories":[40],"tags":[],"class_list":{"0":"post-5151","1":"post","2":"type-post","3":"status-publish","4":"format-standard","5":"has-post-thumbnail","7":"category-caykara"},"_links":{"self":[{"href":"https:\/\/zeleka.com\/index.php?rest_route=\/wp\/v2\/posts\/5151","targetHints":{"allow":["GET"]}}],"collection":[{"href":"https:\/\/zeleka.com\/index.php?rest_route=\/wp\/v2\/posts"}],"about":[{"href":"https:\/\/zeleka.com\/index.php?rest_route=\/wp\/v2\/types\/post"}],"author":[{"embeddable":true,"href":"https:\/\/zeleka.com\/index.php?rest_route=\/wp\/v2\/users\/1"}],"replies":[{"embeddable":true,"href":"https:\/\/zeleka.com\/index.php?rest_route=%2Fwp%2Fv2%2Fcomments&post=5151"}],"version-history":[{"count":0,"href":"https:\/\/zeleka.com\/index.php?rest_route=\/wp\/v2\/posts\/5151\/revisions"}],"wp:featuredmedia":[{"embeddable":true,"href":"https:\/\/zeleka.com\/index.php?rest_route=\/wp\/v2\/media\/5152"}],"wp:attachment":[{"href":"https:\/\/zeleka.com\/index.php?rest_route=%2Fwp%2Fv2%2Fmedia&parent=5151"}],"wp:term":[{"taxonomy":"category","embeddable":true,"href":"https:\/\/zeleka.com\/index.php?rest_route=%2Fwp%2Fv2%2Fcategories&post=5151"},{"taxonomy":"post_tag","embeddable":true,"href":"https:\/\/zeleka.com\/index.php?rest_route=%2Fwp%2Fv2%2Ftags&post=5151"}],"curies":[{"name":"wp","href":"https:\/\/api.w.org\/{rel}","templated":true}]}}