{"id":5149,"date":"2025-11-12T00:29:23","date_gmt":"2025-11-11T21:29:23","guid":{"rendered":"https:\/\/zeleka.com\/?p=5149"},"modified":"2025-11-12T00:29:23","modified_gmt":"2025-11-11T21:29:23","slug":"5149","status":"publish","type":"post","link":"https:\/\/zeleka.com\/?p=5149","title":{"rendered":"<div data-modulsure=\"20\" data-gs-x=\"0\" data-gs-y=\"0\" data-gs-width=\"36\" data-gs-height=\"100\" data-gs-autoh=\"1\" data-zeminrenk=\"-1\" data-spotrenk=\"0\" data-baslikrenk=\"0\" data-seritrenk=\"-1\" data-hoverrenk=\"-1\" data-font1=\"1\" data-baslikkalinlik=\"4\" data-sp"},"content":{"rendered":"<div data-modulsure=\"20\" data-gs-x=\"0\" data-gs-y=\"0\" data-gs-width=\"36\" data-gs-height=\"100\" data-gs-autoh=\"1\" data-zeminrenk=\"-1\" data-spotrenk=\"0\" data-baslikrenk=\"0\" data-seritrenk=\"-1\" data-hoverrenk=\"-1\" data-font1=\"1\" data-baslikkalinlik=\"4\" data-spotkalinlik=\"2\" data-baslikbold=\"4\" data-spotbold=\"3\" data-cogaltx=\"0\" data-cogalty=\"0\" data-border=\"0\" data-borderrenk=\"0\" data-baslikls=\"0\" data-basliklh=\"0\" data-spotls=\"0\" data-spotlh=\"0\" data-sticky=\"0\" id=\"sayfacontent\">\n<div>\n<p><nav>                               <a href=\"http:\/\/caykaragundem.com\/haber\/kategori\/guncel-22.html\">G\u00dcNCEL<\/a>          <\/nav>\n<\/p>\n<div>\n<p><time>Tarih: 21.09.2025 16:30:00 <\/time>                  <time> 0 Yorum  <\/time>              <\/p>\n<\/p><\/div>\n<div>\n<h2>              Trabzon Ya\u015fayan \u00c7\u0131nar\u0131n\u0131 Kaybetti          <\/h2>\n<div id=\"detaymetin\">\n<p>Bir as\u0131rl\u0131k \u00f6m\u00fcr sona \u00a0erdi. 1980-1984 y\u0131llar\u0131 aras\u0131nda Trabzon Belediye Ba\u015fkanl\u0131\u011f\u0131 yapm\u0131\u015f olan Hasan Melek ba\u015fkan\u0131m\u0131z \u00a099 ya\u015f\u0131nda \u00a0vefat etti. Trabzon&#8217;un \u00e7\u0131narlar\u0131ndan biri de malesef aram\u0131zdan ayr\u0131ld\u0131. Cenazesi yar\u0131n(pazaryesi) Belediye Ba\u015fkanl\u0131\u011f\u0131 yapm\u0131\u015f oldu\u011fu Belediye Ana binas\u0131n\u0131n yan\u0131ndaki \u0130skenderpa\u015fa camiinden \u00f6\u011fle namaz\u0131 sonras\u0131 \u00a0ebediyete u\u011furlanacakt\u0131r..Belediye Ba\u015fkanl\u0131\u011f\u0131 d\u00f6nrminden sonra kendisini e\u011fitime adam\u0131\u015ft\u0131. Y\u0131llarca T\u00fcrk E\u011fitim Vakf\u0131 Trabzon \u015fube ba\u015fkanl\u0131\u011f\u0131 tapt\u0131. Y\u00fczlerce Trabzon&#8217;lu \u00f6\u011frenciye Vak\u0131ftan burs verilmesinde b\u00fcy\u00fck katk\u0131lar\u0131 oldu. En \u00f6nemli eseri de Ortahisar il\u00e7esi- Bostanc\u0131 mahallesinde yap\u0131m\u0131na \u00f6nc\u00fcl\u00fck etti\u011fi T\u00fcrk E\u011fitim Vakf\u0131 \u00f6\u011frenci yurdu olmu\u015ftur. Allah rahmet eylesin.<\/p>\n<p>          <\/div>\n<\/p><\/div>\n<\/p><\/div>\n<p>          <\/div>\n","protected":false},"excerpt":{"rendered":"<p>G\u00dcNCEL Tarih: 21.09.2025 16:30:00 0 Yorum Trabzon Ya\u015fayan \u00c7\u0131nar\u0131n\u0131 Kaybetti Bir as\u0131rl\u0131k \u00f6m\u00fcr sona \u00a0erdi. 1980-1984 y\u0131llar\u0131 aras\u0131nda Trabzon Belediye Ba\u015fkanl\u0131\u011f\u0131 yapm\u0131\u015f olan Hasan Melek ba\u015fkan\u0131m\u0131z \u00a099 ya\u015f\u0131nda \u00a0vefat etti. Trabzon&#8217;un \u00e7\u0131narlar\u0131ndan biri de malesef aram\u0131zdan ayr\u0131ld\u0131. Cenazesi yar\u0131n(pazaryesi) Belediye Ba\u015fkanl\u0131\u011f\u0131 yapm\u0131\u015f oldu\u011fu Belediye Ana binas\u0131n\u0131n yan\u0131ndaki \u0130skenderpa\u015fa camiinden \u00f6\u011fle namaz\u0131 sonras\u0131 \u00a0ebediyete u\u011furlanacakt\u0131r..Belediye Ba\u015fkanl\u0131\u011f\u0131 [&hellip;]<\/p>\n","protected":false},"author":1,"featured_media":5150,"comment_status":"open","ping_status":"open","sticky":false,"template":"","format":"standard","meta":{"tdm_status":"","tdm_grid_status":"","footnotes":""},"categories":[40],"tags":[],"class_list":{"0":"post-5149","1":"post","2":"type-post","3":"status-publish","4":"format-standard","5":"has-post-thumbnail","7":"category-caykara"},"_links":{"self":[{"href":"https:\/\/zeleka.com\/index.php?rest_route=\/wp\/v2\/posts\/5149","targetHints":{"allow":["GET"]}}],"collection":[{"href":"https:\/\/zeleka.com\/index.php?rest_route=\/wp\/v2\/posts"}],"about":[{"href":"https:\/\/zeleka.com\/index.php?rest_route=\/wp\/v2\/types\/post"}],"author":[{"embeddable":true,"href":"https:\/\/zeleka.com\/index.php?rest_route=\/wp\/v2\/users\/1"}],"replies":[{"embeddable":true,"href":"https:\/\/zeleka.com\/index.php?rest_route=%2Fwp%2Fv2%2Fcomments&post=5149"}],"version-history":[{"count":0,"href":"https:\/\/zeleka.com\/index.php?rest_route=\/wp\/v2\/posts\/5149\/revisions"}],"wp:featuredmedia":[{"embeddable":true,"href":"https:\/\/zeleka.com\/index.php?rest_route=\/wp\/v2\/media\/5150"}],"wp:attachment":[{"href":"https:\/\/zeleka.com\/index.php?rest_route=%2Fwp%2Fv2%2Fmedia&parent=5149"}],"wp:term":[{"taxonomy":"category","embeddable":true,"href":"https:\/\/zeleka.com\/index.php?rest_route=%2Fwp%2Fv2%2Fcategories&post=5149"},{"taxonomy":"post_tag","embeddable":true,"href":"https:\/\/zeleka.com\/index.php?rest_route=%2Fwp%2Fv2%2Ftags&post=5149"}],"curies":[{"name":"wp","href":"https:\/\/api.w.org\/{rel}","templated":true}]}}