{"id":5147,"date":"2025-11-12T00:29:24","date_gmt":"2025-11-11T21:29:24","guid":{"rendered":"https:\/\/zeleka.com\/?p=5147"},"modified":"2025-11-12T00:29:24","modified_gmt":"2025-11-11T21:29:24","slug":"caykarali-omer-faruk-kaplan-motorsiklet-kazasi-kurbani-oldu-21-yasindaki-omer-faruk-kaplan-turizm-merkezi-uzungolde-bir-isletmede-calisiyordu-23-eylul-202","status":"publish","type":"post","link":"https:\/\/zeleka.com\/?p=5147","title":{"rendered":"<div id=\"detaymetin\">                            <p>\u00c7aykara\u2019l\u0131 \u00d6mer Faruk Kaplan Motorsiklet Kazas\u0131 Kurban\u0131 Oldu.<\/p><p>21 Ya\u015f\u0131ndaki \u00d6mer Faruk Kaplan Turizm Merkezi Uzung\u00f6l\u2019de bir i\u015fletmede \u00e7al\u0131\u015f\u0131yordu.<\/p><p>23 Eyl\u00fcl 2025 Sal\u0131 g\u00fcn\u00fc i\u015f \u00e7\u0131k\u0131\u015f\u0131 Elmal\u0131 maha"},"content":{"rendered":"<div id=\"detaymetin\">\n<p>\u00c7aykara\u2019l\u0131 \u00d6mer Faruk Kaplan Motorsiklet Kazas\u0131 Kurban\u0131 Oldu.<\/p>\n<p>21 Ya\u015f\u0131ndaki \u00d6mer Faruk Kaplan Turizm Merkezi Uzung\u00f6l\u2019de bir i\u015fletmede \u00e7al\u0131\u015f\u0131yordu.<\/p>\n<p>23 Eyl\u00fcl 2025 Sal\u0131 g\u00fcn\u00fc i\u015f \u00e7\u0131k\u0131\u015f\u0131 Elmal\u0131 mahallesinde bulunan evine gitmek \u00fczere kendi kulland\u0131\u011f\u0131 motorsiklet ile Uzung\u00f6l\u2019den yola \u00e7\u0131kt\u0131<\/p>\n<p>Ailesi ile son olarak saat 21.00\u2019da g\u00f6r\u00fc\u015fen Kaplan yolda oldu\u011funu s\u00f6yledi\u00a0<\/p>\n<p>Saat 23.00 olmas\u0131na ra\u011fmen eve gelmemesi \u00fczerine ku\u015fkulanan ve telefonlar\u0131na ula\u015famayan aile jandarmaya haber verdi<\/p>\n<p>Jandarman\u0131n yapt\u0131\u011f\u0131 ara\u015ft\u0131rma sonunda \u00d6mer Faruk Kaplan\u2019\u0131n kulland\u0131\u011f\u0131 motosikletin K\u00f6\u015feli mahallesi yolunda u\u00e7uruma yuvarland\u0131\u011f\u0131 belirlendi ve kaza yerinde cans\u0131z bedenine ula\u015f\u0131ld\u0131.<\/p>\n<p>Elmal\u0131 Mahallesinin sevilen isimlerinden SEYFULLAH Kaplan\u2019\u0131n o\u011flu,K\u00f6\u015feli mahallesinden Ahmet Dilma\u00e7\u2019\u0131n ablas\u0131n\u0131n o\u011flu olan \u00d6mer Faruk Kaplan toplum taraf\u0131ndan \u00e7ok sevilen bir gen\u00e7 kalarak tan\u0131n\u0131yordu.Gen\u00e7 ya\u015fta elim bir kaza sonucunda vefat etmesi \u00c7aykara il\u00e7esini g\u00f6z ya\u015flar\u0131na bo\u011fdu.<\/p>\n<p>Gen\u00e7 ya\u015fta vefat eden \u00d6mer Faruk Kaplan 24 Ekim 2025 Per\u015fembe g\u00fcn\u00fc ikindi namaz\u0131na m\u00fcteakip Elmal\u0131 Mahallesinde k\u0131l\u0131nacak olan cenaze namaz\u0131n\u0131n ard\u0131ndan ayn\u0131 yerde bulunan aile kabristanl\u0131\u011f\u0131nda son yolculu\u011funa u\u011furlanacak.<\/p>\n<p>\u00c7aykara G\u00fcndem gazetesi olarak gen\u00e7 ya\u015fta aram\u0131zdan ayr\u0131lan \u00d6mer Faruk Kaplan\u2019a Allah\u2019tan rahmet,kederli ailesine ba\u015f sa\u011fl\u0131\u011f\u0131 dileklerimizi iletiyoruz.<\/p>\n<p>\u0130LET\u0130\u015e\u0130M<\/p>\n<p>Abisi Polis Ahmet Kaplan:<br \/>0 545 837 28 00<br \/>Karde\u015fi Mehmet Ali Kaplan:<br \/>0 545 837 28 11<br \/>Karde\u015fi Mikail Kaplan:<br \/>0 538 627 16 79<br \/>Day\u0131 Abdullah Dilma\u00e7 Hoca :<br \/>0539 213 43 83 \u00a0\u00a0<br \/>Day\u0131 Ahmet Dilma\u00e7:\u00a0<br \/>0 537 825 56 70<\/p>\n<p>          <\/div>\n","protected":false},"excerpt":{"rendered":"<p>\u00c7aykara\u2019l\u0131 \u00d6mer Faruk Kaplan Motorsiklet Kazas\u0131 Kurban\u0131 Oldu. 21 Ya\u015f\u0131ndaki \u00d6mer Faruk Kaplan Turizm Merkezi Uzung\u00f6l\u2019de bir i\u015fletmede \u00e7al\u0131\u015f\u0131yordu. 23 Eyl\u00fcl 2025 Sal\u0131 g\u00fcn\u00fc i\u015f \u00e7\u0131k\u0131\u015f\u0131 Elmal\u0131 mahallesinde bulunan evine gitmek \u00fczere kendi kulland\u0131\u011f\u0131 motorsiklet ile Uzung\u00f6l\u2019den yola \u00e7\u0131kt\u0131 Ailesi ile son olarak saat 21.00\u2019da g\u00f6r\u00fc\u015fen Kaplan yolda oldu\u011funu s\u00f6yledi\u00a0 Saat 23.00 olmas\u0131na ra\u011fmen eve [&hellip;]<\/p>\n","protected":false},"author":1,"featured_media":5148,"comment_status":"open","ping_status":"open","sticky":false,"template":"","format":"standard","meta":{"tdm_status":"","tdm_grid_status":"","footnotes":""},"categories":[40],"tags":[],"class_list":{"0":"post-5147","1":"post","2":"type-post","3":"status-publish","4":"format-standard","5":"has-post-thumbnail","7":"category-caykara"},"_links":{"self":[{"href":"https:\/\/zeleka.com\/index.php?rest_route=\/wp\/v2\/posts\/5147","targetHints":{"allow":["GET"]}}],"collection":[{"href":"https:\/\/zeleka.com\/index.php?rest_route=\/wp\/v2\/posts"}],"about":[{"href":"https:\/\/zeleka.com\/index.php?rest_route=\/wp\/v2\/types\/post"}],"author":[{"embeddable":true,"href":"https:\/\/zeleka.com\/index.php?rest_route=\/wp\/v2\/users\/1"}],"replies":[{"embeddable":true,"href":"https:\/\/zeleka.com\/index.php?rest_route=%2Fwp%2Fv2%2Fcomments&post=5147"}],"version-history":[{"count":0,"href":"https:\/\/zeleka.com\/index.php?rest_route=\/wp\/v2\/posts\/5147\/revisions"}],"wp:featuredmedia":[{"embeddable":true,"href":"https:\/\/zeleka.com\/index.php?rest_route=\/wp\/v2\/media\/5148"}],"wp:attachment":[{"href":"https:\/\/zeleka.com\/index.php?rest_route=%2Fwp%2Fv2%2Fmedia&parent=5147"}],"wp:term":[{"taxonomy":"category","embeddable":true,"href":"https:\/\/zeleka.com\/index.php?rest_route=%2Fwp%2Fv2%2Fcategories&post=5147"},{"taxonomy":"post_tag","embeddable":true,"href":"https:\/\/zeleka.com\/index.php?rest_route=%2Fwp%2Fv2%2Ftags&post=5147"}],"curies":[{"name":"wp","href":"https:\/\/api.w.org\/{rel}","templated":true}]}}