{"id":5145,"date":"2025-11-12T00:29:25","date_gmt":"2025-11-11T21:29:25","guid":{"rendered":"https:\/\/zeleka.com\/?p=5145"},"modified":"2025-11-12T00:29:25","modified_gmt":"2025-11-11T21:29:25","slug":"caykara-eski-orta-okulu-icin-iclerinde-caykarali-doc-dr-ogretim-uyesi-havva-kara-ozdoganin-da-oldugu-bir","status":"publish","type":"post","link":"https:\/\/zeleka.com\/?p=5145","title":{"rendered":"<div id=\"detaymetin\">                            <figure><img src=\"https:\/\/caykaragundem.com\/resimler\/2025-9\/28\/599821493132533.webp\"><\/figure><p>\u00c7aykara Eski Orta Okulu i\u00e7in i\u00e7lerinde \u00c7aykaral\u0131 Do\u00e7. Dr. \u00d6\u011fretim \u00dcyesi Havva (Kara) \u00d6zdo\u011fan\u2019\u0131n da oldu\u011fu bir"},"content":{"rendered":"<div id=\"detaymetin\">\n<figure><img decoding=\"async\" src=\"https:\/\/caykaragundem.com\/resimler\/2025-9\/28\/599821493132533.webp\"><\/figure>\n<p>\u00c7aykara Eski Orta Okulu i\u00e7in i\u00e7lerinde \u00c7aykaral\u0131 Do\u00e7. Dr. \u00d6\u011fretim \u00dcyesi Havva (Kara) \u00d6zdo\u011fan\u2019\u0131n da oldu\u011fu bir mimar-akademisyenler grubu taraf\u0131ndan bir proje haz\u0131rlanmas\u0131 i\u015fi, \u201c\u00dcniversite Etik Kurulunca\u201d kabul edilmi\u015ftir. Havva \u00d6zdo\u011fan Han\u0131m, biz \u00c7aykaral\u0131lardan ve ilgilenenlerden yard\u0131m beklemektedir. A\u015fa\u011f\u0131daki yaz\u0131y\u0131 bana g\u00f6ndermi\u015ftir. Ben de sizlere haber vermek istiyorum.<\/p>\n<p>\u201cMerhabalar Hocam, Bizim \u00c7aykara Ortaokulu ile ilgili \u00e7al\u0131\u015fmam\u0131zda etik kurul onay a\u015famas\u0131 tamamland\u0131. O y\u00fczden anket \u00e7al\u0131\u015fmalar\u0131na ba\u015fl\u0131yoruz. Size iki link g\u00f6nderece\u011fim. Bunlardan birincisi okulu kullananlar\u0131n g\u00f6r\u00fc\u015flerini, ikincisine \u00c7aykaral\u0131lar\u0131n g\u00f6r\u00fc\u015flerinin al\u0131nmas\u0131n\u0131 i\u00e7eriyor. Birinci \u00e7al\u0131\u015fmada okulun \u015fematik planlar\u0131n\u0131n (bodrum ve giri\u015f kat\u0131) \u00e7izilip foto\u011fraf\u0131n\u0131n y\u00fcklenmesi \u00f6nemli. Hocam, bu linkleri yak\u0131n \u00e7evrenizde konu ile ilgili ki\u015filer ile payla\u015fman\u0131z\u0131 rica ediyoruz. Ayr\u0131ca sizin yaz\u0131 yazd\u0131\u011f\u0131n\u0131z \u00c7aykara G\u00fcndem de payla\u015fma \u015fans\u0131m\u0131z olur mu? Bu konuda bize yard\u0131mc\u0131 olabilir misiniz? Her \u015fey i\u00e7in \u015fimdiden \u00e7ok te\u015fekk\u00fcr ederim. Sayg\u0131lar\u0131mla..<\/p>\n<p><span><i><strong>Do\u00e7. Dr. Havva \u00d6zdo\u011fan<\/strong><\/i><\/span><\/p>\n<p><span><i><strong>Recep Tayyip Erdo\u011fan \u00dcniversitesi\u00a0<\/strong><\/i><\/span><\/p>\n<p><span><i><strong>Mimarl\u0131k B\u00f6l\u00fcm\u00fc<\/strong>.\u201d<\/i><\/span><\/p>\n<p>Projenin ad\u0131 &#8220;M\u0130MAR\u0130 M\u0130RAS U\u0308RU\u0308NLER\u0130N\u0130N FARKLI DO\u0308NEM KULLANIMLARININ UYARLANAB\u0130L\u0130R I\u0307S\u0327LEV AC\u0327ISINDAN ANAL\u0130ZLER\u0130: ESK\u0130 C\u0327AYKARA ORTAOKULU B\u0130NASI O\u0308RNEG\u0306\u0130&#8221;.<\/p>\n<p>Proje ekibi: Do\u00e7. Dr. Havva (Kara) Erdo\u011fan, Prof. Dr Sonay \u00c7evik ve Ar\u015f. G\u00f6r. Dr. Ev\u015fen Yetim.<\/p>\n<p>Haberle\u015fme Adresi: havva.ozdogan@erdogan.edu.tr \u00a0\u00a0\u00a0\u00a0\u00a0\u00a0\u00a0\u00a0\u00a0\u00a0\u00a0\u00a0\u00a0\u00a0\u00a0\u00a0\u00a0\u00a0\u00a0\u00a0\u00a0\u00a0\u00a0\u00a0\u00a0\u00a0\u00a0\u00a0\u00a0\u00a0\u00a0\u00a0\u00a0\u00a0\u00a0\u00a0\u00a0\u00a0\u00a0\u00a0\u00a0\u00a0\u00a0\u00a0\u00a0\u00a0\u00a0\u00a0\u00a0\u00a0\u00a0\u00a0\u00a0\u00a0\u00a0\u00a0\u00a0\u00a0\u00a0\u00a0\u00a0\u00a0\u00a0\u00a0\u00a0\u00a0\u00a0\u00a0\u00a0\u00a0\u00a0\u00a0\u00a0\u00a0\u00a0\u00a0\u00a0\u00a0\u00a0\u00a0\u00a0\u00a0\u00a0\u00a0\u00a0\u00a0\u00a0\u00a0\u00a0\u00a0\u00a0\u00a0\u00a0\u00a0\u00a0\u00a0\u00a0\u00a0\u00a0\u00a0\u00a0\u00a0\u00a0\u00a0<\/p>\n<p>ANKET:1<\/p>\n<p><a target=\"_blank\" rel=\"noopener noreferrer\" href=\"https:\/\/accounts.google.com\/v3\/signin\/identifier?continue=https%3A%2F%2Fdocs.google.com%2Fforms%2Fd%2Fe%2F1FAIpQLSfUvW4Upcn7Cp_JekrXBmKg5-wQY3SnlSOgsIdH8rJ4MrnzPQ%2Fviewform%3Fusp%3Dsend_form&#038;dsh=S-1021923329%3A1758900830298398&#038;followup=https%3A%2F%2Fdocs.google.com%2Fforms%2Fd%2Fe%2F1FAIpQLSfUvW4Upcn7Cp_JekrXBmKg5-wQY3SnlSOgsIdH8rJ4MrnzPQ%2Fviewform%3Fusp%3Dsend_form&#038;ifkv=AfYwgwVgOTCVip85j5p_w0NcJTkZJmKUorN3yvVV7K5SwrAfBKXtRwMCq5uofmTk8qCXvbppb3wkFw&#038;ltmpl=forms&#038;osid=1&#038;passive=1209600&#038;service=wise&#038;flowName=GlifWebSignIn&#038;flowEntry=ServiceLogin\"><span>https:\/\/accounts.google.com\/v3\/signin\/identifier?continue=https%3A%2F%2Fdocs.google.com%2Fforms%2Fd%2Fe%2F1FAIpQLSfUvW4Upcn7Cp_JekrXBmKg5-wQY3SnlSOgsIdH8rJ4MrnzPQ%2Fviewform%3Fusp%3Dsend_form&#038;dsh=S-1021923329%3A1758900830298398&#038;followup=https%3A%2F%2Fdocs.google.com%2Fforms%2Fd%2Fe%2F1FAIpQLSfUvW4Upcn7Cp_JekrXBmKg5-wQY3SnlSOgsIdH8rJ4MrnzPQ%2Fviewform%3Fusp%3Dsend_form&#038;ifkv=AfYwgwVgOTCVip85j5p_w0NcJTkZJmKUorN3yvVV7K5SwrAfBKXtRwMCq5uofmTk8qCXvbppb3wkFw<\/span><\/a><\/p>\n<p><strong>ANKET: 2<\/strong><\/p>\n<p><a target=\"_blank\" rel=\"noopener noreferrer\" href=\"https:\/\/docs.google.com\/forms\/d\/e\/1FAIpQLScjAMjWCgvmI0Lxc1d5OIWgF2GnmuFwLphc-KK5fJWF4O61VA\/viewform\">https:\/\/docs.google.com\/forms\/d\/e\/1FAIpQLScjAMjWCgvmI0Lxc1d5OIWgF2GnmuFwLphc-KK5fJWF4O61VA\/viewform<\/a><\/p>\n<p><strong>DE\u011eERLEND\u0130RME<\/strong><\/p>\n<p>Bu bina, \u201c1929 Of Sel Felaketinden sonra, \u00e7ar\u015f\u0131 i\u00e7inde okul arsas\u0131 bulmayan insanlar taraf\u0131ndan \u00e7ar\u015f\u0131dan uzakta, Nahiye Merkezi olan Katahor (I\u015f\u0131kl\u0131)\u2019da 5 s\u0131n\u0131fl\u0131 ilkokul olarak 1931 y\u0131l\u0131nda yapt\u0131r\u0131lm\u0131\u015ft\u0131r. Yakla\u015f\u0131k 20 y\u0131l etraftaki k\u00f6ylerden ilkokul \u00f6\u011frencileri 5-10 kilometre mesafelerden bu okula gidip gelmi\u015flerdir. Eskilerden dinlediklerimize g\u00f6re baz\u0131 \u00f6\u011frenciler \u00e7ar\u0131kla, baz\u0131lar\u0131 yal\u0131n ayak \u00e7amurlu ve karl\u0131 patikalarda y\u00fcr\u00fcyerek okula devam etmi\u015flerdir.<\/p>\n<p>Bina, 1952\u2019den sonra \u00c7aykara Ortaokulu olarak kullan\u0131lm\u0131\u015ft\u0131r. Bu yap\u0131, d\u0131\u015f duvarlar\u0131 ta\u015f, \u00fcst\u00fc s\u0131val\u0131 iki katl\u0131, \u00e7at\u0131s\u0131 kiremitli bir binayd\u0131.5-10 kilometre mesafedeki k\u00f6ylerin muhtarlar\u0131ndan kereste kiremit ta\u015f gibi malzemeler istenmi\u015ftir. Halktan temin edilen in\u015faat malzemeleri ahali taraf\u0131ndan in\u015faat yerine ta\u015f\u0131nm\u0131\u015f. K\u0131sacas\u0131 yerli kalk\u0131n eme\u011fi ile meydana getirilmi\u015f bir yap\u0131d\u0131r. Ba\u015flang\u0131\u00e7ta kuzey cephesindeki alt kattan binaya girilirken daha sonra g\u00fcney cephesinde bir kap\u0131 a\u00e7\u0131lm\u0131\u015f ve ta\u015f merdivenlerle giri\u015f kap\u0131s\u0131na ula\u015f\u0131l\u0131r olmu\u015f. \u00c7\u00fcnk\u00fc kuzey cephesinden so\u011fuk hava rahats\u0131z ediciymi\u015f. G\u00fcney cephesindeki bah\u00e7e, dere kenarlar\u0131ndan \u00f6\u011frencilerin getirdi\u011fi dere ta\u015flar\u0131 ile kaplanm\u0131\u015f. Ayr\u0131ca bu bah\u00e7ede akasya a\u011fa\u00e7lar\u0131 dikilmi\u015fti.<\/p>\n<p>\u00c7aykara merkezinden yakla\u015f\u0131k 200 metre y\u00fcksekte yer alan bu yap\u0131, g\u00fcne\u015fli g\u00fcnlerde b\u00fct\u00fcn g\u00fcn g\u00fcne\u015f al\u0131r. Ayr\u0131ca y\u00fcksek\u00e7e bir yerde oldu\u011fundan her y\u00f6nden r\u00fczg\u00e2r al\u0131r ve rutubetli de\u011fildir. Binan\u0131n manzaras\u0131 \u00e7ok g\u00fczeldir. Bina yerinden b\u00fct\u00fcn vadi seyredilebilir. S\u00f6z\u00fc fazla uzatmadan bu bina ile ilgili babamdan \u00f6\u011frendiklerimi ve ya\u015fad\u0131klar\u0131m\u0131 2004 (A\u011f\u0131ralio\u011flu, 2004) ve 2016 (A\u011f\u0131ralio\u011flu, 2016) y\u0131llar\u0131nda yaz\u0131ya d\u00f6kt\u00fcm. 2016\u2019kaki yaz\u0131n\u0131n ilgili bir k\u0131sm\u0131n\u0131 a\u015fa\u011f\u0131ya al\u0131yorum. Ayr\u0131ca 13 A\u011fustos 2019 tarihinde okulun eski mezunlar\u0131, \u00c7aykara y\u00f6neticileri ve sivil toplum kurulu\u015fu \u00f6nderleri, yap\u0131n\u0131n restorasyonu i\u00e7in bir toplant\u0131 yapt\u0131lar. \u00dcmit ve temenni ediyoruz ki bu projenin yap\u0131lmas\u0131 tarihi binam\u0131z\u0131n restorasyonunun ba\u015flamas\u0131na vesile olur.<\/p>\n<p><span><strong>2016 Tarihli Yaz\u0131dan Notlar:\u00a0<\/strong><\/span><\/p>\n<p><span><strong>\u00c7AYKARA ORTAOKULU \u0130LK B\u0130NASI<\/strong><\/span><\/p>\n<p><span>1929 y\u0131l\u0131nda meydana gelen ve halk\u0131n\u00a0<i>B\u00fcy\u00fck Tufan<\/i>\u00a0dedi\u011fi sel felaketi, Solakl\u0131 vadisindeki Hadi Pazar\u0131, \u00c7aykara ve Dernekpazar\u0131 gibi b\u00fct\u00fcn yerle\u015fim yerlerini sular alt\u0131nda b\u0131rakm\u0131\u015f ve binalar\u0131n \u00e7o\u011funu y\u0131km\u0131\u015ft\u0131r. \u00c7aykara\u00b4da sadece nispeten y\u00fcksek yerlerdeki birka\u00e7 bina ayakta kalm\u0131\u015ft\u0131. \u00c7aykara\u00b4da halk taraf\u0131ndan bir ilkokul binas\u0131 yap\u0131lmak istenmi\u015f, bunun i\u00e7in merkezde ta\u015fk\u0131nlara kar\u015f\u0131 g\u00fcvenli bir arsa aranm\u0131\u015f, fakat bulunamam\u0131\u015ft\u0131. Nihayet Kadohor K\u00f6y\u00fcnde (I\u015f\u0131kl\u0131 Mahallesi) maddi durumu iyi olan ve Bayburt\u00b4ta da arazileri bulunan k\u00f6y\u00fcn ileri gelenlerinden Yusuf A\u011fa ( Hac\u0131hasano\u011flu) \u00c7aykara merkezinden olduk\u00e7a y\u00fcksekte, yakla\u015f\u0131k 400 metre kotunda, tepe \u00fcst\u00fcndeki geni\u015f bir tarlas\u0131n\u0131 okul yap\u0131lmas\u0131 i\u00e7in hediye etmi\u015ftir. Okul binas\u0131 halk taraf\u0131ndan yap\u0131lm\u0131\u015ft\u0131r.<\/span><\/p>\n<p><span>Arsa temininden sonra in\u015faat i\u015fi, malzeme temini hari\u00e7, ihale ediliyor. 280 metre rak\u0131m\u0131ndaki \u00e7ar\u015f\u0131 ile arsa yeri aras\u0131nda araba yolu olmad\u0131\u011f\u0131 i\u00e7in b\u00fct\u00fcn in\u015faat malzemelerinin insan s\u0131rt\u0131nda ta\u015f\u0131nmas\u0131 gerekiyor. Bu zor i\u015f i\u00e7in nispeten yak\u0131n olan E\u011fridere, I\u015f\u0131kl\u0131, Kabata\u015f, Ye\u015filalan ve Ta\u015f\u00f6ren gibi k\u00f6ylerin muhtarlar\u0131ndan yard\u0131m isteniyor. Ayr\u0131ca b\u00fct\u00fcn k\u00f6ylerdeki her haneden ya 3 TL para verme \u015fart\u0131 veya kereste getirme \u015fart\u0131 aran\u0131yor. 1930 y\u0131l\u0131nda 1 kilogram dana etinin fiyat\u0131 32 kuru\u015ftur. Fakat o d\u00f6nemde her hanenin 3 TL vermesi pek kolay de\u011fil. Pek \u00e7ok hane kereste getirmeyi tercih ediyor. Para veya keresteden ba\u015fka her muhtarl\u0131\u011f\u0131n belli say\u0131da k\u00f6\u015fe ta\u015f\u0131 sa\u011flamas\u0131 gerekiyor.<\/span><\/p>\n<p><span>Keresteler erkekler taraf\u0131ndan omuzlarda; kum ve \u00e7ak\u0131l ise 1,0-1,5 kilometre mesafede ve arsadan 1,50 metre a\u015fa\u011f\u0131da olan Solakl\u0131 ve Ye\u015filalan derelerinden kad\u0131nlar taraf\u0131ndan; ta\u015flar da ip veya sepetlerle yine kad\u0131nlar taraf\u0131ndan s\u0131rtlarda ta\u015f\u0131narak b\u00fcy\u00fck me\u015fakkatlerle in\u015faat yerine getiriliyor. Binan\u0131n in\u015faat malzemelerinin ta\u015f\u0131nmas\u0131nda erkeklerden daha \u00e7ok kad\u0131nlar\u0131n eme\u011fi ge\u00e7mi\u015ftir. Bununla birlikte yeri k\u00f6ylere uzak oldu\u011fu i\u00e7in ve hen\u00fcz kad\u0131nlar\u0131n okutulmas\u0131 g\u00f6renek haline gelmedi\u011fi i\u00e7in bu binada verilen ilkokul e\u011fitim hizmetinden b\u00f6lge kad\u0131nlar\u0131 pek fazla faydalanam\u0131yor.<\/span><\/p>\n<p><span>Okul yap\u0131s\u0131 do\u011fu- bat\u0131 do\u011frultusunda dikd\u00f6rtgen \u015feklinde uzanm\u0131\u015f bir plan \u00fczerine kuruludur. Bina 2,0-2,5 metre y\u00fcksekli\u011findeki bir bah\u00e7e kat\u0131 \u00fczerine kurulmu\u015f ve normal 1 kattan ibarettir. Binaya g\u00fcney cephesinden iki taraftan y\u00fckselen 8-10 basamakl\u0131 bir merdivenle \u00e7\u0131k\u0131lmaktad\u0131r\u00a0<\/span><\/p>\n<figure><img decoding=\"async\" src=\"https:\/\/caykaragundem.com\/resimler\/2025-9\/28\/58165306851814.webp\"><\/figure>\n<p><span><strong>\u015eekil 2<\/strong>\u00a0\u00c7aykara eski ortaokul binas\u0131, \u00e7ar\u015f\u0131dan geli\u015fte giri\u015f merdiveni.\u00a0<\/span><\/p>\n<p><span>Geni\u015f bir hol\u00fc ve koridoru vard\u0131. \u0130\u00e7ine 5 s\u0131n\u0131f ve birka\u00e7 idare odas\u0131 yerle\u015ftirilmi\u015fti. Tuvaletler bah\u00e7ede yap\u0131lm\u0131\u015ft\u0131. B\u00fct\u00fcn duvarlar ta\u015f ile \u00f6r\u00fclm\u00fc\u015f, daha sonra s\u0131vanm\u0131\u015ft\u0131. D\u00f6\u015femeler betonarme olmakla birlikte yerler ah\u015fap tahtalarla kaplanm\u0131\u015ft\u0131. Binan\u0131n d\u0131\u015f cephelerine ah\u015fap do\u011framal\u0131 geni\u015f pencereler konmu\u015ftu.<\/span><\/p>\n<figure><img decoding=\"async\" src=\"https:\/\/caykaragundem.com\/resimler\/2025-9\/28\/923771352630800.webp\"><\/figure>\n<p><span>\u00a0<strong>\u015eekil 3<\/strong>\u00a0\u00c7aykara eski ortaokul binas\u0131, \u00f6n cepheden g\u00f6r\u00fcn\u00fc\u015f\u00a0<\/span><\/p>\n<p><span>Okulun G\u00fcney taraf\u0131 \u00f6n bah\u00e7e, kuzey taraf\u0131 arka bah\u00e7esidir. \u00d6n bah\u00e7e y\u00f6rede pek rastlanmayan ve d\u0131\u015fardan getirilip dikildi\u011fi tahmin edilen akasya a\u011fa\u00e7lar\u0131 ile s\u00fcslenmi\u015fti.<\/span><\/p>\n<p><span>Okul in\u015faat\u0131 1931 y\u0131l\u0131nda tamamlan\u0131yor. Okulun arka cephesinde pencerelerin \u00fcst hizas\u0131nda, orta yerde s\u0131va kabartmas\u0131 \u015feklinde\u00a0<i>1931\u00a0<\/i>yaz\u0131s\u0131 hala okunabilmektedir. \u00a0(<strong>\u015eekil 4<\/strong>). Binada 1932 y\u0131l\u0131nda ilkokul e\u011fitimi ba\u015flam\u0131\u015ft\u0131 (A\u011f\u0131ralio\u011flu, 2004). Arsay\u0131 temin eden ve bu bina yap\u0131m\u0131nda eme\u011fi ge\u00e7en kad\u0131n ve erkek herkesi minnet, \u015f\u00fckran ve rahmetle an\u0131yoruz.<\/span><\/p>\n<figure><img decoding=\"async\" src=\"https:\/\/caykaragundem.com\/resimler\/2025-9\/28\/73409303877565.webp\"><\/figure>\n<p><span><strong>\u015eekil\u00a04<\/strong>\u00a0\u00c7aykara eski ortaokul binas\u0131, arka cepheden g\u00f6r\u00fcn\u00fc\u015f.\u00a0<\/span><\/p>\n<p><span><strong>KAYNAKLAR<\/strong><\/span><\/p>\n<p><span>A\u011f\u0131ralio\u011flu, Necati, \u00c7aykara E\u011fitiminde Bir K\u00f6\u015fe Ta\u015f\u0131: Ortaokul Binas\u0131, \u00c7aykaral\u0131lar Haber, Yorum, K\u00fclt\u00fcr ve Sanat Dergisi, Y\u0131l: 13, say\u0131:18, sayfa 4-7, Haziran 2004.<\/span><\/p>\n<p><span><strong>A\u011f\u0131ralio\u011flu, Necati,\u00a0\u00c7aykara Ortaokulu, \u00c7aykara G\u00fcndem Gazetesi,\u00a028.06.2016.<\/strong><\/span><\/p>\n<p><span><strong>\u00c7aykara\u00b4n\u0131n Tarihi Okuluna Sahip \u00c7\u0131kt\u0131lar, \u00c7aykara G\u00fcndem Gazetesi,\u00a013.08.2019.\u00a0<\/strong><\/span><\/p>\n<p>          <\/div>\n","protected":false},"excerpt":{"rendered":"<p>\u00c7aykara Eski Orta Okulu i\u00e7in i\u00e7lerinde \u00c7aykaral\u0131 Do\u00e7. Dr. \u00d6\u011fretim \u00dcyesi Havva (Kara) \u00d6zdo\u011fan\u2019\u0131n da oldu\u011fu bir mimar-akademisyenler grubu taraf\u0131ndan bir proje haz\u0131rlanmas\u0131 i\u015fi, \u201c\u00dcniversite Etik Kurulunca\u201d kabul edilmi\u015ftir. Havva \u00d6zdo\u011fan Han\u0131m, biz \u00c7aykaral\u0131lardan ve ilgilenenlerden yard\u0131m beklemektedir. A\u015fa\u011f\u0131daki yaz\u0131y\u0131 bana g\u00f6ndermi\u015ftir. Ben de sizlere haber vermek istiyorum. \u201cMerhabalar Hocam, Bizim \u00c7aykara Ortaokulu ile ilgili [&hellip;]<\/p>\n","protected":false},"author":1,"featured_media":5146,"comment_status":"open","ping_status":"open","sticky":false,"template":"","format":"standard","meta":{"tdm_status":"","tdm_grid_status":"","footnotes":""},"categories":[40],"tags":[],"class_list":{"0":"post-5145","1":"post","2":"type-post","3":"status-publish","4":"format-standard","5":"has-post-thumbnail","7":"category-caykara"},"_links":{"self":[{"href":"https:\/\/zeleka.com\/index.php?rest_route=\/wp\/v2\/posts\/5145","targetHints":{"allow":["GET"]}}],"collection":[{"href":"https:\/\/zeleka.com\/index.php?rest_route=\/wp\/v2\/posts"}],"about":[{"href":"https:\/\/zeleka.com\/index.php?rest_route=\/wp\/v2\/types\/post"}],"author":[{"embeddable":true,"href":"https:\/\/zeleka.com\/index.php?rest_route=\/wp\/v2\/users\/1"}],"replies":[{"embeddable":true,"href":"https:\/\/zeleka.com\/index.php?rest_route=%2Fwp%2Fv2%2Fcomments&post=5145"}],"version-history":[{"count":0,"href":"https:\/\/zeleka.com\/index.php?rest_route=\/wp\/v2\/posts\/5145\/revisions"}],"wp:featuredmedia":[{"embeddable":true,"href":"https:\/\/zeleka.com\/index.php?rest_route=\/wp\/v2\/media\/5146"}],"wp:attachment":[{"href":"https:\/\/zeleka.com\/index.php?rest_route=%2Fwp%2Fv2%2Fmedia&parent=5145"}],"wp:term":[{"taxonomy":"category","embeddable":true,"href":"https:\/\/zeleka.com\/index.php?rest_route=%2Fwp%2Fv2%2Fcategories&post=5145"},{"taxonomy":"post_tag","embeddable":true,"href":"https:\/\/zeleka.com\/index.php?rest_route=%2Fwp%2Fv2%2Ftags&post=5145"}],"curies":[{"name":"wp","href":"https:\/\/api.w.org\/{rel}","templated":true}]}}