{"id":5143,"date":"2025-11-12T00:29:26","date_gmt":"2025-11-11T21:29:26","guid":{"rendered":"https:\/\/zeleka.com\/?p=5143"},"modified":"2025-11-12T00:29:26","modified_gmt":"2025-11-11T21:29:26","slug":"uzungol-elmali-mahallesinde-evindeki-insaatta-calisirken-gecirmis-oldugu-talihsiz-bir-kaza-sonucu-hayatini-kaybeden-yunus-mutluelmali-mahallesinde-son-yolculuguna-ugurland","status":"publish","type":"post","link":"https:\/\/zeleka.com\/?p=5143","title":{"rendered":"<div id=\"detaymetin\">                            <p>Uzung\u00f6l Elmal\u0131 Mahallesinde evindeki in\u015faatta \u00e7al\u0131\u015f\u0131rken ge\u00e7irmi\u015f oldu\u011fu talihsiz bir kaza sonucu hayat\u0131n\u0131 kaybeden Yunus Mutlu,Elmal\u0131 Mahallesinde son yolculu\u011funa u\u011furland\u0131.<\/p><p>\u0130n\u015faat Ustas\u0131 olan Yun"},"content":{"rendered":"<div id=\"detaymetin\">\n<p>Uzung\u00f6l Elmal\u0131 Mahallesinde evindeki in\u015faatta \u00e7al\u0131\u015f\u0131rken ge\u00e7irmi\u015f oldu\u011fu talihsiz bir kaza sonucu hayat\u0131n\u0131 kaybeden Yunus Mutlu,Elmal\u0131 Mahallesinde son yolculu\u011funa u\u011furland\u0131.<\/p>\n<p>\u0130n\u015faat Ustas\u0131 olan Yunus Mutlu Elmal\u0131 Mahallesinde yolun alt k\u0131sm\u0131nda bulunan evinin \u00fcst kat\u0131na \u00e7\u0131kan d\u0131\u015f merdiveni yeniden yapmak isteyen Yunus Mutlu eski merdiveni k\u0131rmaya \u00e7al\u0131\u015f\u0131rken \u00fcstte bulunan merdivenin k\u0131r\u0131larak kafas\u0131n\u0131n \u00fcst\u00fcne d\u00fc\u015fmesi sonucunda boynunu\u00a0 k\u0131r\u0131lmas\u0131 sonucu hayat\u0131n\u0131 kaybetmi\u015fti.<\/p>\n<figure><img decoding=\"async\" src=\"https:\/\/caykaragundem.com\/resimler\/2025-10\/5\/76577224577420.webp\"><\/figure>\n<p>Gen\u00e7 ya\u015fta hayat\u0131n\u0131 kaybeden merhum Yunus Mutlu,Sait ve Dursun Mutlu\u2019nun karde\u015fleri,Kemalettin ve Vahdettin Mutlu\u2019nun babalar\u0131yd\u0131.<\/p>\n<p>Sessiz sakin ki\u015fili\u011fi ve insanlar ile kurmu\u015f oldu\u011fu \u00f6rnek ve g\u00fczel ileti\u015fimi ile toplumda herkes taraf\u0131ndan b\u00fcy\u00fck bir takdir g\u00f6ren Yunus Mutlu\u2019nun gen\u00e7 ya\u015fta ani vefat\u0131 Uzung\u00f6l\u2019\u00fc ve Elmal\u0131 Mahallesini g\u00f6z ya\u015flar\u0131na bo\u011fdu.<\/p>\n<figure><img decoding=\"async\" src=\"https:\/\/caykaragundem.com\/resimler\/2025-10\/5\/647951511111902.webp\"><\/figure>\n<p>Merhum Yunus Mutlu\u2019nun cenazesi 5 Ekim 2025 Pazar g\u00fcn\u00fc \u00f6\u011fle namaz\u0131na m\u00fcteakip Elmal\u0131 Mahallesinde k\u0131l\u0131narak ayn\u0131 yerde bulunan aile kabristanl\u0131\u011f\u0131nda son yolculu\u011funa u\u011furland\u0131.<\/p>\n<p>Cenaze namaz\u0131na \u00c7aykara Belediye Ba\u015fkan\u0131 Hanefi Tok,Uzung\u00f6l Muhtar\u0131 Selman Dilek,K\u00f6seli Mahallesi Muhtar\u0131 Mustafa \u00d6zen,Uzung\u00f6l Turizmciler Derne\u011fi Ba\u015fkan\u0131 Mehmet Kele\u015f ve \u00e7ok kalabal\u0131k bir vatanda\u015f toplulu\u011fu kat\u0131l\u0131m sa\u011flad\u0131.<\/p>\n<figure><img decoding=\"async\" src=\"https:\/\/caykaragundem.com\/resimler\/2025-10\/5\/942391175247393.webp\"><\/figure>\n<p>\u00c7aykara G\u00fcndem Gazetesi olarak merhum Yunus Mutlu\u2019ya Allah\u2019tan rahmet,kederli ailesine ba\u015f sa\u011fl\u0131\u011f\u0131 dileklerimizi iletiyoruz.<\/p>\n<p>\u0130LET\u0130\u015e\u0130M<\/p>\n<p>Sait Mutlu\u00a0Mutlu-Abisi-0 536 2762300\u00a0<\/p>\n<p>Dursun Mutlu-Abisi-0 542 4351461\u00a0<\/p>\n<p>Kemalettin Mutlu-O\u011flu-0 537 051 12 41\u00a0<\/p>\n<p>Vahdettin Mutlu-O\u011flu-0 530 130 35 24<\/p>\n<p>          <\/div>\n","protected":false},"excerpt":{"rendered":"<p>Uzung\u00f6l Elmal\u0131 Mahallesinde evindeki in\u015faatta \u00e7al\u0131\u015f\u0131rken ge\u00e7irmi\u015f oldu\u011fu talihsiz bir kaza sonucu hayat\u0131n\u0131 kaybeden Yunus Mutlu,Elmal\u0131 Mahallesinde son yolculu\u011funa u\u011furland\u0131. \u0130n\u015faat Ustas\u0131 olan Yunus Mutlu Elmal\u0131 Mahallesinde yolun alt k\u0131sm\u0131nda bulunan evinin \u00fcst kat\u0131na \u00e7\u0131kan d\u0131\u015f merdiveni yeniden yapmak isteyen Yunus Mutlu eski merdiveni k\u0131rmaya \u00e7al\u0131\u015f\u0131rken \u00fcstte bulunan merdivenin k\u0131r\u0131larak kafas\u0131n\u0131n \u00fcst\u00fcne d\u00fc\u015fmesi sonucunda boynunu\u00a0 [&hellip;]<\/p>\n","protected":false},"author":1,"featured_media":5144,"comment_status":"open","ping_status":"open","sticky":false,"template":"","format":"standard","meta":{"tdm_status":"","tdm_grid_status":"","footnotes":""},"categories":[40],"tags":[],"class_list":{"0":"post-5143","1":"post","2":"type-post","3":"status-publish","4":"format-standard","5":"has-post-thumbnail","7":"category-caykara"},"_links":{"self":[{"href":"https:\/\/zeleka.com\/index.php?rest_route=\/wp\/v2\/posts\/5143","targetHints":{"allow":["GET"]}}],"collection":[{"href":"https:\/\/zeleka.com\/index.php?rest_route=\/wp\/v2\/posts"}],"about":[{"href":"https:\/\/zeleka.com\/index.php?rest_route=\/wp\/v2\/types\/post"}],"author":[{"embeddable":true,"href":"https:\/\/zeleka.com\/index.php?rest_route=\/wp\/v2\/users\/1"}],"replies":[{"embeddable":true,"href":"https:\/\/zeleka.com\/index.php?rest_route=%2Fwp%2Fv2%2Fcomments&post=5143"}],"version-history":[{"count":0,"href":"https:\/\/zeleka.com\/index.php?rest_route=\/wp\/v2\/posts\/5143\/revisions"}],"wp:featuredmedia":[{"embeddable":true,"href":"https:\/\/zeleka.com\/index.php?rest_route=\/wp\/v2\/media\/5144"}],"wp:attachment":[{"href":"https:\/\/zeleka.com\/index.php?rest_route=%2Fwp%2Fv2%2Fmedia&parent=5143"}],"wp:term":[{"taxonomy":"category","embeddable":true,"href":"https:\/\/zeleka.com\/index.php?rest_route=%2Fwp%2Fv2%2Fcategories&post=5143"},{"taxonomy":"post_tag","embeddable":true,"href":"https:\/\/zeleka.com\/index.php?rest_route=%2Fwp%2Fv2%2Ftags&post=5143"}],"curies":[{"name":"wp","href":"https:\/\/api.w.org\/{rel}","templated":true}]}}