{"id":5141,"date":"2025-11-12T00:29:27","date_gmt":"2025-11-11T21:29:27","guid":{"rendered":"https:\/\/zeleka.com\/?p=5141"},"modified":"2025-11-12T00:29:27","modified_gmt":"2025-11-11T21:29:27","slug":"caykara-gundem-yenileniyor-guvenilir-habercilige-yeni-bir-yuzcaykaranin-sesi-bolgenin-nabzi-olan-caykara-gundem-haber-sitesi-dijital-yuzunu-yenileyerek-ok","status":"publish","type":"post","link":"https:\/\/zeleka.com\/?p=5141","title":{"rendered":"<div id=\"detaymetin\">                            <p>\u00a0<strong>\u00c7aykara G\u00fcndem Yenileniyor: G\u00fcvenilir Habercili\u011fe Yeni Bir Y\u00fcz<\/strong><\/p><p>\u00c7aykara\u2019n\u0131n sesi, b\u00f6lgenin nabz\u0131 olan <i>\u00c7aykara G\u00fcndem<\/i> haber sitesi, dijital y\u00fcz\u00fcn\u00fc yenileyerek okuyucular\u0131na d"},"content":{"rendered":"<div id=\"detaymetin\">\n<p>\u00a0<strong>\u00c7aykara G\u00fcndem Yenileniyor: G\u00fcvenilir Habercili\u011fe Yeni Bir Y\u00fcz<\/strong><\/p>\n<p>\u00c7aykara\u2019n\u0131n sesi, b\u00f6lgenin nabz\u0131 olan <i>\u00c7aykara G\u00fcndem<\/i> haber sitesi, dijital y\u00fcz\u00fcn\u00fc yenileyerek okuyucular\u0131na daha sade, daha g\u00fcvenilir ve daha etkili bir deneyim sunmaya haz\u0131rlan\u0131yor.<\/p>\n<p><strong>Yeni Logo, Yeni Anlamlar<\/strong><br \/>Yenilenen logomuz, sadece g\u00f6rsel bir de\u011fi\u015fim de\u011fil; ayn\u0131 zamanda yerel habercilik kimli\u011fimizin ve g\u00fcvenilirlik ilkemizin g\u00fc\u00e7l\u00fc bir yans\u0131mas\u0131d\u0131r.<\/p>\n<ul>\n<li>\u201c<strong>\u00c7AYKARA<\/strong>\u201d kelimesindeki <strong>\u00c7 harfi<\/strong>, pusula formunda tasarlanarak do\u011fruyu ve g\u00fcvenilir habercili\u011fi simgelemektedir.<\/li>\n<li>Merkeze yerle\u015ftirilen bu \u00f6zel karakter, yol g\u00f6sterici bir rehber niteli\u011fi ta\u015f\u0131rken, izleyiciye y\u00f6n ve de\u011fer sunmay\u0131 ama\u00e7lamaktad\u0131r.<\/li>\n<li>Renk paletimizde tercih edilen <strong>bordoya \u00e7alan k\u0131rm\u0131z\u0131 tonlar\u0131<\/strong>, hem Trabzon\u2019umuzun karakteristik rengini \u00e7a\u011fr\u0131\u015ft\u0131rmakta hem de haber d\u00fcnyas\u0131n\u0131n \u201cacil, g\u00fcncel ve dikkat \u00e7ekici\u201d do\u011fas\u0131na vurgu yapmaktad\u0131r.<\/li>\n<li>\u201c<strong>G\u00dcNDEM<\/strong>\u201d kelimesi, ayn\u0131 tonlardaki kutucuk i\u00e7erisinde sunularak anl\u0131k bilgiye dair g\u00fc\u00e7l\u00fc bir odak noktas\u0131 olu\u015fturmakta, izleyiciye g\u00fcncel i\u00e7erik sinyali vermektedir.<\/li>\n<\/ul>\n<p><strong>Daha Sade, Daha Etkili Bir Yap\u0131<\/strong><br \/>Logomuzun \u00f6tesinde, <i>\u00c7aykara G\u00fcndem<\/i>\u2019in teknik altyap\u0131s\u0131 da ba\u015ftan sona g\u00f6zden ge\u00e7irildi.<\/p>\n<ul>\n<li>Karma\u015f\u0131k mod\u00fcller sadele\u015ftirildi, sayfa yap\u0131s\u0131 daha okunabilir ve g\u00f6z yormayan bir forma kavu\u015ftu.<\/li>\n<li>K\u00f6\u015fe yazarlar\u0131 b\u00f6l\u00fcm\u00fcm\u00fcz\u00fc geni\u015fletme hedefimiz do\u011frultusunda, farkl\u0131 bak\u0131\u015f a\u00e7\u0131lar\u0131na yer vererek okuyucular\u0131m\u0131za daha zengin i\u00e7erikler sunmay\u0131 planl\u0131yoruz.<\/li>\n<li>Yak\u0131n d\u00f6nemde ger\u00e7ekle\u015ftirece\u011fimiz r\u00f6portajlarla, hem\u015fehrilerimizin sesini duyuracak; k\u00fclt\u00fcrel el\u00e7ili\u011fimizi dijital d\u00fcnyada daha g\u00fc\u00e7l\u00fc bir \u015fekilde temsil edece\u011fiz.<\/li>\n<\/ul>\n<p><strong>Mobilde de Yan\u0131n\u0131zday\u0131z<\/strong><br \/>Art\u0131k <i>\u00c7aykara G\u00fcndem<\/i>\u2019e sadece web \u00fczerinden de\u011fil, <strong>iOS ve Android uygulamalar\u0131m\u0131z<\/strong> arac\u0131l\u0131\u011f\u0131yla da kolayca eri\u015febilirsiniz.<\/p>\n<ul>\n<li>Uygulamam\u0131z\u0131 indirerek haberlerimize an\u0131nda ula\u015fabilir, bildirimlerle g\u00fcncel geli\u015fmeleri ka\u00e7\u0131rmadan takip edebilirsiniz.<\/li>\n<li>Mobil deneyimimiz, sade aray\u00fcz\u00fc ve h\u0131zl\u0131 eri\u015fimiyle her an yan\u0131n\u0131zda.<\/li>\n<\/ul>\n<p><strong>S\u00f6z\u00fcm\u00fcz Net: Yerel, G\u00fcncel, G\u00fcvenilir<\/strong><br \/>\u00c7aykara G\u00fcndem olarak, b\u00f6lgenin de\u011ferlerini ya\u015fatmak ve do\u011fru bilgiyi zaman\u0131nda sunmak i\u00e7in \u00e7\u0131kt\u0131\u011f\u0131m\u0131z bu yolda, g\u00f6rsel kimli\u011fimizle de bu anlay\u0131\u015f\u0131 peki\u015ftiriyoruz. Yeni y\u00fcz\u00fcm\u00fczle siz de\u011ferli okuyucular\u0131m\u0131z\u0131n kar\u015f\u0131s\u0131na \u00e7\u0131kmaktan mutluluk duyuyoruz.<\/p>\n<p>\u0130stersen bu metni g\u00f6rsel bir afi\u015fe, tan\u0131t\u0131m videosuna veya sosyal medya kampanyas\u0131na da d\u00f6n\u00fc\u015ft\u00fcrebiliriz. Uygulama indirme ba\u011flant\u0131lar\u0131n\u0131 eklemek istersen, App Store ve Google Play logolar\u0131yla birlikte \u00e7a\u011fr\u0131 metni haz\u0131rlayabilirim. Haz\u0131rsan bir sonraki ad\u0131m\u0131 birlikte \u015fekillendirelim.<\/p>\n<p>          <\/div>\n","protected":false},"excerpt":{"rendered":"<p>\u00a0\u00c7aykara G\u00fcndem Yenileniyor: G\u00fcvenilir Habercili\u011fe Yeni Bir Y\u00fcz \u00c7aykara\u2019n\u0131n sesi, b\u00f6lgenin nabz\u0131 olan \u00c7aykara G\u00fcndem haber sitesi, dijital y\u00fcz\u00fcn\u00fc yenileyerek okuyucular\u0131na daha sade, daha g\u00fcvenilir ve daha etkili bir deneyim sunmaya haz\u0131rlan\u0131yor. Yeni Logo, Yeni AnlamlarYenilenen logomuz, sadece g\u00f6rsel bir de\u011fi\u015fim de\u011fil; ayn\u0131 zamanda yerel habercilik kimli\u011fimizin ve g\u00fcvenilirlik ilkemizin g\u00fc\u00e7l\u00fc bir yans\u0131mas\u0131d\u0131r. \u201c\u00c7AYKARA\u201d kelimesindeki [&hellip;]<\/p>\n","protected":false},"author":1,"featured_media":5142,"comment_status":"open","ping_status":"open","sticky":false,"template":"","format":"standard","meta":{"tdm_status":"","tdm_grid_status":"","footnotes":""},"categories":[40],"tags":[],"class_list":{"0":"post-5141","1":"post","2":"type-post","3":"status-publish","4":"format-standard","5":"has-post-thumbnail","7":"category-caykara"},"_links":{"self":[{"href":"https:\/\/zeleka.com\/index.php?rest_route=\/wp\/v2\/posts\/5141","targetHints":{"allow":["GET"]}}],"collection":[{"href":"https:\/\/zeleka.com\/index.php?rest_route=\/wp\/v2\/posts"}],"about":[{"href":"https:\/\/zeleka.com\/index.php?rest_route=\/wp\/v2\/types\/post"}],"author":[{"embeddable":true,"href":"https:\/\/zeleka.com\/index.php?rest_route=\/wp\/v2\/users\/1"}],"replies":[{"embeddable":true,"href":"https:\/\/zeleka.com\/index.php?rest_route=%2Fwp%2Fv2%2Fcomments&post=5141"}],"version-history":[{"count":0,"href":"https:\/\/zeleka.com\/index.php?rest_route=\/wp\/v2\/posts\/5141\/revisions"}],"wp:featuredmedia":[{"embeddable":true,"href":"https:\/\/zeleka.com\/index.php?rest_route=\/wp\/v2\/media\/5142"}],"wp:attachment":[{"href":"https:\/\/zeleka.com\/index.php?rest_route=%2Fwp%2Fv2%2Fmedia&parent=5141"}],"wp:term":[{"taxonomy":"category","embeddable":true,"href":"https:\/\/zeleka.com\/index.php?rest_route=%2Fwp%2Fv2%2Fcategories&post=5141"},{"taxonomy":"post_tag","embeddable":true,"href":"https:\/\/zeleka.com\/index.php?rest_route=%2Fwp%2Fv2%2Ftags&post=5141"}],"curies":[{"name":"wp","href":"https:\/\/api.w.org\/{rel}","templated":true}]}}