{"id":5139,"date":"2025-11-12T00:29:28","date_gmt":"2025-11-11T21:29:28","guid":{"rendered":"https:\/\/zeleka.com\/?p=5139"},"modified":"2025-11-12T00:29:28","modified_gmt":"2025-11-11T21:29:28","slug":"saadet-partisi-bursa-milletvekili-mehmet-atmaca-gazzeye-insani-yardim-goturmek-amaciyla-yola-cikan-vicdan-gemisinde-yer-alan-isimler-arasindaydi-aciklamalara-go","status":"publish","type":"post","link":"https:\/\/zeleka.com\/?p=5139","title":{"rendered":"<div id=\"detaymetin\">                            <p>Saadet Partisi Bursa Milletvekili Mehmet Atmaca, Gazze\u2019ye insani yard\u0131m g\u00f6t\u00fcrmek amac\u0131yla yola \u00e7\u0131kan Vicdan Gemisi&#8217;nde yer alan isimler aras\u0131ndayd\u0131. A\u00e7\u0131klamalara g\u00f6re, \u0130srail donanmas\u0131 uluslararas\u0131 sular"},"content":{"rendered":"<div id=\"detaymetin\">\n<p>Saadet Partisi Bursa Milletvekili Mehmet Atmaca, Gazze\u2019ye insani yard\u0131m g\u00f6t\u00fcrmek amac\u0131yla yola \u00e7\u0131kan Vicdan Gemisi&#8217;nde yer alan isimler aras\u0131ndayd\u0131. A\u00e7\u0131klamalara g\u00f6re, \u0130srail donanmas\u0131 uluslararas\u0131 sularda filoya m\u00fcdahale etti ve teknelere \u00e7\u0131kt\u0131. Bu m\u00fcdahale s\u0131ras\u0131nda Atmaca&#8217;n\u0131n da \u0130srail kuvvetleri taraf\u0131ndan al\u0131konuldu\u011fu belirtildi.<\/p>\n<figure><img decoding=\"async\" src=\"https:\/\/caykaragundem.com\/resimler\/2025-10\/9\/1043711382385016.webp\"><\/figure>\n<p><span>\u0130srail askerleri Gazze \u015eeridi\u2019ne uygulanan ablukay\u0131 delmek ve insani yard\u0131m ula\u015ft\u0131rmak i\u00e7in yolda olan \u00d6zg\u00fcrl\u00fck Filosu Koalisyonu\u2019ndaki gemilere uluslararas\u0131 sularda sabah saatlerinde bask\u0131n d\u00fczenlemi\u015fti.<\/span><\/p>\n<p><span>\u0130srail D\u0131\u015fi\u015fleri Bakanl\u0131\u011f\u0131 m\u00fcdahale edilen gemi ve yolcular\u0131n \u00fclkedeki bir limana transfer edildi\u011fini duyurdu.<\/span><\/p>\n<p><span>Limana \u00e7ekilen gemilerden Vicdan\u2019da \u015fu milletvekilleri yer al\u0131yordu:<\/span><\/p>\n<ul>\n<li><span>Saadet Partisi Hatay Milletvekili Necmettin \u00c7al\u0131\u015fkan<\/span><\/li>\n<li><span>Saadet Partisi Bursa Milletvekili Mehmet Atmaca<\/span><\/li>\n<li><span>Gelecek Partisi Denizli Milletvekili Sema Silkin \u00dcn<\/span><\/li>\n<\/ul>\n<p><span>\u0130srail merkezli Kanal 12 askerlerin Gazze filosundaki dokuz gemiye sald\u0131rd\u0131\u011f\u0131n\u0131, yakla\u015f\u0131k 150 ki\u015fiyi al\u0131koydu\u011funu ve gemilerin A\u015fdod Liman\u0131\u2019na do\u011fru g\u00f6t\u00fcr\u00fcld\u00fc\u011f\u00fcn\u00fc duyurdu.<\/span><\/p>\n<p><span>Atmaca\u2019n\u0131n X hesab\u0131ndan payla\u015f\u0131lan a\u00e7\u0131klama \u015f\u00f6yle:<\/span><\/p>\n<p><span><strong>\u201c\u00d6zg\u00fcrl\u00fck Filosunda bulunan Milletvekillerimiz Mehmet Atmaca, Necmettin \u00c7al\u0131\u015fkan, Sema Silkin \u00dcn ve Filistin sevdal\u0131s\u0131 di\u011fer aktivistler, i\u015fgalci \u0130srail askerleri taraf\u0131ndan zorla al\u0131konulmu\u015f ve ka\u00e7\u0131r\u0131lm\u0131\u015ft\u0131r.<\/strong><\/span><\/p>\n<p><span><strong>\u015eu an itibariyle kendileriyle hi\u00e7bir \u015fekilde ileti\u015fim kurulamamaktad\u0131r.\u201d<\/strong><\/span><\/p>\n<figure><img decoding=\"async\" src=\"https:\/\/caykaragundem.com\/resimler\/2025-10\/9\/70887943617922.webp\"><\/figure>\n<p><strong>Mehmet Atmaca Nereli ve Ka\u00e7 Ya\u015f\u0131nda?<\/strong><\/p>\n<p>1966 y\u0131l\u0131nda Trabzon\u2019un \u00c7aykara il\u00e7esinde do\u011fan Mehmet Atmaca, aslen Trabzonludur. E\u011fitim hayat\u0131n\u0131 Bursa ve Eski\u015fehir&#8217;de tamamlayan Atmaca, in\u015faat m\u00fchendisli\u011fi alan\u0131nda uzmanla\u015fm\u0131\u015ft\u0131r. Hem yurt i\u00e7i hem de yurt d\u0131\u015f\u0131nda bir\u00e7ok \u00f6nemli projede g\u00f6rev alarak i\u015f d\u00fcnyas\u0131nda da kendine sa\u011flam bir yer edinmi\u015ftir.<\/p>\n<p><strong>Siyasi Kariyerine Nas\u0131l Ba\u015flad\u0131?<\/strong><\/p>\n<p>Siyasi kariyerine Refah Partisi \u00e7at\u0131s\u0131 alt\u0131nda ba\u015flayan Mehmet Atmaca, ilk olarak Alanyurt Belediye Meclis \u00dcyesi olarak g\u00f6rev ald\u0131. 2013 y\u0131l\u0131nda Saadet Partisi Bursa \u0130l Ba\u015fkan\u0131 olarak atand\u0131. Siyasi m\u00fccadelesini istikrarl\u0131 \u015fekilde s\u00fcrd\u00fcren Atmaca, 2023 genel se\u00e7imlerinde Saadet Partisi\u2019nden Bursa Milletvekili se\u00e7ildi.<\/p>\n<p><strong>TBMM&#8217;deki G\u00f6revleri Neler?<\/strong><\/p>\n<p><a target=\"_blank\" rel=\"noopener noreferrer\" href=\"https:\/\/www.instagram.com\/reel\/DPg0J7FDAXp\/?utm_source=ig_embed&#038;utm_campaign=loading\">Mehmet Atmaca (@mehmetatmacasp)&#8217;in payla\u015ft\u0131\u011f\u0131 bir g\u00f6nderi<\/a><\/p>\n<p>Mehmet Atmaca, T\u00fcrkiye B\u00fcy\u00fck Millet Meclisi\u2019nde Bay\u0131nd\u0131rl\u0131k, \u0130mar, Ula\u015ft\u0131rma ve Turizm Komisyonu \u00fcyesi olarak g\u00f6rev yap\u0131yor. M\u00fchendislik deneyimini yasama faaliyetlerine yans\u0131tmaya \u00f6zen g\u00f6steren Atmaca, ayn\u0131 zamanda Saadet Partisi Genel Ba\u015fkan Yard\u0131mc\u0131l\u0131\u011f\u0131 g\u00f6revini de y\u00fcr\u00fctmektedir.<\/p>\n<p><strong>Mehmet Atmaca&#8217;n\u0131n \u00d6zel Hayat\u0131<\/strong><\/p>\n<p>Evli ve d\u00f6rt \u00e7ocuk babas\u0131 olan Mehmet Atmaca, ailesine d\u00fc\u015fk\u00fcnl\u00fc\u011f\u00fcyle tan\u0131nmakta. Hem m\u00fchendislik hem de siyasetteki disiplini ile \u00f6rnek bir profil \u00e7izen Atmaca, toplumsal meselelerdeki hassasiyeti ve vicdani duru\u015fu ile dikkat \u00e7ekmektedir.<\/p>\n<p>          <\/div>\n","protected":false},"excerpt":{"rendered":"<p>Saadet Partisi Bursa Milletvekili Mehmet Atmaca, Gazze\u2019ye insani yard\u0131m g\u00f6t\u00fcrmek amac\u0131yla yola \u00e7\u0131kan Vicdan Gemisi&#8217;nde yer alan isimler aras\u0131ndayd\u0131. A\u00e7\u0131klamalara g\u00f6re, \u0130srail donanmas\u0131 uluslararas\u0131 sularda filoya m\u00fcdahale etti ve teknelere \u00e7\u0131kt\u0131. Bu m\u00fcdahale s\u0131ras\u0131nda Atmaca&#8217;n\u0131n da \u0130srail kuvvetleri taraf\u0131ndan al\u0131konuldu\u011fu belirtildi. \u0130srail askerleri Gazze \u015eeridi\u2019ne uygulanan ablukay\u0131 delmek ve insani yard\u0131m ula\u015ft\u0131rmak i\u00e7in yolda olan [&hellip;]<\/p>\n","protected":false},"author":1,"featured_media":5140,"comment_status":"open","ping_status":"open","sticky":false,"template":"","format":"standard","meta":{"tdm_status":"","tdm_grid_status":"","footnotes":""},"categories":[40],"tags":[],"class_list":{"0":"post-5139","1":"post","2":"type-post","3":"status-publish","4":"format-standard","5":"has-post-thumbnail","7":"category-caykara"},"_links":{"self":[{"href":"https:\/\/zeleka.com\/index.php?rest_route=\/wp\/v2\/posts\/5139","targetHints":{"allow":["GET"]}}],"collection":[{"href":"https:\/\/zeleka.com\/index.php?rest_route=\/wp\/v2\/posts"}],"about":[{"href":"https:\/\/zeleka.com\/index.php?rest_route=\/wp\/v2\/types\/post"}],"author":[{"embeddable":true,"href":"https:\/\/zeleka.com\/index.php?rest_route=\/wp\/v2\/users\/1"}],"replies":[{"embeddable":true,"href":"https:\/\/zeleka.com\/index.php?rest_route=%2Fwp%2Fv2%2Fcomments&post=5139"}],"version-history":[{"count":0,"href":"https:\/\/zeleka.com\/index.php?rest_route=\/wp\/v2\/posts\/5139\/revisions"}],"wp:featuredmedia":[{"embeddable":true,"href":"https:\/\/zeleka.com\/index.php?rest_route=\/wp\/v2\/media\/5140"}],"wp:attachment":[{"href":"https:\/\/zeleka.com\/index.php?rest_route=%2Fwp%2Fv2%2Fmedia&parent=5139"}],"wp:term":[{"taxonomy":"category","embeddable":true,"href":"https:\/\/zeleka.com\/index.php?rest_route=%2Fwp%2Fv2%2Fcategories&post=5139"},{"taxonomy":"post_tag","embeddable":true,"href":"https:\/\/zeleka.com\/index.php?rest_route=%2Fwp%2Fv2%2Ftags&post=5139"}],"curies":[{"name":"wp","href":"https:\/\/api.w.org\/{rel}","templated":true}]}}