{"id":5137,"date":"2025-11-12T00:29:29","date_gmt":"2025-11-11T21:29:29","guid":{"rendered":"https:\/\/zeleka.com\/?p=5137"},"modified":"2025-11-12T00:29:29","modified_gmt":"2025-11-11T21:29:29","slug":"israil-tarafindan-ali-konulan-trabzon-caykarali-bursa-milletvekili-mehmet-atmaca-turkiyeye-donuyor-israil-tarafindan-ozgurluk-filosunda-ali","status":"publish","type":"post","link":"https:\/\/zeleka.com\/?p=5137","title":{"rendered":"<div id=\"detaymetin\">                            <p><span>\u0130srail taraf\u0131ndan al\u0131 konulan Trabzon \u00c7aykara\u2019l\u0131 \u00a0Bursa milletvekili Mehmet Atmaca T\u00fcrkiye\u2019ye d\u00f6n\u00fcyor.<\/span><\/p><p><span>\u0130srail taraf\u0131ndan \u00d6zg\u00fcrl\u00fck Filosu\u2019nda al\u0131konulan \u00fc\u00e7 T\u00fcrk milletvekilinden b"},"content":{"rendered":"<div id=\"detaymetin\">\n<p><span>\u0130srail taraf\u0131ndan al\u0131 konulan Trabzon \u00c7aykara\u2019l\u0131 \u00a0Bursa milletvekili Mehmet Atmaca T\u00fcrkiye\u2019ye d\u00f6n\u00fcyor.<\/span><\/p>\n<p><span>\u0130srail taraf\u0131ndan \u00d6zg\u00fcrl\u00fck Filosu\u2019nda al\u0131konulan \u00fc\u00e7 T\u00fcrk milletvekilinden biri olan Trabzon \u00c7aykara\u2019l\u0131 \u00a0Saadet Partisi\u00a0<\/span><a target=\"_blank\" rel=\"noopener noreferrer\" href=\"https:\/\/www.haber61.net\/haberleri\/bursa\"><span>Bursa<\/span><\/a><span>\u00a0Milletvekili Mehmet Atmaca\u2019dan sevindiren haber geldi. Atmaca ile birlikte\u00a0<\/span><a target=\"_blank\" rel=\"noopener noreferrer\" href=\"https:\/\/www.haber61.net\/haberleri\/hatay\"><span>Hatay<\/span><\/a><span>\u00a0Milletvekili Necmettin \u00c7al\u0131\u015fkan ve\u00a0<\/span><a target=\"_blank\" rel=\"noopener noreferrer\" href=\"https:\/\/www.haber61.net\/haberleri\/denizli\"><span>Denizli<\/span><\/a><span>\u00a0Milletvekili Sema Silkin \u00dcn\u2019\u00fcn Azerbaycan\u2019a s\u0131n\u0131r d\u0131\u015f\u0131 edildikleri ve bu ak\u015fam T\u00fcrkiye\u2019ye d\u00f6necekleri a\u00e7\u0131kland\u0131.<\/span><\/p>\n<p><span>Saadet Partisi taraf\u0131ndan yap\u0131lan a\u00e7\u0131klamada, \u201cGazze\u2019ye insani yard\u0131m ula\u015ft\u0131rmak amac\u0131yla yola \u00e7\u0131kan Hatay Milletvekilimiz Necmettin \u00c7al\u0131\u015fkan, Bursa Milletvekilimiz Mehmet Atmaca ve Denizli Milletvekilimiz Sema Silkin \u00dcn, \u00d6zg\u00fcrl\u00fck Filosu\u2019nda birlikte hareket ettikleri di\u011fer aktivistler serbest b\u0131rak\u0131lmadan d\u00f6nmeyi reddetmelerine ra\u011fmen, saat 12.48 itibar\u0131yla al\u0131konulduklar\u0131 \u0130srail\u2019den zorla s\u0131n\u0131r d\u0131\u015f\u0131 edilerek Azerbaycan\u2019a g\u00f6nderilmi\u015flerdir\u201d denildi.<\/span><\/p>\n<p><span>A\u00e7\u0131klamada ayr\u0131ca, Azerbaycan ile gerekli diplomatik temaslar\u0131n sa\u011fland\u0131\u011f\u0131 ve \u00fc\u00e7 milletvekilinin T\u00fcrkiye saatiyle 21.50\u2019de \u0130stanbul Havaliman\u0131\u2019na ula\u015fmalar\u0131n\u0131n \u00f6ng\u00f6r\u00fcld\u00fc\u011f\u00fc bilgisi payla\u015f\u0131ld\u0131. Saadet Partisi, \u0130srail hapishanelerinde tutulan di\u011fer aktivistlerin de g\u00fcvenli bir \u015fekilde \u00fclkelerine d\u00f6nmeleri i\u00e7in g\u00f6r\u00fc\u015fmelerin s\u00fcrd\u00fc\u011f\u00fcn\u00fc belirtti.<\/span><\/p>\n<p><span>Hat\u0131rlanaca\u011f\u0131 \u00fczere, Gazze\u2019ye insani yard\u0131m ta\u015f\u0131mak amac\u0131yla yola \u00e7\u0131kan \u00d6zg\u00fcrl\u00fck Filosu\u2019nda yer alan teknelere \u0130srail g\u00fcvenlik g\u00fc\u00e7leri m\u00fcdahale etmi\u015f, aralar\u0131nda T\u00fcrk milletvekillerinin de bulundu\u011fu bir\u00e7ok ki\u015fi g\u00f6zalt\u0131na al\u0131nm\u0131\u015ft\u0131.<\/span><\/p>\n<p>          <\/div>\n","protected":false},"excerpt":{"rendered":"<p>\u0130srail taraf\u0131ndan al\u0131 konulan Trabzon \u00c7aykara\u2019l\u0131 \u00a0Bursa milletvekili Mehmet Atmaca T\u00fcrkiye\u2019ye d\u00f6n\u00fcyor. \u0130srail taraf\u0131ndan \u00d6zg\u00fcrl\u00fck Filosu\u2019nda al\u0131konulan \u00fc\u00e7 T\u00fcrk milletvekilinden biri olan Trabzon \u00c7aykara\u2019l\u0131 \u00a0Saadet Partisi\u00a0Bursa\u00a0Milletvekili Mehmet Atmaca\u2019dan sevindiren haber geldi. Atmaca ile birlikte\u00a0Hatay\u00a0Milletvekili Necmettin \u00c7al\u0131\u015fkan ve\u00a0Denizli\u00a0Milletvekili Sema Silkin \u00dcn\u2019\u00fcn Azerbaycan\u2019a s\u0131n\u0131r d\u0131\u015f\u0131 edildikleri ve bu ak\u015fam T\u00fcrkiye\u2019ye d\u00f6necekleri a\u00e7\u0131kland\u0131. Saadet Partisi taraf\u0131ndan yap\u0131lan a\u00e7\u0131klamada, [&hellip;]<\/p>\n","protected":false},"author":1,"featured_media":5138,"comment_status":"open","ping_status":"open","sticky":false,"template":"","format":"standard","meta":{"tdm_status":"","tdm_grid_status":"","footnotes":""},"categories":[40],"tags":[],"class_list":{"0":"post-5137","1":"post","2":"type-post","3":"status-publish","4":"format-standard","5":"has-post-thumbnail","7":"category-caykara"},"_links":{"self":[{"href":"https:\/\/zeleka.com\/index.php?rest_route=\/wp\/v2\/posts\/5137","targetHints":{"allow":["GET"]}}],"collection":[{"href":"https:\/\/zeleka.com\/index.php?rest_route=\/wp\/v2\/posts"}],"about":[{"href":"https:\/\/zeleka.com\/index.php?rest_route=\/wp\/v2\/types\/post"}],"author":[{"embeddable":true,"href":"https:\/\/zeleka.com\/index.php?rest_route=\/wp\/v2\/users\/1"}],"replies":[{"embeddable":true,"href":"https:\/\/zeleka.com\/index.php?rest_route=%2Fwp%2Fv2%2Fcomments&post=5137"}],"version-history":[{"count":0,"href":"https:\/\/zeleka.com\/index.php?rest_route=\/wp\/v2\/posts\/5137\/revisions"}],"wp:featuredmedia":[{"embeddable":true,"href":"https:\/\/zeleka.com\/index.php?rest_route=\/wp\/v2\/media\/5138"}],"wp:attachment":[{"href":"https:\/\/zeleka.com\/index.php?rest_route=%2Fwp%2Fv2%2Fmedia&parent=5137"}],"wp:term":[{"taxonomy":"category","embeddable":true,"href":"https:\/\/zeleka.com\/index.php?rest_route=%2Fwp%2Fv2%2Fcategories&post=5137"},{"taxonomy":"post_tag","embeddable":true,"href":"https:\/\/zeleka.com\/index.php?rest_route=%2Fwp%2Fv2%2Ftags&post=5137"}],"curies":[{"name":"wp","href":"https:\/\/api.w.org\/{rel}","templated":true}]}}